{"id":4025,"date":"2026-09-02T17:29:22","date_gmt":"2026-09-02T15:29:22","guid":{"rendered":"http:\/\/www.elzbieta.archidiecezja.wroc.pl\/?p=4025"},"modified":"2026-09-02T17:29:33","modified_gmt":"2026-09-02T15:29:33","slug":"sierpniowy-numer-polskiego-wydania-losservatore-romano","status":"publish","type":"post","link":"http:\/\/www.elzbieta.archidiecezja.wroc.pl\/?p=4025","title":{"rendered":"Sierpniowy numer polskiego wydania L&#8217;Osservatore Romano"},"content":{"rendered":"<p>Zapraszamy do zg\u0142\u0119biania nauczania Ojca \u015awi\u0119tego Leona XIV poprzez lektur\u0119 Watyka\u0144skiego dziennika L&#8217;Osservatore Romano (wydanie polskie to miesi\u0119cznik).<\/p>\n<p><a href=\"https:\/\/opoka.org.pl\/files\/26.bkt\/08\/12\/15\/540775_LIeR_sservatore_Romano_8_484_2026.pdf\">https:\/\/opoka.org.pl\/files\/26.bkt\/08\/12\/15\/540775_LIeR_sservatore_Romano_8_484_2026.pdf<\/a><\/p>\n<p>&nbsp;<\/p>\n","protected":false},"excerpt":{"rendered":"<p>Zapraszamy do zg\u0142\u0119biania nauczania Ojca \u015awi\u0119tego Leona XIV poprzez lektur\u0119 Watyka\u0144skiego dziennika L&#8217;Osservatore Romano (wydanie polskie to miesi\u0119cznik). https:\/\/opoka.org.pl\/files\/26.bkt\/08\/12\/15\/540775_LIeR_sservatore_Romano_8_484_2026.pdf &nbsp;<\/p>\n","protected":false},"author":3,"featured_media":4026,"comment_status":"closed","ping_status":"closed","sticky":false,"template":"","format":"standard","meta":[],"categories":[2],"tags":[],"_links":{"self":[{"href":"http:\/\/www.elzbieta.archidiecezja.wroc.pl\/index.php?rest_route=\/wp\/v2\/posts\/4025"}],"collection":[{"href":"http:\/\/www.elzbieta.archidiecezja.wroc.pl\/index.php?rest_route=\/wp\/v2\/posts"}],"about":[{"href":"http:\/\/www.elzbieta.archidiecezja.wroc.pl\/index.php?rest_route=\/wp\/v2\/types\/post"}],"author":[{"embeddable":true,"href":"http:\/\/www.elzbieta.archidiecezja.wroc.pl\/index.php?rest_route=\/wp\/v2\/users\/3"}],"replies":[{"embeddable":true,"href":"http:\/\/www.elzbieta.archidiecezja.wroc.pl\/index.php?rest_route=%2Fwp%2Fv2%2Fcomments&post=4025"}],"version-history":[{"count":2,"href":"http:\/\/www.elzbieta.archidiecezja.wroc.pl\/index.php?rest_route=\/wp\/v2\/posts\/4025\/revisions"}],"predecessor-version":[{"id":4029,"href":"http:\/\/www.elzbieta.archidiecezja.wroc.pl\/index.php?rest_route=\/wp\/v2\/posts\/4025\/revisions\/4029"}],"wp:featuredmedia":[{"embeddable":true,"href":"http:\/\/www.elzbieta.archidiecezja.wroc.pl\/index.php?rest_route=\/wp\/v2\/media\/4026"}],"wp:attachment":[{"href":"http:\/\/www.elzbieta.archidiecezja.wroc.pl\/index.php?rest_route=%2Fwp%2Fv2%2Fmedia&parent=4025"}],"wp:term":[{"taxonomy":"category","embeddable":true,"href":"http:\/\/www.elzbieta.archidiecezja.wroc.pl\/index.php?rest_route=%2Fwp%2Fv2%2Fcategories&post=4025"},{"taxonomy":"post_tag","embeddable":true,"href":"http:\/\/www.elzbieta.archidiecezja.wroc.pl\/index.php?rest_route=%2Fwp%2Fv2%2Ftags&post=4025"}],"curies":[{"name":"wp","href":"https:\/\/api.w.org\/{rel}","templated":true}]}}