{"id":4022,"date":"2026-09-02T17:02:41","date_gmt":"2026-09-02T15:02:41","guid":{"rendered":"http:\/\/www.elzbieta.archidiecezja.wroc.pl\/?p=4022"},"modified":"2026-09-02T17:02:41","modified_gmt":"2026-09-02T15:02:41","slug":"mlody-czlowiek-zasluguje-na-wiecej-oswiadczenie-prezydium-konferencji-episkopatu-polski","status":"publish","type":"post","link":"http:\/\/www.elzbieta.archidiecezja.wroc.pl\/?p=4022","title":{"rendered":"&#8222;M\u0142ody cz\u0142owiek zas\u0142uguje na wi\u0119cej&#8221; &#8211; O\u015bwiadczenie Prezydium Konferencji Episkopatu Polski"},"content":{"rendered":"<p>O niezw\u0142oczne przywr\u00f3cenie w\u0142a\u015bciwego miejsca lekcjom religii w szkole oraz poszanowanie praw rodzic\u00f3w w procesie wychowania dzieci apeluje Prezydium Konferencji Episkopatu Polski. W o\u015bwiadczeniu przed rozpocz\u0119ciem nowego roku szkolnego biskupi krytycznie odnosz\u0105 si\u0119 do dzia\u0142a\u0144 Ministerstwa Edukacji Narodowej dotycz\u0105cych religii oraz obowi\u0105zkowej edukacji zdrowotnej. \u201ePa\u0144stwo powinno wspiera\u0107 rodzin\u0119 w wychowaniu, a nie przejmowa\u0107 jej podstawowych funkcji\u201d \u2013 podkre\u015blaj\u0105.<\/p>\n<p>Zach\u0119camy do zapoznania si\u0119 z tre\u015bci\u0105 dokumentu<\/p>\n<p><a href=\"https:\/\/episkopat.pl\/doc\/251604.Oswiadczenie-Prezydium-Konferencji-Episkopatu-Polski-Mlody\">https:\/\/episkopat.pl\/doc\/251604.Oswiadczenie-Prezydium-Konferencji-Episkopatu-Polski-Mlody<\/a><\/p>\n","protected":false},"excerpt":{"rendered":"<p>O niezw\u0142oczne przywr\u00f3cenie w\u0142a\u015bciwego miejsca lekcjom religii w szkole oraz poszanowanie praw rodzic\u00f3w w procesie wychowania dzieci apeluje Prezydium Konferencji Episkopatu Polski. W o\u015bwiadczeniu przed rozpocz\u0119ciem nowego roku szkolnego biskupi krytycznie odnosz\u0105 si\u0119 do dzia\u0142a\u0144 Ministerstwa Edukacji Narodowej dotycz\u0105cych religii oraz obowi\u0105zkowej edukacji zdrowotnej. \u201ePa\u0144stwo powinno wspiera\u0107 rodzin\u0119 w wychowaniu, a nie przejmowa\u0107 jej podstawowych [&hellip;]<\/p>\n","protected":false},"author":3,"featured_media":4023,"comment_status":"closed","ping_status":"closed","sticky":false,"template":"","format":"standard","meta":[],"categories":[2],"tags":[],"_links":{"self":[{"href":"http:\/\/www.elzbieta.archidiecezja.wroc.pl\/index.php?rest_route=\/wp\/v2\/posts\/4022"}],"collection":[{"href":"http:\/\/www.elzbieta.archidiecezja.wroc.pl\/index.php?rest_route=\/wp\/v2\/posts"}],"about":[{"href":"http:\/\/www.elzbieta.archidiecezja.wroc.pl\/index.php?rest_route=\/wp\/v2\/types\/post"}],"author":[{"embeddable":true,"href":"http:\/\/www.elzbieta.archidiecezja.wroc.pl\/index.php?rest_route=\/wp\/v2\/users\/3"}],"replies":[{"embeddable":true,"href":"http:\/\/www.elzbieta.archidiecezja.wroc.pl\/index.php?rest_route=%2Fwp%2Fv2%2Fcomments&post=4022"}],"version-history":[{"count":1,"href":"http:\/\/www.elzbieta.archidiecezja.wroc.pl\/index.php?rest_route=\/wp\/v2\/posts\/4022\/revisions"}],"predecessor-version":[{"id":4024,"href":"http:\/\/www.elzbieta.archidiecezja.wroc.pl\/index.php?rest_route=\/wp\/v2\/posts\/4022\/revisions\/4024"}],"wp:featuredmedia":[{"embeddable":true,"href":"http:\/\/www.elzbieta.archidiecezja.wroc.pl\/index.php?rest_route=\/wp\/v2\/media\/4023"}],"wp:attachment":[{"href":"http:\/\/www.elzbieta.archidiecezja.wroc.pl\/index.php?rest_route=%2Fwp%2Fv2%2Fmedia&parent=4022"}],"wp:term":[{"taxonomy":"category","embeddable":true,"href":"http:\/\/www.elzbieta.archidiecezja.wroc.pl\/index.php?rest_route=%2Fwp%2Fv2%2Fcategories&post=4022"},{"taxonomy":"post_tag","embeddable":true,"href":"http:\/\/www.elzbieta.archidiecezja.wroc.pl\/index.php?rest_route=%2Fwp%2Fv2%2Ftags&post=4022"}],"curies":[{"name":"wp","href":"https:\/\/api.w.org\/{rel}","templated":true}]}}