{"id":4020,"date":"2026-08-31T10:34:40","date_gmt":"2026-08-31T08:34:40","guid":{"rendered":"http:\/\/www.elzbieta.archidiecezja.wroc.pl\/?p=4020"},"modified":"2026-08-31T10:34:40","modified_gmt":"2026-08-31T08:34:40","slug":"ogloszenia-duszpasterskie-xxii-niedziela-zw-30-08-2026","status":"publish","type":"post","link":"http:\/\/www.elzbieta.archidiecezja.wroc.pl\/?p=4020","title":{"rendered":"Og\u0142oszenia Duszpasterskie XXII Niedziela zw., 30.08.2026"},"content":{"rendered":"<p>1. Dzisiaj prze\u017cywamy dwudziest\u0105 drug\u0105 niedziel\u0119 zwyk\u0142\u0105 w ci\u0105gu roku.<\/p>\n<p>2. We wtorek 1 wrze\u015bnia b\u0119dziemy obchodzi\u0107 87. rocznic\u0119 wybuchu II wojny \u015bwiatowej. Tego dnia pami\u0119tajmy w modlitwach o wszystkich, kt\u00f3rzy oddali swoje \u017cycie<br \/>\nw obronie wolno\u015bci i niepodleg\u0142o\u015bci naszej Ojczyzny.<\/p>\n<p>3. W tym tygodniu przypada pierwszy czwartek, pierwszy pi\u0105tek i pierwsza sobota miesi\u0105ca:<br \/>\n&#8211; w pierwszy czwartek zapraszamy na ca\u0142odzienn\u0105 adoracj\u0119 Naj\u015bwi\u0119tszego Sakramentu,<br \/>\n&#8211; w pierwszy pi\u0105tek zach\u0119camy do skorzystania z sakramentu pokuty i pojednania,<br \/>\n&#8211; w pierwsz\u0105 sobot\u0119 po Mszy \u015bw. porannej zapraszamy do udzia\u0142u w nabo\u017ce\u0144stwie wynagradzaj\u0105cym Niepokalanemu Sercu Maryi. Tego dnia w godzinach porannych udamy si\u0119 z pos\u0142ug\u0105 sakramentaln\u0105 do chorych z naszej parafii.<\/p>\n<p>4. W przysz\u0142\u0105 niedziel\u0119 6 wrze\u015bnia o godz. 10:00 b\u0119dzie mia\u0142a miejsce pierwsza po wakacyjnej przerwie Msza \u015bw. dla rodzin z dzie\u0107mi, podczas kt\u00f3rej zostan\u0105 po\u015bwi\u0119cone plecaki i przybory szkolne.<\/p>\n<p>5. Rozpoczynamy zapisy dzieci pragn\u0105cych przygotowa\u0107 si\u0119 w naszej parafii do I Komunii \u015bwi\u0119tej i spowiedzi. Natomiast m\u0142odzie\u017c z klas 8 i starsz\u0105 oraz doros\u0142ych zapraszamy do podj\u0119cia przygotowania do przyj\u0119cia sakramentu Bierzmowania. Ch\u0119tnych prosimy<br \/>\no zapisywanie si\u0119 w kancelarii parafialnej lub zakrystii do 4 pa\u017adziernika w\u0142\u0105cznie.<\/p>\n<p>6. Parafia \u015bw. Maurycego we Wroc\u0142awiu w ramach obchod\u00f3w 800-lecia powstania zaprasza na Oratorium o \u015bw. Maurycym \u201eFide fortis\u201d 18. wrze\u015bnia w Narodowym Forum Muzyki. Szczeg\u00f3\u0142y na plakacie.<\/p>\n<p>7. Zapraszamy do naszej bazyliki na letnie koncerty organowe w wykonaniu M\u0142odych Mistrz\u00f3w. Kolejny z cyklu w najbli\u017cszy pi\u0105tek o godz. 19:00. Wst\u0119p wolny.<\/p>\n<p>8. Solenizantom i jubilatom rozpoczynaj\u0105cego si\u0119 tygodnia \u017cyczymy zdrowia, potrzebnych \u0142ask oraz Bo\u017cego b\u0142ogos\u0142awie\u0144stwa.<\/p>\n","protected":false},"excerpt":{"rendered":"<p>1. Dzisiaj prze\u017cywamy dwudziest\u0105 drug\u0105 niedziel\u0119 zwyk\u0142\u0105 w ci\u0105gu roku. 2. We wtorek 1 wrze\u015bnia b\u0119dziemy obchodzi\u0107 87. rocznic\u0119 wybuchu II wojny \u015bwiatowej. Tego dnia pami\u0119tajmy w modlitwach o wszystkich, kt\u00f3rzy oddali swoje \u017cycie w obronie wolno\u015bci i niepodleg\u0142o\u015bci naszej Ojczyzny. 3. W tym tygodniu przypada pierwszy czwartek, pierwszy pi\u0105tek i pierwsza sobota miesi\u0105ca: &#8211; [&hellip;]<\/p>\n","protected":false},"author":3,"featured_media":0,"comment_status":"closed","ping_status":"closed","sticky":false,"template":"","format":"standard","meta":[],"categories":[35],"tags":[],"_links":{"self":[{"href":"http:\/\/www.elzbieta.archidiecezja.wroc.pl\/index.php?rest_route=\/wp\/v2\/posts\/4020"}],"collection":[{"href":"http:\/\/www.elzbieta.archidiecezja.wroc.pl\/index.php?rest_route=\/wp\/v2\/posts"}],"about":[{"href":"http:\/\/www.elzbieta.archidiecezja.wroc.pl\/index.php?rest_route=\/wp\/v2\/types\/post"}],"author":[{"embeddable":true,"href":"http:\/\/www.elzbieta.archidiecezja.wroc.pl\/index.php?rest_route=\/wp\/v2\/users\/3"}],"replies":[{"embeddable":true,"href":"http:\/\/www.elzbieta.archidiecezja.wroc.pl\/index.php?rest_route=%2Fwp%2Fv2%2Fcomments&post=4020"}],"version-history":[{"count":1,"href":"http:\/\/www.elzbieta.archidiecezja.wroc.pl\/index.php?rest_route=\/wp\/v2\/posts\/4020\/revisions"}],"predecessor-version":[{"id":4021,"href":"http:\/\/www.elzbieta.archidiecezja.wroc.pl\/index.php?rest_route=\/wp\/v2\/posts\/4020\/revisions\/4021"}],"wp:attachment":[{"href":"http:\/\/www.elzbieta.archidiecezja.wroc.pl\/index.php?rest_route=%2Fwp%2Fv2%2Fmedia&parent=4020"}],"wp:term":[{"taxonomy":"category","embeddable":true,"href":"http:\/\/www.elzbieta.archidiecezja.wroc.pl\/index.php?rest_route=%2Fwp%2Fv2%2Fcategories&post=4020"},{"taxonomy":"post_tag","embeddable":true,"href":"http:\/\/www.elzbieta.archidiecezja.wroc.pl\/index.php?rest_route=%2Fwp%2Fv2%2Ftags&post=4020"}],"curies":[{"name":"wp","href":"https:\/\/api.w.org\/{rel}","templated":true}]}}