{"id":3969,"date":"2026-05-03T10:35:57","date_gmt":"2026-05-03T08:35:57","guid":{"rendered":"http:\/\/www.elzbieta.archidiecezja.wroc.pl\/?p=3969"},"modified":"2026-05-03T10:35:58","modified_gmt":"2026-05-03T08:35:58","slug":"v-niedziela-wielkanocna-3-maja-2026-swieto-konstytucji-3-maja","status":"publish","type":"post","link":"http:\/\/www.elzbieta.archidiecezja.wroc.pl\/?p=3969","title":{"rendered":"V Niedziela Wielkanocna, 3 maja 2026, \u015awi\u0119to Konstytucji 3 maja"},"content":{"rendered":"<p>1. Dzisiaj prze\u017cywamy <span style=\"color: #ff0000;\"><strong>pi\u0105t\u0105 niedziel\u0119 wielkanocn\u0105. <\/strong><\/span>To r\u00f3wnie\u017c <span style=\"color: #ff0000;\"><strong>235. rocznica uchwalenia Konstytucji 3 \u2013 go Maja<\/strong>.<\/span> Pami\u0119tajmy o naszej polskiej to\u017csamo\u015bci oraz o szacunku wobec symboli narodowych.<\/p>\n<p>2.<strong> Rozpocz\u0119li\u015bmy miesi\u0105c<\/strong> maj \u2013 w szczeg\u00f3lny spos\u00f3b po\u015bwi\u0119cony Maryi. <span style=\"color: #ff00ff;\"><strong>Nabo\u017ce\u0144stwa majowe<\/strong><\/span> w\u00a0naszej bazylice b\u0119d\u0105 <span style=\"color: #ff00ff;\"><strong>codziennie<\/strong> <strong>o <\/strong><strong>godz. 17:30<\/strong>.<\/span><\/p>\n<p>3. <strong>W tym tygodniu przypada pierwszy czwartek, <\/strong>zapraszamy na ca\u0142odzienn\u0105 <strong>adoracj\u0119 Naj\u015bwi\u0119tszego Sakramentu<\/strong><\/p>\n<p>4.<strong> W tym tygodniu wspominamy<\/strong><strong>:<\/strong><\/p>\n<p>\u2013 w poniedzia\u0142ek <strong>wspomnienie<\/strong> <strong><em>\u015bw. Floriana<\/em><\/strong><\/p>\n<p>\u2013 we \u015brod\u0119 <strong>\u015bwi\u0119to <\/strong>\u00a0<strong><em>\u015bw. Filipa i Jakuba Aposto\u0142\u00f3w<\/em><\/strong><\/p>\n<p>\u2013 w pi\u0105tek <strong>uroczysto\u015b\u0107<\/strong><strong><em> \u015aw. Stanis\u0142awa M\u0119czennika, patrona Polski<\/em><\/strong><em>.<\/em><\/p>\n<p>5. W <span style=\"color: #ff00ff;\"><strong>przysz\u0142\u0105 niedziel\u0119<\/strong> <\/span>zach\u0119camy do udzia\u0142u w inicjatywie <strong><span style=\"color: #ff00ff;\">Marsz dla \u017bycia i Rodziny<\/span>. <\/strong>Wydarzenie to rozpocznie si\u0119 w naszej bazylice <strong>Msz\u0105 \u015bwi\u0119t\u0105 o godz. 12.00.<\/strong> Tu\u017c po niej rozpocznie si\u0119 marsz, kt\u00f3ry ruszy z placu przed Bazylik\u0105. Zako\u0144czy si\u0119 on pod katedr\u0105 wroc\u0142awsk\u0105<strong>. I<span style=\"color: #ff00ff;\">nformacje o wydarzeniu mo\u017cna znale\u017a\u0107 na plakatach.<\/span><\/strong><\/p>\n<p>6<strong>. <\/strong>Dzi\u015b wolontariusze <span style=\"color: #ff0000;\"><strong>parafialnego Caritas<\/strong><\/span> zbieraj\u0105 do puszek <strong>ofiary na pomoc dla\u00a0rodzin w trudnej sytuacji materialnej. <\/strong>Ofiarodawcom sk\u0142adamy serdeczne podzi\u0119kowania.<\/p>\n<p><em>7. <\/em><strong>31 maja o godz.\u00a012.00 w niedziel\u0119 <\/strong><strong>serdecznie<\/strong> zapraszamy naszych parafian, przyjaci\u00f3\u0142 i\u00a0sympatyk\u00f3w <strong>na obchody 29. rocznicy, <\/strong><strong>kiedy \u015awi\u0119ty Jan Pawe\u0142 II podczas V Pielgrzymki do Ojczyzny w czasie Mi\u0119dzynarodowego Kongresu Eucharystycznego dokona\u0142 po\u015bwi\u0119cenia naszego odbudowanego Ko\u015bcio\u0142a Garnizonowego, a w roku 2003 podni\u00f3s\u0142 \u015bwi\u0105tyni\u0119 do godno\u015bci Bazyliki Mniejszej.<\/strong> Chcemy r\u00f3wnie\u017c z rado\u015bci\u0105 poinformowa\u0107, \u017ce <span style=\"color: #ff0000;\"><strong>decyzj\u0105 Biskupa Polowego oraz za zgod\u0105 Arcybiskupa Wroc\u0142awskiego, nast\u0105pi erygowanie Sanktuarium ku czci \u015bw. Jana Paw\u0142a II w naszej Bazylice<\/strong><\/span>. Od tego dnia wierni Ordynariatu Polowego Wojska Polskiego oraz wroc\u0142awscy diecezjanie b\u0119d\u0105 mieli szczeg\u00f3lne miejsce kultu naszego \u015awi\u0119tego Rodaka.<\/p>\n<p>Uroczystej Mszy \u015bw. z opraw\u0105 wojskow\u0105 i udzieleniem sakramentu bierzmowania b\u0119d\u0105 celebrowa\u0107\u00a0<strong>B<span style=\"color: #ff0000;\">iskup Polowy Wojska Polskiego Wies\u0142aw LECHOWICZ oraz Arcybiskup Metropolita Wroc\u0142awski J\u00d3ZEF KUPNY. <\/span><\/strong><\/p>\n<p>8.<span style=\"color: #ff0000;\"><strong> Solenizantom i jubilatom <\/strong><\/span>rozpoczynaj\u0105cego si\u0119 tygodnia \u017cyczymy zdrowia, potrzebnych \u0142ask oraz Bo\u017cego b\u0142ogos\u0142awie\u0144stwa.<\/p>\n<p>&nbsp;<\/p>\n<p><span style=\"color: #ff0000;\"><strong>NIECH B\u00d3G BOGATY W MI\u0141OSIERDZIE<br \/>\nHOJNIE OBDARZY NAS\u00a0 <\/strong><strong>SWOJ\u0104 \u0141ASK\u0104 I ZMI\u0141OWANIEM<\/strong><\/span><\/p>\n","protected":false},"excerpt":{"rendered":"<p>1. Dzisiaj prze\u017cywamy pi\u0105t\u0105 niedziel\u0119 wielkanocn\u0105. To r\u00f3wnie\u017c 235. rocznica uchwalenia Konstytucji 3 \u2013 go Maja. Pami\u0119tajmy o naszej polskiej to\u017csamo\u015bci oraz o szacunku wobec symboli narodowych. 2. Rozpocz\u0119li\u015bmy miesi\u0105c maj \u2013 w szczeg\u00f3lny spos\u00f3b po\u015bwi\u0119cony Maryi. Nabo\u017ce\u0144stwa majowe w\u00a0naszej bazylice b\u0119d\u0105 codziennie o godz. 17:30. 3. W tym tygodniu przypada pierwszy czwartek, zapraszamy na [&hellip;]<\/p>\n","protected":false},"author":3,"featured_media":3788,"comment_status":"closed","ping_status":"closed","sticky":false,"template":"","format":"standard","meta":[],"categories":[35],"tags":[],"_links":{"self":[{"href":"http:\/\/www.elzbieta.archidiecezja.wroc.pl\/index.php?rest_route=\/wp\/v2\/posts\/3969"}],"collection":[{"href":"http:\/\/www.elzbieta.archidiecezja.wroc.pl\/index.php?rest_route=\/wp\/v2\/posts"}],"about":[{"href":"http:\/\/www.elzbieta.archidiecezja.wroc.pl\/index.php?rest_route=\/wp\/v2\/types\/post"}],"author":[{"embeddable":true,"href":"http:\/\/www.elzbieta.archidiecezja.wroc.pl\/index.php?rest_route=\/wp\/v2\/users\/3"}],"replies":[{"embeddable":true,"href":"http:\/\/www.elzbieta.archidiecezja.wroc.pl\/index.php?rest_route=%2Fwp%2Fv2%2Fcomments&post=3969"}],"version-history":[{"count":1,"href":"http:\/\/www.elzbieta.archidiecezja.wroc.pl\/index.php?rest_route=\/wp\/v2\/posts\/3969\/revisions"}],"predecessor-version":[{"id":3970,"href":"http:\/\/www.elzbieta.archidiecezja.wroc.pl\/index.php?rest_route=\/wp\/v2\/posts\/3969\/revisions\/3970"}],"wp:featuredmedia":[{"embeddable":true,"href":"http:\/\/www.elzbieta.archidiecezja.wroc.pl\/index.php?rest_route=\/wp\/v2\/media\/3788"}],"wp:attachment":[{"href":"http:\/\/www.elzbieta.archidiecezja.wroc.pl\/index.php?rest_route=%2Fwp%2Fv2%2Fmedia&parent=3969"}],"wp:term":[{"taxonomy":"category","embeddable":true,"href":"http:\/\/www.elzbieta.archidiecezja.wroc.pl\/index.php?rest_route=%2Fwp%2Fv2%2Fcategories&post=3969"},{"taxonomy":"post_tag","embeddable":true,"href":"http:\/\/www.elzbieta.archidiecezja.wroc.pl\/index.php?rest_route=%2Fwp%2Fv2%2Ftags&post=3969"}],"curies":[{"name":"wp","href":"https:\/\/api.w.org\/{rel}","templated":true}]}}