{"id":3924,"date":"2026-01-25T09:41:27","date_gmt":"2026-01-25T08:41:27","guid":{"rendered":"http:\/\/www.elzbieta.archidiecezja.wroc.pl\/?p=3924"},"modified":"2026-01-25T09:41:27","modified_gmt":"2026-01-25T08:41:27","slug":"iii-niedziela-zwykla-25-stycznia-2026-niedziela-slowa-bozego","status":"publish","type":"post","link":"http:\/\/www.elzbieta.archidiecezja.wroc.pl\/?p=3924","title":{"rendered":"III niedziela Zwyk\u0142a 25 stycznia 2026, Niedziela S\u0142owa Bo\u017cego"},"content":{"rendered":"<p>1.<strong> Dzisia<\/strong>j prze\u017cywamy\u00a0<span style=\"color: #ffcc00;\"><strong>Niedziel\u0119 S\u0142owa Bo\u017cego<\/strong><\/span>, pod has\u0142em&#8221; <em><strong>S\u0142owo Chrystusa niech mieszka w was&#8221; (Kol 3,16).<\/strong><\/em> Przypominamy, \u017ce ka\u017cdego dnia p\u00f3\u0142godzinna lektura Pisma \u015awi\u0119tego\u00a0\u00a0\u00a0\u00a0\u00a0\u00a0\u00a0\u00a0 pozwala\u00a0\u00a0\u00a0\u00a0\u00a0 uzyska\u0107\u00a0\u00a0\u00a0\u00a0\u00a0 odpust\u00a0\u00a0\u00a0\u00a0\u00a0\u00a0\u00a0 zupe\u0142ny pod zwyk\u0142ymi warunkami, a kr\u00f3tsza odpust cz\u0105stkowy.<\/p>\n<p>2. Dzisiaj o godz. 16.30 odb\u0119dzie si\u0119 koncert pt. \u201eZwiastuj\u0119 Wam rado\u015b\u0107 wielk\u0105\u201d w wykonaniu ch\u00f3ru kameralnego \u201eAngelicus\u201d. Serdecznie zapraszamy.<\/p>\n<p>3<strong>. <\/strong><span style=\"color: #ffcc00;\"><strong>W przysz\u0142\u0105 niedziel\u0119 1 lutego<\/strong> <strong>ofiary z\u0142o\u017cone na<\/strong> <\/span><strong><span style=\"color: #ffcc00;\">tac\u0119<\/span> <\/strong>zostan\u0105 przeznaczone na wparcie zakon\u00f3w kontemplacyjnych, poniewa\u017c w poniedzia\u0142ek <strong>2 lutego <\/strong>b\u0119dziemy prze\u017cywa\u0107\u00a0<strong>Ofiarowanie Pa\u0144skie<\/strong>, nazywane r\u00f3wnie\u017c \u015bwi\u0119tem <strong>Matki Bo\u017cej Gromnicznej<\/strong>.\u00a0 <strong>Tego dnia <\/strong>obchodzimy\u00a0<strong>\u015awiatowy Dzie\u0144 \u017bycia Konsekrowanego.<\/strong> Dzi\u0119kujemy Panu Bogu za powo\u0142ania do \u017cycia zakonnego w\u00a0Ko\u015bciele, za siostry i braci zakonnych i\u00a0inne osoby konsekrowane.<\/p>\n<p>4. <strong>W tym tygodniu wspominamy<\/strong><strong>:<\/strong><\/p>\n<p>&#8211; w poniedzia\u0142ek <strong>\u015bw. Tymoteusza i Tutusa<\/strong><\/p>\n<p>\u2013 we \u015brod\u0119 <strong><em>\u015bw. Tomasza z Akwinu<\/em><\/strong><em>,<\/em><\/p>\n<p>\u2013 w sobot\u0119 <strong><em>\u015bw. Jana Bosko<\/em><\/strong><em>.<\/em><\/p>\n<p>5. <span style=\"color: #ff0000;\"><strong>Solenizantom i jubilatom <\/strong><\/span>rozpoczynaj\u0105cego si\u0119 tygodnia \u017cyczymy zdrowia, potrzebnych \u0142ask oraz Bo\u017cego b\u0142ogos\u0142awie\u0144stwa.<\/p>\n<p>&nbsp;<\/p>\n<p><span style=\"color: #ff0000;\"><strong>NIECH WIERNO\u015a\u0106 CHRYSTUSOWI POMAGA NAM<br \/>\nW D\u0104\u017bENIU DO \u015aWI\u0118TO\u015aCI<\/strong><\/span><\/p>\n","protected":false},"excerpt":{"rendered":"<p>1. Dzisiaj prze\u017cywamy\u00a0Niedziel\u0119 S\u0142owa Bo\u017cego, pod has\u0142em&#8221; S\u0142owo Chrystusa niech mieszka w was&#8221; (Kol 3,16). Przypominamy, \u017ce ka\u017cdego dnia p\u00f3\u0142godzinna lektura Pisma \u015awi\u0119tego\u00a0\u00a0\u00a0\u00a0\u00a0\u00a0\u00a0\u00a0 pozwala\u00a0\u00a0\u00a0\u00a0\u00a0 uzyska\u0107\u00a0\u00a0\u00a0\u00a0\u00a0 odpust\u00a0\u00a0\u00a0\u00a0\u00a0\u00a0\u00a0 zupe\u0142ny pod zwyk\u0142ymi warunkami, a kr\u00f3tsza odpust cz\u0105stkowy. 2. Dzisiaj o godz. 16.30 odb\u0119dzie si\u0119 koncert pt. \u201eZwiastuj\u0119 Wam rado\u015b\u0107 wielk\u0105\u201d w wykonaniu ch\u00f3ru kameralnego \u201eAngelicus\u201d. Serdecznie zapraszamy. 3. [&hellip;]<\/p>\n","protected":false},"author":3,"featured_media":3212,"comment_status":"closed","ping_status":"closed","sticky":false,"template":"","format":"standard","meta":[],"categories":[35],"tags":[],"_links":{"self":[{"href":"http:\/\/www.elzbieta.archidiecezja.wroc.pl\/index.php?rest_route=\/wp\/v2\/posts\/3924"}],"collection":[{"href":"http:\/\/www.elzbieta.archidiecezja.wroc.pl\/index.php?rest_route=\/wp\/v2\/posts"}],"about":[{"href":"http:\/\/www.elzbieta.archidiecezja.wroc.pl\/index.php?rest_route=\/wp\/v2\/types\/post"}],"author":[{"embeddable":true,"href":"http:\/\/www.elzbieta.archidiecezja.wroc.pl\/index.php?rest_route=\/wp\/v2\/users\/3"}],"replies":[{"embeddable":true,"href":"http:\/\/www.elzbieta.archidiecezja.wroc.pl\/index.php?rest_route=%2Fwp%2Fv2%2Fcomments&post=3924"}],"version-history":[{"count":1,"href":"http:\/\/www.elzbieta.archidiecezja.wroc.pl\/index.php?rest_route=\/wp\/v2\/posts\/3924\/revisions"}],"predecessor-version":[{"id":3925,"href":"http:\/\/www.elzbieta.archidiecezja.wroc.pl\/index.php?rest_route=\/wp\/v2\/posts\/3924\/revisions\/3925"}],"wp:featuredmedia":[{"embeddable":true,"href":"http:\/\/www.elzbieta.archidiecezja.wroc.pl\/index.php?rest_route=\/wp\/v2\/media\/3212"}],"wp:attachment":[{"href":"http:\/\/www.elzbieta.archidiecezja.wroc.pl\/index.php?rest_route=%2Fwp%2Fv2%2Fmedia&parent=3924"}],"wp:term":[{"taxonomy":"category","embeddable":true,"href":"http:\/\/www.elzbieta.archidiecezja.wroc.pl\/index.php?rest_route=%2Fwp%2Fv2%2Fcategories&post=3924"},{"taxonomy":"post_tag","embeddable":true,"href":"http:\/\/www.elzbieta.archidiecezja.wroc.pl\/index.php?rest_route=%2Fwp%2Fv2%2Ftags&post=3924"}],"curies":[{"name":"wp","href":"https:\/\/api.w.org\/{rel}","templated":true}]}}