{"id":3920,"date":"2026-01-10T17:47:07","date_gmt":"2026-01-10T16:47:07","guid":{"rendered":"http:\/\/www.elzbieta.archidiecezja.wroc.pl\/?p=3920"},"modified":"2026-01-10T17:47:07","modified_gmt":"2026-01-10T16:47:07","slug":"niedziela-chrztu-panskiego-11-stycznia-2026","status":"publish","type":"post","link":"http:\/\/www.elzbieta.archidiecezja.wroc.pl\/?p=3920","title":{"rendered":"Niedziela Chrztu Pa\u0144skiego, 11 stycznia 2026"},"content":{"rendered":"<p>1. Dzisiaj obchodzimy <span style=\"color: #ff0000;\"><strong>Niedziel\u0119 Chrztu Pa\u0144skiego<\/strong><strong>, kt\u00f3ra <\/strong><\/span>ko\u0144czy okres Narodzenia Pa\u0144skiego. Jednak zgodnie z polsk\u0105 tradycj\u0105, przed\u0142u\u017camy \u015bpiewanie kol\u0119d oraz\u00a0bo\u017conarodzeniowy wystr\u00f3j naszej \u015bwi\u0105tyni do 2 lutego, czyli do\u00a0<span style=\"color: #ff0000;\"><strong>\u015awi\u0119ta <em>Ofiarowania Pa\u0144skiego<\/em><\/strong>.<\/span><\/p>\n<p>2.W sobot\u0119 wspominamy <strong><em>\u015bw. Antoniego<\/em><\/strong><em> \u2013 opata.<\/em><\/p>\n<p><em>3. <\/em>Do \u015brody 14 stycznia trwa wizyta duszpasterska w naszej Parafii. Serdecznie dzi\u0119kujemy za otwarto\u015b\u0107, wsp\u00f3ln\u0105 modlitw\u0119 oraz mi\u0142e spotkanie. <span style=\"color: #ff0000;\"><strong>Osoby, kt\u00f3re chcia\u0142yby jeszcze zaprosi\u0107 na \u201ekol\u0119d\u0119\u201d, <\/strong><strong>prosimy o zg\u0142oszenie si\u0119 do zakrystii lub kancelarii parafialnej.<\/strong><\/span><\/p>\n<p>4.W <span style=\"color: #ff0000;\"><strong>pi\u0105tek<\/strong> <strong>16 stycznia o godz. 19:15<\/strong> <\/span><strong><span style=\"color: #ff0000;\">w\u00a0naszej Bazylice<\/span> <\/strong>odb\u0119dzie si\u0119 koncert \u015bwi\u0105teczno-noworoczny z najpi\u0119kniejszymi kol\u0119dami i pastora\u0142kami, w wykonaniu Ch\u00f3ru Uniwersytetu Wroc\u0142awskiego \u201eGaudium\u201d i Reprezentacyjnej Orkiestry Wojsk L\u0105dowych z Wroc\u0142awia, go\u015bciem specjalnym b\u0119dzie Andrzej Cierniewski. Ju\u017c teraz serdecznie zapraszamy na to wydarzenie. Wst\u0119p wolny<\/p>\n<p><em>5. <\/em>Podczas ostatniej kwesty wolontariusze parafialnego <strong>Caritas<\/strong> zebrali do\u00a0puszek ofiary na kwot\u0119 <strong>1887 z\u0142<\/strong>. <strong>B\u00f3g zap\u0142a\u0107 za z\u0142o\u017cone ofiary<\/strong>.<\/p>\n<p>6.<strong><span style=\"color: #000000;\"> Solenizantom i jubilatom <\/span><\/strong><span style=\"color: #000000;\">rozpoczynaj\u0105cego si\u0119 tygodnia \u017cyczymy zdrowia, potrzebnych \u0142ask oraz Bo\u017cego b\u0142ogos\u0142awie\u0144stwa.<\/span><\/p>\n<p>&nbsp;<\/p>\n<p><span style=\"color: #ff0000;\"><strong>NIECH BO\u017bE B\u0141OGOS\u0141AWIE\u0143STWO UMACNIA NAS W DOBRYM \u017bYCIU<\/strong><\/span><\/p>\n","protected":false},"excerpt":{"rendered":"<p>1. Dzisiaj obchodzimy Niedziel\u0119 Chrztu Pa\u0144skiego, kt\u00f3ra ko\u0144czy okres Narodzenia Pa\u0144skiego. Jednak zgodnie z polsk\u0105 tradycj\u0105, przed\u0142u\u017camy \u015bpiewanie kol\u0119d oraz\u00a0bo\u017conarodzeniowy wystr\u00f3j naszej \u015bwi\u0105tyni do 2 lutego, czyli do\u00a0\u015awi\u0119ta Ofiarowania Pa\u0144skiego. 2.W sobot\u0119 wspominamy \u015bw. Antoniego \u2013 opata. 3. Do \u015brody 14 stycznia trwa wizyta duszpasterska w naszej Parafii. Serdecznie dzi\u0119kujemy za otwarto\u015b\u0107, wsp\u00f3ln\u0105 modlitw\u0119 oraz [&hellip;]<\/p>\n","protected":false},"author":3,"featured_media":1270,"comment_status":"closed","ping_status":"closed","sticky":false,"template":"","format":"standard","meta":[],"categories":[35],"tags":[],"_links":{"self":[{"href":"http:\/\/www.elzbieta.archidiecezja.wroc.pl\/index.php?rest_route=\/wp\/v2\/posts\/3920"}],"collection":[{"href":"http:\/\/www.elzbieta.archidiecezja.wroc.pl\/index.php?rest_route=\/wp\/v2\/posts"}],"about":[{"href":"http:\/\/www.elzbieta.archidiecezja.wroc.pl\/index.php?rest_route=\/wp\/v2\/types\/post"}],"author":[{"embeddable":true,"href":"http:\/\/www.elzbieta.archidiecezja.wroc.pl\/index.php?rest_route=\/wp\/v2\/users\/3"}],"replies":[{"embeddable":true,"href":"http:\/\/www.elzbieta.archidiecezja.wroc.pl\/index.php?rest_route=%2Fwp%2Fv2%2Fcomments&post=3920"}],"version-history":[{"count":1,"href":"http:\/\/www.elzbieta.archidiecezja.wroc.pl\/index.php?rest_route=\/wp\/v2\/posts\/3920\/revisions"}],"predecessor-version":[{"id":3921,"href":"http:\/\/www.elzbieta.archidiecezja.wroc.pl\/index.php?rest_route=\/wp\/v2\/posts\/3920\/revisions\/3921"}],"wp:featuredmedia":[{"embeddable":true,"href":"http:\/\/www.elzbieta.archidiecezja.wroc.pl\/index.php?rest_route=\/wp\/v2\/media\/1270"}],"wp:attachment":[{"href":"http:\/\/www.elzbieta.archidiecezja.wroc.pl\/index.php?rest_route=%2Fwp%2Fv2%2Fmedia&parent=3920"}],"wp:term":[{"taxonomy":"category","embeddable":true,"href":"http:\/\/www.elzbieta.archidiecezja.wroc.pl\/index.php?rest_route=%2Fwp%2Fv2%2Fcategories&post=3920"},{"taxonomy":"post_tag","embeddable":true,"href":"http:\/\/www.elzbieta.archidiecezja.wroc.pl\/index.php?rest_route=%2Fwp%2Fv2%2Ftags&post=3920"}],"curies":[{"name":"wp","href":"https:\/\/api.w.org\/{rel}","templated":true}]}}