{"id":3904,"date":"2025-12-20T10:41:00","date_gmt":"2025-12-20T09:41:00","guid":{"rendered":"http:\/\/www.elzbieta.archidiecezja.wroc.pl\/?p=3904"},"modified":"2025-12-20T10:41:00","modified_gmt":"2025-12-20T09:41:00","slug":"iv-niedziela-adwentu-21-grudnia-2025-r","status":"publish","type":"post","link":"http:\/\/www.elzbieta.archidiecezja.wroc.pl\/?p=3904","title":{"rendered":"IV Niedziela Adwentu, 21 grudnia 2025 r."},"content":{"rendered":"<p>1. Dzi\u015b prze\u017cywamy <span style=\"color: #800080;\"><strong>IV Niedziel\u0119 Adwentu<\/strong>.<\/span><\/p>\n<p>2. Kupuj\u0105c \u015bwiece Caritas mo\u017cna jeszcze wesprze\u0107 dzieci z ubogich rodzin w ramach akcji <strong><span style=\"color: #ff0000;\">\u201eWigilijne dzie\u0142o pomocy dzieciom\u201d<\/span><em>.<\/em><\/strong> Zach\u0119camy r\u00f3wnie\u017c do nabycia <span style=\"color: #00ff00;\"><strong>po\u015bwi\u0119conych op\u0142atk\u00f3w<\/strong><\/span>, kt\u00f3re wraz ze <span style=\"color: #ff0000;\"><strong>\u015bwiecami Caritas<\/strong><\/span> s\u0105 dost\u0119pne przy wyj\u015bciu z\u00a0Bazyliki oraz w zakrystii.<\/p>\n<p>3. Zapraszamy na <span style=\"color: #0000ff;\"><strong>ostatnie <\/strong><strong>Msze \u015bw. roratnie<\/strong> <\/span>w poniedzia\u0142ek, wtorek oraz we \u015brod\u0119 o\u00a0<span style=\"color: #0000ff;\"><strong>godz.\u00a07:00<\/strong>.<\/span><\/p>\n<p>4.<span style=\"color: #00ff00;\"><strong> Liturgiczne obchody <\/strong><\/span>pami\u0105tki<strong><span style=\"color: #00ff00;\"> Narodzenia Chrystusa<\/span> <\/strong>rozpoczniemy od <span style=\"color: #ff0000;\"><strong>Pasterki<\/strong><\/span>, czyli Mszy \u015bw. <span style=\"color: #ff0000;\"><strong>o p\u00f3\u0142nocy <\/strong><strong>z 24 na 25 grudnia<\/strong><\/span>, na kt\u00f3r\u0105 bardzo serdecznie zapraszamy. W zwi\u0105zku z\u00a0tym, \u017ce\u00a0wieczorem tradycyjnie zasi\u0105dziemy do wigilijnego sto\u0142u,<br \/>\n<span style=\"color: #ff0000;\"><strong>24 grudnia<\/strong> <strong><u>nie b\u0119dzie\u00a0<\/u><\/strong><strong>Mszy \u015bw. o\u00a0godz.\u00a018:00<\/strong>.<\/span><\/p>\n<p>5. <strong><span style=\"color: #00ff00;\">W<\/span> <\/strong>uroczysto\u015b\u0107 <span style=\"color: #00ff00;\"><strong>Bo\u017cego Narodzenia <\/strong><strong>(25.12.)<\/strong><\/span> oraz w <span style=\"color: #ff0000;\"><strong>II Dzie\u0144 \u015awi\u0105t<\/strong> (<strong>\u015bw. Szczepana) (26.12.)<\/strong><\/span> obowi\u0105zuje\u00a0<span style=\"color: #339966;\"><strong><u>niedzielny <\/u><\/strong><strong>porz\u0105dek Mszy \u015awi\u0119tych<\/strong>.<\/span><\/p>\n<p>6. Dla podkre\u015blenia \u015bwi\u0105tecznego charakteru Oktawy Bo\u017cego Narodzenia <strong><span style=\"color: #ff0000;\">Biskup Polowy Wojska Polskiego Wies\u0142aw LECHOWICZ oraz Arcybiskup Wroc\u0142awski J\u00f3zef KUPNY<\/span> <\/strong>udzielili wszystkim wiernym Ordynariatu Polowego oraz diecezjanom dyspensy od obowi\u0105zku zachowania wstrzemi\u0119\u017aliwo\u015bci od\u00a0spo\u017cywania pokarm\u00f3w mi\u0119snych w\u00a0pi\u0105tek <strong><span style=\"color: #ff0000;\">26 grudnia.<\/span><\/strong><\/p>\n<p>7. <strong>W tym tygodniu wspominamy:<\/strong><\/p>\n<p>&#8211; w sobot\u0119 <em>\u015bw. Jana Aposto\u0142a i Ewangelist\u0119<\/em><\/p>\n<p>8. <strong><span style=\"color: #00ff00;\">W przysz\u0142\u0105 niedziel\u0119 28 grudnia<\/span><\/strong> b\u0119dziemy obchodzi\u0107 <span style=\"color: #ff0000;\"><strong>\u015bwi\u0119to<\/strong> <strong>\u015awi\u0119tej Rodziny: Jezusa, Maryi i J\u00f3zefa<\/strong>,<\/span> zapraszamy do wsp\u00f3lnej modlitwy w intencji naszych Rodzin. Tego dnia szczeg\u00f3lnie zapraszamy na <span style=\"color: #ff0000;\"><strong>Msz\u0119 \u015bw. o godzinie 12:00<\/strong> <strong>Ko\u0144cz\u0105c\u0105 obchody Zwyczajnego Roku Jubileuszowego 2025.<\/strong><\/span><\/p>\n<p>9.<span style=\"color: #ff0000;\"><strong> Dzi\u0119kujemy <\/strong><\/span>wszystkim, kt\u00f3rzy w czasie adwentu swoimi ofiarami przyczynili si\u0119<br \/>\ndo wsparcia potrzebuj\u0105cych i biednych z naszej Parafii.<\/p>\n<p><em>10. Z rado\u015bci\u0105 informujemy, \u017ce po d\u0142ugotrwa\u0142ym procesie wyboru wykonawcy, opracowaniu programu konserwatorskiego oraz uzyskaniu stosownych pozwole\u0144, <\/em><em><strong>rozpoczynamy prace zwi\u0105zane z generalnym remontem o\u0142tarza g\u0142\u00f3wnego naszej Bazylice.<\/strong><\/em><em> O czym \u015b<\/em>wiadcz\u0105 ustawione rusztowania. Mamy nadziej\u0119, \u017ce prace przebiegn\u0105 sprawnie i bezproblemowo, a w nied\u0142ugim czasie b\u0119dziemy mogli cieszy\u0107 si\u0119 odrestaurowanym dzie\u0142em. <strong>Serdecznie dzi\u0119kujemy<\/strong> parafianom oraz go\u015bciom i turystom za sk\u0142adane ofiary podczas Mszy \u015bwi\u0119tej i zwiedzania \u015bwi\u0105tyni, kt\u00f3re przeznaczamy na sfinansowanie prac remontowych.<\/p>\n<p>11.<span style=\"color: #ff0000;\"><strong> Solenizantom i jubilatom <\/strong><\/span>rozpoczynaj\u0105cego si\u0119 tygodnia \u017cyczymy zdrowia, potrzebnych \u0142ask oraz Bo\u017cego b\u0142ogos\u0142awie\u0144stwa.<\/p>\n<p>&nbsp;<\/p>\n<p><span style=\"color: #ffcc00;\"><strong>NA CZAS RADOSNYCH SPOTKA\u0143 PRZY WIGILIJNYM STOLE<\/strong><\/span><\/p>\n<p><span style=\"color: #ffcc00;\"><strong>PRZYJMIJCIE DAR BO\u017bEGO B\u0141OGOS\u0141AWIE\u0143STWA<\/strong><\/span><\/p>\n","protected":false},"excerpt":{"rendered":"<p>1. Dzi\u015b prze\u017cywamy IV Niedziel\u0119 Adwentu. 2. Kupuj\u0105c \u015bwiece Caritas mo\u017cna jeszcze wesprze\u0107 dzieci z ubogich rodzin w ramach akcji \u201eWigilijne dzie\u0142o pomocy dzieciom\u201d. Zach\u0119camy r\u00f3wnie\u017c do nabycia po\u015bwi\u0119conych op\u0142atk\u00f3w, kt\u00f3re wraz ze \u015bwiecami Caritas s\u0105 dost\u0119pne przy wyj\u015bciu z\u00a0Bazyliki oraz w zakrystii. 3. Zapraszamy na ostatnie Msze \u015bw. roratnie w poniedzia\u0142ek, wtorek oraz we [&hellip;]<\/p>\n","protected":false},"author":3,"featured_media":3531,"comment_status":"closed","ping_status":"closed","sticky":false,"template":"","format":"standard","meta":[],"categories":[35],"tags":[],"_links":{"self":[{"href":"http:\/\/www.elzbieta.archidiecezja.wroc.pl\/index.php?rest_route=\/wp\/v2\/posts\/3904"}],"collection":[{"href":"http:\/\/www.elzbieta.archidiecezja.wroc.pl\/index.php?rest_route=\/wp\/v2\/posts"}],"about":[{"href":"http:\/\/www.elzbieta.archidiecezja.wroc.pl\/index.php?rest_route=\/wp\/v2\/types\/post"}],"author":[{"embeddable":true,"href":"http:\/\/www.elzbieta.archidiecezja.wroc.pl\/index.php?rest_route=\/wp\/v2\/users\/3"}],"replies":[{"embeddable":true,"href":"http:\/\/www.elzbieta.archidiecezja.wroc.pl\/index.php?rest_route=%2Fwp%2Fv2%2Fcomments&post=3904"}],"version-history":[{"count":1,"href":"http:\/\/www.elzbieta.archidiecezja.wroc.pl\/index.php?rest_route=\/wp\/v2\/posts\/3904\/revisions"}],"predecessor-version":[{"id":3905,"href":"http:\/\/www.elzbieta.archidiecezja.wroc.pl\/index.php?rest_route=\/wp\/v2\/posts\/3904\/revisions\/3905"}],"wp:featuredmedia":[{"embeddable":true,"href":"http:\/\/www.elzbieta.archidiecezja.wroc.pl\/index.php?rest_route=\/wp\/v2\/media\/3531"}],"wp:attachment":[{"href":"http:\/\/www.elzbieta.archidiecezja.wroc.pl\/index.php?rest_route=%2Fwp%2Fv2%2Fmedia&parent=3904"}],"wp:term":[{"taxonomy":"category","embeddable":true,"href":"http:\/\/www.elzbieta.archidiecezja.wroc.pl\/index.php?rest_route=%2Fwp%2Fv2%2Fcategories&post=3904"},{"taxonomy":"post_tag","embeddable":true,"href":"http:\/\/www.elzbieta.archidiecezja.wroc.pl\/index.php?rest_route=%2Fwp%2Fv2%2Ftags&post=3904"}],"curies":[{"name":"wp","href":"https:\/\/api.w.org\/{rel}","templated":true}]}}