{"id":3894,"date":"2025-11-28T11:06:50","date_gmt":"2025-11-28T10:06:50","guid":{"rendered":"http:\/\/www.elzbieta.archidiecezja.wroc.pl\/?p=3894"},"modified":"2025-11-28T11:06:50","modified_gmt":"2025-11-28T10:06:50","slug":"30-listopada-2025-i-niedziela-adwentu","status":"publish","type":"post","link":"http:\/\/www.elzbieta.archidiecezja.wroc.pl\/?p=3894","title":{"rendered":"30 listopada 2025 I niedziela ADWENTU"},"content":{"rendered":"<p>1. Dzisiejsza niedziela rozpoczyna nowy rok liturgiczny pod has\u0142em: <strong>\u201e<\/strong><strong>Uczniowie &#8211; Misjonarze\u201d. <\/strong><\/p>\n<p>Jest to jednocze\u015bnie\u00a0<span style=\"color: #333399;\"><strong>pierwszy dzie\u0144 <\/strong><strong>adwentu<\/strong><\/span>, dlatego serdecznie zapraszamy na\u00a0<span style=\"color: #ff00ff;\"><strong>Msze \u015bw. roratnie<\/strong><\/span>, kt\u00f3re b\u0119d\u0105 celebrowane w\u00a0naszej Bazylice <strong>o<span style=\"color: #ff0000;\">d poniedzia\u0142ku do pi\u0105tku o<\/span><\/strong><span style=\"color: #ff0000;\">\u00a0<strong>godz. 7:00 <\/strong><strong>oraz\u00a0w\u00a0soboty o <\/strong><strong>godz. 8:00<\/strong><\/span>. Zach\u0119camy do\u00a0przynoszenia ze sob\u0105 \u015bwiec lub\u00a0lampion\u00f3w. Niech nie zabraknie w tym czasie podejmowanych dobrowolnych umartwie\u0144 oraz uczynk\u00f3w mi\u0142osierdzia, do\u00a0kt\u00f3rych nale\u017cy wsparcie dla dzieci z ubogich rodzin\u00a0w ramach akcji <span style=\"color: #ff0000;\"><em><strong>\u201eWigilijne dzie\u0142o pomocy dzieciom\u201d<\/strong><\/em><em>. <\/em><\/span><span style=\"color: #ff9900;\"><strong>\u015awiece Caritas<\/strong><\/span> oraz <span style=\"color: #ff9900;\"><strong>po\u015bwi\u0119cone op\u0142atki<\/strong> <\/span>s\u0105 do nabycia przy wyj\u015bciu z bazyliki oraz w zakrystii.<\/p>\n<p>2. W tym tygodniu przypada<strong> pierwszy czwartek, pierwszy pi\u0105tek i pierwsza sobota<\/strong> <strong>miesi\u0105ca<\/strong>:<\/p>\n<p>&#8211; <span style=\"color: #ffcc00;\"><strong><u>w pierwszy czwartek<\/u><\/strong><\/span> zapraszamy na ca\u0142odzienn\u0105 <strong>adoracj\u0119 Naj\u015bwi\u0119tszego Sakramentu<\/strong>,<br \/>\n&#8211;<span style=\"color: #ff0000;\"> <strong><u>w pierwszy pi\u0105tek<\/u><\/strong><\/span> zach\u0119camy do skorzystania z <strong>sakramentu pokuty i\u00a0pojednania<\/strong>,<br \/>\n&#8211;\u00a0<span style=\"color: #ff00ff;\"><strong><u>w pierwsz\u0105 sobot\u0119<\/u><\/strong><\/span> po Mszy \u015bw. porannej zapraszamy do udzia\u0142u w <strong>nabo\u017ce\u0144stwie wynagradzaj\u0105cym Niepokalanemu Sercu Maryi<\/strong>. Tego dnia w\u00a0godzinach porannych udamy si\u0119 z <strong>pos\u0142ug\u0105 sakramentaln\u0105 do chorych<\/strong> z\u00a0naszej parafii.<\/p>\n<p><strong>\u00a03. <\/strong><strong>W tym tygodniu wspominamy:<\/strong><\/p>\n<p>&#8211; we \u015brod\u0119 <em><strong>\u015bw. Franciszka Ksawerego<\/strong><\/em><\/p>\n<p>&#8211; w sobot\u0119 <em><strong>\u015bw. Miko\u0142aja<\/strong><\/em><\/p>\n<p><em>\u00a04. <\/em><strong>Z<\/strong> okazji trwaj\u0105cego Roku Jubileuszowego 2025 <u>w pierwsze niedziele miesi\u0105ca<\/u> go\u015bcimy ksi\u0119\u017cy kanonik\u00f3w, cz\u0142onk\u00f3w kapitu\u0142y przy naszej bazylice, kt\u00f3rzy g\u0142osz\u0105 S\u0142owo Bo\u017ce podczas Mszy \u015bw. W przysz\u0142\u0105 niedziel\u0119 go\u015bci\u0107 b\u0119dziemy ks. p\u0142k. Henryka Szareyko.<\/p>\n<p><strong>\u00a05. <\/strong><span style=\"color: #ff0000;\"><strong>Solenizantom i jubilatom <\/strong><\/span>rozpoczynaj\u0105cego si\u0119 tygodnia \u017cyczymy zdrowia, potrzebnych \u0142ask oraz Bo\u017cego b\u0142ogos\u0142awie\u0144stwa.<\/p>\n<p><strong><br \/>\n<\/strong><span style=\"color: #333399;\"><strong>NA CZAS RADOSNEGO OCZEKIWANIA NA\u00a0PRZYJ\u015aCIE PANA PRZYJMIJCIE DAR BO\u017bEGO B\u0141OGOS\u0141AWIE\u0143STWA<\/strong><\/span><\/p>\n","protected":false},"excerpt":{"rendered":"<p>1. Dzisiejsza niedziela rozpoczyna nowy rok liturgiczny pod has\u0142em: \u201eUczniowie &#8211; Misjonarze\u201d. Jest to jednocze\u015bnie\u00a0pierwszy dzie\u0144 adwentu, dlatego serdecznie zapraszamy na\u00a0Msze \u015bw. roratnie, kt\u00f3re b\u0119d\u0105 celebrowane w\u00a0naszej Bazylice od poniedzia\u0142ku do pi\u0105tku o\u00a0godz. 7:00 oraz\u00a0w\u00a0soboty o godz. 8:00. Zach\u0119camy do\u00a0przynoszenia ze sob\u0105 \u015bwiec lub\u00a0lampion\u00f3w. Niech nie zabraknie w tym czasie podejmowanych dobrowolnych umartwie\u0144 oraz uczynk\u00f3w [&hellip;]<\/p>\n","protected":false},"author":3,"featured_media":3511,"comment_status":"closed","ping_status":"closed","sticky":false,"template":"","format":"standard","meta":[],"categories":[35],"tags":[],"_links":{"self":[{"href":"http:\/\/www.elzbieta.archidiecezja.wroc.pl\/index.php?rest_route=\/wp\/v2\/posts\/3894"}],"collection":[{"href":"http:\/\/www.elzbieta.archidiecezja.wroc.pl\/index.php?rest_route=\/wp\/v2\/posts"}],"about":[{"href":"http:\/\/www.elzbieta.archidiecezja.wroc.pl\/index.php?rest_route=\/wp\/v2\/types\/post"}],"author":[{"embeddable":true,"href":"http:\/\/www.elzbieta.archidiecezja.wroc.pl\/index.php?rest_route=\/wp\/v2\/users\/3"}],"replies":[{"embeddable":true,"href":"http:\/\/www.elzbieta.archidiecezja.wroc.pl\/index.php?rest_route=%2Fwp%2Fv2%2Fcomments&post=3894"}],"version-history":[{"count":1,"href":"http:\/\/www.elzbieta.archidiecezja.wroc.pl\/index.php?rest_route=\/wp\/v2\/posts\/3894\/revisions"}],"predecessor-version":[{"id":3895,"href":"http:\/\/www.elzbieta.archidiecezja.wroc.pl\/index.php?rest_route=\/wp\/v2\/posts\/3894\/revisions\/3895"}],"wp:featuredmedia":[{"embeddable":true,"href":"http:\/\/www.elzbieta.archidiecezja.wroc.pl\/index.php?rest_route=\/wp\/v2\/media\/3511"}],"wp:attachment":[{"href":"http:\/\/www.elzbieta.archidiecezja.wroc.pl\/index.php?rest_route=%2Fwp%2Fv2%2Fmedia&parent=3894"}],"wp:term":[{"taxonomy":"category","embeddable":true,"href":"http:\/\/www.elzbieta.archidiecezja.wroc.pl\/index.php?rest_route=%2Fwp%2Fv2%2Fcategories&post=3894"},{"taxonomy":"post_tag","embeddable":true,"href":"http:\/\/www.elzbieta.archidiecezja.wroc.pl\/index.php?rest_route=%2Fwp%2Fv2%2Ftags&post=3894"}],"curies":[{"name":"wp","href":"https:\/\/api.w.org\/{rel}","templated":true}]}}