{"id":3884,"date":"2025-11-14T16:53:44","date_gmt":"2025-11-14T15:53:44","guid":{"rendered":"http:\/\/www.elzbieta.archidiecezja.wroc.pl\/?p=3884"},"modified":"2025-11-14T16:55:07","modified_gmt":"2025-11-14T15:55:07","slug":"odpust-ku-czci-sw-elzbiety-wegierskiej-16-listopada-2025","status":"publish","type":"post","link":"http:\/\/www.elzbieta.archidiecezja.wroc.pl\/?p=3884","title":{"rendered":"ODPUST KU CZCI \u015aW. ELZBIETY W\u0118GIERSKIEJ &#8211; 16 listopada 2025"},"content":{"rendered":"<p style=\"text-align: justify;\">1. Dzi\u015b prze\u017cywamy <span style=\"color: #ff6600;\"><strong>odpust ku czci Patronki naszej bazyliki \u015bw. El\u017cbiety W\u0119gierskiej<\/strong>.<\/span><\/p>\n<p style=\"text-align: justify;\">Serdecznie zapraszamy na <strong>uroczyst\u0105 Msz\u0119 \u015awi\u0119t\u0105 Odpustow\u0105 <span style=\"color: #ff6600;\"><u>o godzinie 12:00<\/u> <\/span><\/strong><strong>w intencji Parafian oraz \u017bo\u0142nierzy i Pracownik\u00f3w Garnizonu Wroc\u0142aw<\/strong>, kt\u00f3rej b\u0119dzie przewodniczy\u0142 <strong>Jego Ekscelencja Ksi\u0105dz Biskup dr Wies\u0142aw Lechowicz Biskup Polowy Wojska Polskiego.<\/strong><\/p>\n<p style=\"text-align: justify;\">2. W tym tygodniu wspominamy:<\/p>\n<p style=\"text-align: justify;\">&#8211; we wtorek\u00a0<strong><em>b\u0142. Karolin\u0119 K\u00f3zk\u00f3wn\u0119<\/em><\/strong><em> \u2013 dziewic\u0119 i m\u0119czennic\u0119,<\/em><\/p>\n<p style=\"text-align: justify;\">&#8211; w czwartek <strong><em>\u015aw. Rafa\u0142a Kalinowskiego<\/em><\/strong><em> \u2013 prezbitera,<\/em><\/p>\n<p style=\"text-align: justify;\">&#8211; w pi\u0105tek <strong><em>Ofiarowanie NMP<\/em><\/strong><em>,<\/em><\/p>\n<p style=\"text-align: justify;\">&#8211; w sobot\u0119 <em><strong>\u015bw. Cecyli\u0119<\/strong> \u2013 dziewic\u0119 i m\u0119czennic\u0119,<\/em><\/p>\n<p style=\"text-align: justify;\">3. W przysz\u0142\u0105 niedziel\u0119 b\u0119dziemy obchodzi\u0107 uroczysto\u015b\u0107 <span style=\"color: #ff0000;\"><strong>Jezusa<\/strong> <strong>Chrystusa &#8211; Kr\u00f3la Wszech\u015bwiata<\/strong><\/span>, kt\u00f3ra <strong>zako\u0144czy rok liturgiczny<\/strong> i przygotuje nas do wej\u015bcia w czas adwentu \u2013 radosnego oczekiwania na przyj\u015bcie Pana.<\/p>\n<p style=\"text-align: justify;\">4. W zwi\u0105zku ze zbli\u017caj\u0105cymi si\u0119 \u015bwi\u0119tami <em>Bo\u017cego Narodzenia <\/em>prosimy <strong>osoby samotne, rodziny w trudnej sytuacji materialnej<\/strong> o sk\u0142adanie poda\u0144 na udzielenie pomocy. Podania mo\u017cna sk\u0142ada\u0107 w\u00a0zakrystii, kancelarii parafialnej lub u cz\u0142onk\u00f3w parafialnego zespo\u0142u <span style=\"color: #ff0000;\"><strong>Caritas<\/strong><\/span>.<\/p>\n<p style=\"text-align: justify;\">5.Podczas\u00a0ostatniej zbi\u00f3rki w ramach <span style=\"color: #0000ff;\"><strong>Solidarno\u015bci z Ko\u015bcio\u0142em Prze\u015bladowanym <\/strong><\/span>zebrano ofiary na kwot\u0119 <span style=\"color: #0000ff;\"><strong>3.750 z\u0142.<\/strong> <\/span>B\u00f3g zap\u0142a\u0107 za z\u0142o\u017cone ofiary.<\/p>\n<p style=\"text-align: justify;\">6. <strong>Solenizantom i jubilatom <\/strong>rozpoczynaj\u0105cego si\u0119 tygodnia \u017cyczymy zdrowia, potrzebnych \u0142ask oraz Bo\u017cego b\u0142ogos\u0142awie\u0144stwa.<\/p>\n<p style=\"text-align: justify;\">7. Dekretem Biskupa Polowego Wojska Polskiego Wies\u0142awa LECHOWICZA <span style=\"color: #339966;\"><strong>ks.\u00a0ppor. Przemys\u0142aw CIOS <\/strong><strong>z dniem 7 listopada zosta\u0142 mianowany wikariuszem w\u00a0naszej parafii.<\/strong><\/span> Bardzo serdecznie witamy Ksi\u0119dza w naszej wsp\u00f3lnocie i\u00a0\u017cyczymy Bo\u017cego b\u0142ogos\u0142awie\u0144stwa oraz potrzebnych dar\u00f3w do owocnej pos\u0142ugi duszpasterskiej.<\/p>\n<p style=\"text-align: justify;\">R\u00f3wnie\u017c Dekretem Biskupa Polowego <span style=\"color: #339966;\"><strong>ks. kpt. Tomasz MIENCICKI <\/strong><\/span><strong><span style=\"color: #339966;\">zosta\u0142 odwo\u0142any ze stanowiska wikariusza naszej parafii i mianowany kapelanem XVIII i XIX zmiany Polskiego Kontyngentu Wojskowego na \u0141otwie.<\/span> <\/strong>Serdecznie dzi\u0119kujemy za pos\u0142ug\u0119 duszpastersk\u0105 w naszej wsp\u00f3lnocie i \u017cyczymy Bo\u017cego b\u0142ogos\u0142awie\u0144stwa oraz potrzebnych dar\u00f3w do\u00a0realizowania nowych zada\u0144.<\/p>\n","protected":false},"excerpt":{"rendered":"<p>1. Dzi\u015b prze\u017cywamy odpust ku czci Patronki naszej bazyliki \u015bw. El\u017cbiety W\u0119gierskiej. Serdecznie zapraszamy na uroczyst\u0105 Msz\u0119 \u015awi\u0119t\u0105 Odpustow\u0105 o godzinie 12:00 w intencji Parafian oraz \u017bo\u0142nierzy i Pracownik\u00f3w Garnizonu Wroc\u0142aw, kt\u00f3rej b\u0119dzie przewodniczy\u0142 Jego Ekscelencja Ksi\u0105dz Biskup dr Wies\u0142aw Lechowicz Biskup Polowy Wojska Polskiego. 2. W tym tygodniu wspominamy: &#8211; we wtorek\u00a0b\u0142. Karolin\u0119 K\u00f3zk\u00f3wn\u0119 [&hellip;]<\/p>\n","protected":false},"author":3,"featured_media":3484,"comment_status":"closed","ping_status":"closed","sticky":false,"template":"","format":"standard","meta":[],"categories":[35],"tags":[],"_links":{"self":[{"href":"http:\/\/www.elzbieta.archidiecezja.wroc.pl\/index.php?rest_route=\/wp\/v2\/posts\/3884"}],"collection":[{"href":"http:\/\/www.elzbieta.archidiecezja.wroc.pl\/index.php?rest_route=\/wp\/v2\/posts"}],"about":[{"href":"http:\/\/www.elzbieta.archidiecezja.wroc.pl\/index.php?rest_route=\/wp\/v2\/types\/post"}],"author":[{"embeddable":true,"href":"http:\/\/www.elzbieta.archidiecezja.wroc.pl\/index.php?rest_route=\/wp\/v2\/users\/3"}],"replies":[{"embeddable":true,"href":"http:\/\/www.elzbieta.archidiecezja.wroc.pl\/index.php?rest_route=%2Fwp%2Fv2%2Fcomments&post=3884"}],"version-history":[{"count":2,"href":"http:\/\/www.elzbieta.archidiecezja.wroc.pl\/index.php?rest_route=\/wp\/v2\/posts\/3884\/revisions"}],"predecessor-version":[{"id":3886,"href":"http:\/\/www.elzbieta.archidiecezja.wroc.pl\/index.php?rest_route=\/wp\/v2\/posts\/3884\/revisions\/3886"}],"wp:featuredmedia":[{"embeddable":true,"href":"http:\/\/www.elzbieta.archidiecezja.wroc.pl\/index.php?rest_route=\/wp\/v2\/media\/3484"}],"wp:attachment":[{"href":"http:\/\/www.elzbieta.archidiecezja.wroc.pl\/index.php?rest_route=%2Fwp%2Fv2%2Fmedia&parent=3884"}],"wp:term":[{"taxonomy":"category","embeddable":true,"href":"http:\/\/www.elzbieta.archidiecezja.wroc.pl\/index.php?rest_route=%2Fwp%2Fv2%2Fcategories&post=3884"},{"taxonomy":"post_tag","embeddable":true,"href":"http:\/\/www.elzbieta.archidiecezja.wroc.pl\/index.php?rest_route=%2Fwp%2Fv2%2Ftags&post=3884"}],"curies":[{"name":"wp","href":"https:\/\/api.w.org\/{rel}","templated":true}]}}