{"id":3874,"date":"2025-11-08T13:01:53","date_gmt":"2025-11-08T12:01:53","guid":{"rendered":"http:\/\/www.elzbieta.archidiecezja.wroc.pl\/?p=3874"},"modified":"2025-11-08T14:07:52","modified_gmt":"2025-11-08T13:07:52","slug":"trzydziesta-druga-niedziela-zwykla-9-listopada-2025","status":"publish","type":"post","link":"http:\/\/www.elzbieta.archidiecezja.wroc.pl\/?p=3874","title":{"rendered":"TRZYDZIESTA DRUGA NIEDZIELA ZWYK\u0141A &#8211; 9 listopada 2025"},"content":{"rendered":"<p style=\"text-align: justify;\">1. <strong>Dzisiaj <\/strong>prze\u017cywam <span style=\"color: #0000ff;\"><strong>XVII Dzie\u0144<\/strong> <strong>Solidarno\u015bci z Ko\u015bcio\u0142em Prze\u015bladowanym <\/strong><strong>pod\u00a0has\u0142em <\/strong><strong><em>&#8222;B\u0105d\u017amy g\u0142osem prze\u015bladowanych w Nigerii&#8221;<\/em><\/strong>.<br \/>\n<\/span>Po ka\u017cdej Mszy \u015bw. <strong>b\u0119d\u0105 zbierane do\u00a0puszek ofiary<\/strong> na rzecz chrze\u015bcijan w Nigerii. Wszystkim ofiarodawcom dzi\u0119kujemy za\u00a0okazane wsparcie.<\/p>\n<p style=\"text-align: justify;\">2.<strong> We wtorek <\/strong><span style=\"color: #ff0000;\"><strong>11 listopada<\/strong><\/span><strong> b\u0119dziemy obchodzi\u0107<\/strong> <span style=\"color: #ff0000;\"><strong>107. Rocznic\u0119 Odzyskania Niepodleg\u0142o\u015bci <\/strong><strong>przez Nasz\u0105 Ojczyzn\u0119<\/strong>.<br \/>\n<\/span>Pami\u0119tajmy w modlitwach o Tych, kt\u00f3rzy oddali swoje \u017cycie w Jej obronie oraz m\u00f3dlmy si\u0119 za wszystkich rz\u0105dz\u0105cych i obywateli, aby\u00a0odpowiedzialnie korzystali z daru niepodleg\u0142o\u015bci.<\/p>\n<p style=\"text-align: justify;\">Msze \u015bw. b\u0119d\u0105 sprawowane <strong>w porz\u0105dku niedzielnym<\/strong>.<br \/>\nW spos\u00f3b szczeg\u00f3lny zapraszamy na uroczyst\u0105 <span style=\"color: #ff0000;\"><strong>Msz\u0119 \u015awi\u0119t\u0105 w intencji Ojczyzny o godz. 10:00 <\/strong><strong>z udzia\u0142em wojska.<\/strong><\/span><\/p>\n<p style=\"text-align: justify;\">Tego dnia<span style=\"color: #3366ff;\"> <strong>serdecznie zapraszamy do naszej bazyliki na <\/strong><strong>koncert pie\u015bni patriotycznych o godz. 19:15<\/strong>.<\/span><\/p>\n<p style=\"text-align: justify;\">3. <strong>W przysz\u0142\u0105 niedziel\u0119<\/strong> <strong><span style=\"color: #ff9900;\">16 listopada<\/span> <\/strong>obchodzi\u0107 b\u0119dziemy<span style=\"color: #ff9900;\"><strong> odpust ku czci patronki naszej bazyliki \u015bw. El\u017cbiety W\u0119gierskiej.<\/strong><\/span><\/p>\n<p style=\"text-align: justify;\">Serdecznie zapraszamy na <span style=\"color: #ff9900;\"><strong>uroczyst\u0105 Msz\u0119 \u015awi\u0119t\u0105 Odpustow\u0105 <u>o godzinie 12:00 <\/u><\/strong><strong>w intencji Parafian oraz \u017bo\u0142nierzy i Pracownik\u00f3w Garnizonu Wroc\u0142aw<\/strong>, <\/span>kt\u00f3rej b\u0119dzie przewodniczy\u0142 <span style=\"color: #008000;\"><strong>Jego Ekscelencja Ksi\u0105dz Biskup dr Wies\u0142aw Lechowicz Biskup Polowy Wojska Polskiego. <\/strong><\/span><\/p>\n<p style=\"text-align: justify;\">4. <strong>W tym tygodniu wspominamy:<\/strong><\/p>\n<p style=\"text-align: justify;\">&#8211; w poniedzia\u0142ek <strong><em>\u015bw. Leona Wielkiego \u2013 <\/em><\/strong><em>papie\u017ca i doktora Ko\u015bcio\u0142a,<\/em><\/p>\n<p style=\"text-align: justify;\">&#8211; we wtorek <strong><em>\u015bw. Marcina z Tours \u2013 <\/em><\/strong><em>biskupa,<\/em><\/p>\n<p style=\"text-align: justify;\">&#8211; w \u015brod\u0119 <strong><em>\u015bw. Jozafata \u2013 <\/em><\/strong><em>biskupa i m\u0119czennika,<\/em><\/p>\n<p style=\"text-align: justify;\">&#8211; w czwartek <strong><em>\u015bw. Benedykta, Jana, Mateusza, Izaaka i Krystyna<\/em><\/strong><em> \u2013 pierwszych m\u0119czennik\u00f3w Polski.<\/em><\/p>\n<p style=\"text-align: justify;\">5. <strong>Solenizantom i jubilatom <\/strong>rozpoczynaj\u0105cego si\u0119 tygodnia \u017cyczymy zdrowia, potrzebnych \u0142ask oraz Bo\u017cego b\u0142ogos\u0142awie\u0144stwa.<\/p>\n<p><a href=\"http:\/\/www.elzbieta.archidiecezja.wroc.pl\/wp-content\/uploads\/2025\/11\/11-listopada-2025.png\"><img decoding=\"async\" class=\"alignleft size-medium wp-image-3878\" src=\"http:\/\/www.elzbieta.archidiecezja.wroc.pl\/wp-content\/uploads\/2025\/11\/11-listopada-2025-212x300.png\" alt=\"\" \/><\/a><\/p>\n","protected":false},"excerpt":{"rendered":"<p>1. Dzisiaj prze\u017cywam XVII Dzie\u0144 Solidarno\u015bci z Ko\u015bcio\u0142em Prze\u015bladowanym pod\u00a0has\u0142em &#8222;B\u0105d\u017amy g\u0142osem prze\u015bladowanych w Nigerii&#8221;. Po ka\u017cdej Mszy \u015bw. b\u0119d\u0105 zbierane do\u00a0puszek ofiary na rzecz chrze\u015bcijan w Nigerii. Wszystkim ofiarodawcom dzi\u0119kujemy za\u00a0okazane wsparcie. 2. We wtorek 11 listopada b\u0119dziemy obchodzi\u0107 107. Rocznic\u0119 Odzyskania Niepodleg\u0142o\u015bci przez Nasz\u0105 Ojczyzn\u0119. Pami\u0119tajmy w modlitwach o Tych, kt\u00f3rzy oddali swoje [&hellip;]<\/p>\n","protected":false},"author":3,"featured_media":3875,"comment_status":"closed","ping_status":"closed","sticky":false,"template":"","format":"standard","meta":[],"categories":[35],"tags":[],"_links":{"self":[{"href":"http:\/\/www.elzbieta.archidiecezja.wroc.pl\/index.php?rest_route=\/wp\/v2\/posts\/3874"}],"collection":[{"href":"http:\/\/www.elzbieta.archidiecezja.wroc.pl\/index.php?rest_route=\/wp\/v2\/posts"}],"about":[{"href":"http:\/\/www.elzbieta.archidiecezja.wroc.pl\/index.php?rest_route=\/wp\/v2\/types\/post"}],"author":[{"embeddable":true,"href":"http:\/\/www.elzbieta.archidiecezja.wroc.pl\/index.php?rest_route=\/wp\/v2\/users\/3"}],"replies":[{"embeddable":true,"href":"http:\/\/www.elzbieta.archidiecezja.wroc.pl\/index.php?rest_route=%2Fwp%2Fv2%2Fcomments&post=3874"}],"version-history":[{"count":3,"href":"http:\/\/www.elzbieta.archidiecezja.wroc.pl\/index.php?rest_route=\/wp\/v2\/posts\/3874\/revisions"}],"predecessor-version":[{"id":3879,"href":"http:\/\/www.elzbieta.archidiecezja.wroc.pl\/index.php?rest_route=\/wp\/v2\/posts\/3874\/revisions\/3879"}],"wp:featuredmedia":[{"embeddable":true,"href":"http:\/\/www.elzbieta.archidiecezja.wroc.pl\/index.php?rest_route=\/wp\/v2\/media\/3875"}],"wp:attachment":[{"href":"http:\/\/www.elzbieta.archidiecezja.wroc.pl\/index.php?rest_route=%2Fwp%2Fv2%2Fmedia&parent=3874"}],"wp:term":[{"taxonomy":"category","embeddable":true,"href":"http:\/\/www.elzbieta.archidiecezja.wroc.pl\/index.php?rest_route=%2Fwp%2Fv2%2Fcategories&post=3874"},{"taxonomy":"post_tag","embeddable":true,"href":"http:\/\/www.elzbieta.archidiecezja.wroc.pl\/index.php?rest_route=%2Fwp%2Fv2%2Ftags&post=3874"}],"curies":[{"name":"wp","href":"https:\/\/api.w.org\/{rel}","templated":true}]}}