{"id":3869,"date":"2025-11-01T16:26:25","date_gmt":"2025-11-01T15:26:25","guid":{"rendered":"http:\/\/www.elzbieta.archidiecezja.wroc.pl\/?p=3869"},"modified":"2025-11-08T14:26:52","modified_gmt":"2025-11-08T13:26:52","slug":"trzydziesta-pierwsza-niedziela-zwykla-wszystkich-wiernych-zmarlych-2-listopada-2025","status":"publish","type":"post","link":"http:\/\/www.elzbieta.archidiecezja.wroc.pl\/?p=3869","title":{"rendered":"TRZYDZIESTA PIERWSZA NIEDZIELA ZWYK\u0141A Wszystkich Wiernych Zmar\u0142ych &#8211; 2 listopada 2025"},"content":{"rendered":"<p style=\"text-align: justify;\">1.<strong> Dzi\u015b wspominamy <\/strong><strong>Wszystkich Wiernych Zmar\u0142ych<\/strong>.<\/p>\n<p style=\"text-align: justify;\">W ramach obchodzonego <strong>Roku Jubileuszowego<\/strong> go\u015bcimy <span style=\"color: #008080;\"><strong>ks.<\/strong> <strong>p\u0142k. Stanis\u0142awa GARBACIKA <\/strong><strong>\u2013 Dziekana Dekanatu Inspektoratu Wsparcia Si\u0142 Zbrojnych, Proboszcza Parafii Wojskowej pw. Matki Bo\u017cej Kr\u00f3lowej Pokoju w Bydgoszczy.<\/strong><\/span><\/p>\n<p style=\"text-align: justify;\"><strong>Ksi\u0119\u017ca kanonicy<\/strong> posiadaj\u0105 uprawnienia <strong>penitencjarza diecezjalnego, <\/strong>upowa\u017cniaj\u0105ce do udzielania rozgrzeszenia najci\u0119\u017cszych grzech\u00f3w.<\/p>\n<p style=\"text-align: justify;\">2. <strong>We wtorek wspominamy<\/strong> <strong><em>\u015bw. Karola Boromeusza.<\/em><\/strong><\/p>\n<p style=\"text-align: justify;\">3. <strong>W tym tygodniu przypada pierwszy czwartek i pi\u0105tek <\/strong><strong>miesi\u0105ca<\/strong>:<\/p>\n<p style=\"text-align: justify;\">&#8211; <u>w pierwszy <\/u><strong><u>czwartek<\/u><\/strong> zapraszamy na ca\u0142odzienn\u0105 <strong>adoracj\u0119 Naj\u015bwi\u0119tszego Sakramentu<\/strong>,<\/p>\n<p style=\"text-align: justify;\">&#8211; <u>w pierwszy <\/u><strong><u>pi\u0105tek<\/u><\/strong> zach\u0119camy do skorzystania z <strong>sakramentu pokuty i\u00a0pojednania<\/strong>.<\/p>\n<p style=\"text-align: justify;\">4.<strong> We wtorek <\/strong><span style=\"color: #ff0000;\"><strong>11 listopada<\/strong><strong> b\u0119dziemy obchodzi\u0107<\/strong> <strong>107. Rocznic\u0119 Odzyskania Niepodleg\u0142o\u015bci <\/strong><\/span><strong>przez nasz\u0105 Ojczyzn\u0119<\/strong>. Pami\u0119tajmy w modlitwach o\u00a0Tych, kt\u00f3rzy oddali swoje \u017cycie w Jej obronie oraz m\u00f3dlmy si\u0119 za wszystkich rz\u0105dz\u0105cych i obywateli, aby\u00a0odpowiedzialnie korzystali z daru niepodleg\u0142o\u015bci.<\/p>\n<p style=\"text-align: justify;\">Msze \u015bw. b\u0119d\u0105 sprawowane <strong>w porz\u0105dku niedzielnym<\/strong>. W spos\u00f3b szczeg\u00f3lny zapraszamy na\u00a0uroczyst\u0105 <span style=\"color: #ff0000;\"><strong>Msz\u0119 \u015awi\u0119t\u0105 w intencji Ojczyzny o\u00a0godz. 10:00 <\/strong><strong>z udzia\u0142em wojska.<\/strong><\/span><\/p>\n<p style=\"text-align: justify;\">Tego dnia <strong>serdecznie zapraszamy do naszej bazyliki na <\/strong><span style=\"color: #3366ff;\"><strong>koncert pie\u015bni patriotycznych o godz. 19:15<\/strong>.<\/span><\/p>\n<p style=\"text-align: justify;\">5. W dniach<strong> od 1 do 8 listopada <\/strong>w naszej Bazylice o <strong> 17:30<\/strong> modlimy si\u0119 <strong>Koronk\u0105 do\u00a0Bo\u017cego Mi\u0142osierdzia w intencji zmar\u0142ych<\/strong> wypisanych na <strong>kartkach wypominkowych<\/strong>.<\/p>\n<p style=\"text-align: justify;\"><strong>Jednocze\u015bnie przypominamy, \u017ce od 1 do 8 listopada za pobo\u017cne nawiedzenie cmentarza i modlitw\u0119 za zmar\u0142ych mo\u017cna uzyska\u0107 odpust zupe\u0142ny pod zwyk\u0142ymi warunkami, kt\u00f3ry mo\u017cna ofiarowa\u0107 za dusze w czy\u015b\u0107cu cierpi\u0105ce.<\/strong><\/p>\n<p style=\"text-align: justify;\">6. Ju\u017c teraz serdecznie zapraszamy na <span style=\"color: #ffcc00;\"><strong>uroczyst\u0105 Msz\u0119 \u015awi\u0119t\u0105 Odpustow\u0105 <\/strong><strong>w intencji Parafian oraz \u017bo\u0142nierzy i Pracownik\u00f3w Garnizonu Wroc\u0142aw<\/strong><\/span>, kt\u00f3rej b\u0119dzie przewodniczy\u0142 Jego Ekscelencja Ksi\u0105dz Biskup dr Wies\u0142aw Lechowicz Biskup Polowy Wojska Polskiego, w <span style=\"color: #ffcc00;\"><strong>niedziel\u0119 16 listopada o godz. 12:00<\/strong>.<\/span><\/p>\n<p style=\"text-align: justify;\">7. <strong>Solenizantom i jubilatom <\/strong>rozpoczynaj\u0105cego si\u0119 tygodnia \u017cyczymy zdrowia, potrzebnych \u0142ask oraz Bo\u017cego b\u0142ogos\u0142awie\u0144stwa.<\/p>\n<p style=\"text-align: justify;\">\n","protected":false},"excerpt":{"rendered":"<p>1. Dzi\u015b wspominamy Wszystkich Wiernych Zmar\u0142ych. W ramach obchodzonego Roku Jubileuszowego go\u015bcimy ks. p\u0142k. Stanis\u0142awa GARBACIKA \u2013 Dziekana Dekanatu Inspektoratu Wsparcia Si\u0142 Zbrojnych, Proboszcza Parafii Wojskowej pw. Matki Bo\u017cej Kr\u00f3lowej Pokoju w Bydgoszczy. Ksi\u0119\u017ca kanonicy posiadaj\u0105 uprawnienia penitencjarza diecezjalnego, upowa\u017cniaj\u0105ce do udzielania rozgrzeszenia najci\u0119\u017cszych grzech\u00f3w. 2. We wtorek wspominamy \u015bw. Karola Boromeusza. 3. W tym [&hellip;]<\/p>\n","protected":false},"author":3,"featured_media":3870,"comment_status":"closed","ping_status":"closed","sticky":false,"template":"","format":"standard","meta":[],"categories":[35],"tags":[],"_links":{"self":[{"href":"http:\/\/www.elzbieta.archidiecezja.wroc.pl\/index.php?rest_route=\/wp\/v2\/posts\/3869"}],"collection":[{"href":"http:\/\/www.elzbieta.archidiecezja.wroc.pl\/index.php?rest_route=\/wp\/v2\/posts"}],"about":[{"href":"http:\/\/www.elzbieta.archidiecezja.wroc.pl\/index.php?rest_route=\/wp\/v2\/types\/post"}],"author":[{"embeddable":true,"href":"http:\/\/www.elzbieta.archidiecezja.wroc.pl\/index.php?rest_route=\/wp\/v2\/users\/3"}],"replies":[{"embeddable":true,"href":"http:\/\/www.elzbieta.archidiecezja.wroc.pl\/index.php?rest_route=%2Fwp%2Fv2%2Fcomments&post=3869"}],"version-history":[{"count":4,"href":"http:\/\/www.elzbieta.archidiecezja.wroc.pl\/index.php?rest_route=\/wp\/v2\/posts\/3869\/revisions"}],"predecessor-version":[{"id":3881,"href":"http:\/\/www.elzbieta.archidiecezja.wroc.pl\/index.php?rest_route=\/wp\/v2\/posts\/3869\/revisions\/3881"}],"wp:featuredmedia":[{"embeddable":true,"href":"http:\/\/www.elzbieta.archidiecezja.wroc.pl\/index.php?rest_route=\/wp\/v2\/media\/3870"}],"wp:attachment":[{"href":"http:\/\/www.elzbieta.archidiecezja.wroc.pl\/index.php?rest_route=%2Fwp%2Fv2%2Fmedia&parent=3869"}],"wp:term":[{"taxonomy":"category","embeddable":true,"href":"http:\/\/www.elzbieta.archidiecezja.wroc.pl\/index.php?rest_route=%2Fwp%2Fv2%2Fcategories&post=3869"},{"taxonomy":"post_tag","embeddable":true,"href":"http:\/\/www.elzbieta.archidiecezja.wroc.pl\/index.php?rest_route=%2Fwp%2Fv2%2Ftags&post=3869"}],"curies":[{"name":"wp","href":"https:\/\/api.w.org\/{rel}","templated":true}]}}