{"id":3864,"date":"2025-10-25T09:08:26","date_gmt":"2025-10-25T07:08:26","guid":{"rendered":"http:\/\/www.elzbieta.archidiecezja.wroc.pl\/?p=3864"},"modified":"2025-10-25T09:08:26","modified_gmt":"2025-10-25T07:08:26","slug":"trzydziesta-niedziela-zwykla-26-pazdziernika-2025","status":"publish","type":"post","link":"http:\/\/www.elzbieta.archidiecezja.wroc.pl\/?p=3864","title":{"rendered":"TRZYDZIESTA NIEDZIELA ZWYK\u0141A &#8211; 26 pa\u017adziernika 2025"},"content":{"rendered":"<p style=\"text-align: justify;\">1. Dzi\u015b prze\u017cywamy<span style=\"color: #008000;\"> <strong>trzydziest\u0105 niedziel\u0119 zwyk\u0142\u0105<\/strong> <\/span>w ci\u0105gu roku.<\/p>\n<p style=\"text-align: justify;\">2. Do ko\u0144ca pa\u017adziernika zapraszamy na <span style=\"color: #3366ff;\"><strong>nabo\u017ce\u0144stwa r\u00f3\u017ca\u0144cowe<\/strong> o\u00a0<strong>godz. 17:30<\/strong>.<\/span><\/p>\n<p style=\"text-align: justify;\">3. We wtorek wspominamy <strong>\u015awi\u0119tych Aposto\u0142\u00f3w: Szymona i Jud\u0119 Tadeusza<\/strong>.<\/p>\n<p style=\"text-align: justify;\">4. W sobot\u0119 b\u0119dziemy obchodzi\u0107 <span style=\"color: #ff9900;\"><strong>uroczysto\u015b\u0107 Wszystkich \u015awi\u0119tych. <\/strong><\/span>Msze\u00a0\u015bw.\u00a0tego dnia b\u0119d\u0105 sprawowane <span style=\"color: #ff9900;\"><strong>w porz\u0105dku niedzielnym<\/strong>.<\/span><\/p>\n<p style=\"text-align: justify;\">Natomiast w\u00a0przysz\u0142\u0105 niedziel\u0119 b\u0119dziemy prze\u017cywa\u0107 <span style=\"color: #993366;\"><strong>Dzie\u0144 Zaduszny<\/strong>, czyli <strong>wspomnienie Wszystkich Wiernych Zmar\u0142ych<\/strong>.<\/span><\/p>\n<p style=\"text-align: justify;\">5. W dniach <span style=\"color: #cc99ff;\"><strong>od\u00a01\u00a0do 8 listopada<\/strong> o <strong>godz. 17:30 <\/strong><\/span>b\u0119dziemy odprawia\u0107 <strong>Koronk\u0119 do Bo\u017cego Mi\u0142osierdzia<\/strong> modl\u0105c si\u0119 <span style=\"color: #cc99ff;\"><strong>za zmar\u0142ych wypisanych na kartkach wypominkowych<\/strong>.<\/span> W naszej Bazylice pami\u0119tamy o zmar\u0142ych r\u00f3wnie\u017c przez ca\u0142y rok ofiaruj\u0105c za nich <strong>Msz\u0119 \u015bw. w ka\u017cdy I pi\u0105tek miesi\u0105ca<\/strong> <strong>o godz. 18:00<\/strong>, a tak\u017ce <strong>modl\u0105c si\u0119 przed ka\u017cd\u0105 niedzieln\u0105 Msz\u0105 \u015bw. o godz. 12:00<\/strong>.<\/p>\n<p style=\"text-align: justify;\">Przy wyj\u015bciu z Bazyliki s\u0105 wy\u0142o\u017cone kartki, na kt\u00f3rych mo\u017cna wypisa\u0107 imiona zmar\u0142ych. <strong>Wype\u0142nione kartki wypominkowe nale\u017cy sk\u0142ada\u0107 w zakrystii.<\/strong><\/p>\n<p style=\"text-align: justify;\"><strong>Jednocze\u015bnie przypominamy, \u017ce od 1 do 8 listopada za pobo\u017cne nawiedzenie cmentarza i modlitw\u0119 za zmar\u0142ych mo\u017cna uzyska\u0107 odpust zupe\u0142ny pod zwyk\u0142ymi warunkami, kt\u00f3ry mo\u017cna ofiarowa\u0107 za dusze w czy\u015b\u0107cu cierpi\u0105ce.<\/strong><\/p>\n<p style=\"text-align: justify;\">6. Ju\u017c teraz serdecznie zapraszamy na <strong><span style=\"color: #ff9900;\">uroczyst\u0105 Msz\u0119 \u015awi\u0119t\u0105 Odpustow\u0105<\/span> <\/strong><strong>w intencji Parafian oraz \u017bo\u0142nierzy i Pracownik\u00f3w Garnizonu Wroc\u0142aw<\/strong>, kt\u00f3rej b\u0119dzie przewodniczy\u0142 Jego Ekscelencja Ksi\u0105dz Biskup dr Wies\u0142aw Lechowicz Biskup Polowy Wojska Polskiego, w <span style=\"color: #ff9900;\"><strong>niedziel\u0119 16 listopada o godz. 12:00<\/strong>.<\/span><\/p>\n<p style=\"text-align: justify;\">7.<strong> Z okazji trwaj\u0105cego <\/strong><span style=\"color: #3366ff;\"><strong>Roku Jubileuszowego 2025 <u>w pierwsze niedziele miesi\u0105ca<\/u> go\u015bcimy ksi\u0119\u017cy kanonik\u00f3w<\/strong><\/span><strong><span style=\"color: #3366ff;\">,<\/span> cz\u0142onk\u00f3w kapitu\u0142y przy naszej bazylice, kt\u00f3rzy g\u0142osz\u0105 S\u0142owo Bo\u017ce na ka\u017cdej Mszy \u015bw. oraz pos\u0142uguj\u0105 w konfesjonale. <\/strong><span style=\"color: #008000;\"><strong>W przysz\u0142\u0105 niedziel\u0119 <\/strong><strong>go\u015bci\u0107 b\u0119dziemy <\/strong><strong>ks. kan. p\u0142k. <\/strong><strong>Stanis\u0142awa GARBACIKA<\/strong><\/span> <strong>\u2013 Dziekana Dekanatu <\/strong><strong>Inspektoratu Wsparcia Si\u0142 Zbrojnych<\/strong><strong>, Proboszcza Parafii Wojskowej pw. <\/strong><strong>Matki Bo\u017cej Kr\u00f3lowej Pokoju<\/strong><strong> w <\/strong><strong>Bydgoszczy<\/strong><strong>.<\/strong><\/p>\n<p style=\"text-align: justify;\">8.\u00a0<strong> Solenizantom i jubilatom <\/strong>rozpoczynaj\u0105cego si\u0119 tygodnia \u017cyczymy zdrowia, potrzebnych \u0142ask oraz Bo\u017cego b\u0142ogos\u0142awie\u0144stwa.<\/p>\n","protected":false},"excerpt":{"rendered":"<p>1. Dzi\u015b prze\u017cywamy trzydziest\u0105 niedziel\u0119 zwyk\u0142\u0105 w ci\u0105gu roku. 2. Do ko\u0144ca pa\u017adziernika zapraszamy na nabo\u017ce\u0144stwa r\u00f3\u017ca\u0144cowe o\u00a0godz. 17:30. 3. We wtorek wspominamy \u015awi\u0119tych Aposto\u0142\u00f3w: Szymona i Jud\u0119 Tadeusza. 4. W sobot\u0119 b\u0119dziemy obchodzi\u0107 uroczysto\u015b\u0107 Wszystkich \u015awi\u0119tych. Msze\u00a0\u015bw.\u00a0tego dnia b\u0119d\u0105 sprawowane w porz\u0105dku niedzielnym. Natomiast w\u00a0przysz\u0142\u0105 niedziel\u0119 b\u0119dziemy prze\u017cywa\u0107 Dzie\u0144 Zaduszny, czyli wspomnienie Wszystkich Wiernych [&hellip;]<\/p>\n","protected":false},"author":3,"featured_media":3865,"comment_status":"closed","ping_status":"closed","sticky":false,"template":"","format":"standard","meta":[],"categories":[35],"tags":[],"_links":{"self":[{"href":"http:\/\/www.elzbieta.archidiecezja.wroc.pl\/index.php?rest_route=\/wp\/v2\/posts\/3864"}],"collection":[{"href":"http:\/\/www.elzbieta.archidiecezja.wroc.pl\/index.php?rest_route=\/wp\/v2\/posts"}],"about":[{"href":"http:\/\/www.elzbieta.archidiecezja.wroc.pl\/index.php?rest_route=\/wp\/v2\/types\/post"}],"author":[{"embeddable":true,"href":"http:\/\/www.elzbieta.archidiecezja.wroc.pl\/index.php?rest_route=\/wp\/v2\/users\/3"}],"replies":[{"embeddable":true,"href":"http:\/\/www.elzbieta.archidiecezja.wroc.pl\/index.php?rest_route=%2Fwp%2Fv2%2Fcomments&post=3864"}],"version-history":[{"count":1,"href":"http:\/\/www.elzbieta.archidiecezja.wroc.pl\/index.php?rest_route=\/wp\/v2\/posts\/3864\/revisions"}],"predecessor-version":[{"id":3866,"href":"http:\/\/www.elzbieta.archidiecezja.wroc.pl\/index.php?rest_route=\/wp\/v2\/posts\/3864\/revisions\/3866"}],"wp:featuredmedia":[{"embeddable":true,"href":"http:\/\/www.elzbieta.archidiecezja.wroc.pl\/index.php?rest_route=\/wp\/v2\/media\/3865"}],"wp:attachment":[{"href":"http:\/\/www.elzbieta.archidiecezja.wroc.pl\/index.php?rest_route=%2Fwp%2Fv2%2Fmedia&parent=3864"}],"wp:term":[{"taxonomy":"category","embeddable":true,"href":"http:\/\/www.elzbieta.archidiecezja.wroc.pl\/index.php?rest_route=%2Fwp%2Fv2%2Fcategories&post=3864"},{"taxonomy":"post_tag","embeddable":true,"href":"http:\/\/www.elzbieta.archidiecezja.wroc.pl\/index.php?rest_route=%2Fwp%2Fv2%2Ftags&post=3864"}],"curies":[{"name":"wp","href":"https:\/\/api.w.org\/{rel}","templated":true}]}}