{"id":3860,"date":"2025-10-17T17:15:15","date_gmt":"2025-10-17T15:15:15","guid":{"rendered":"http:\/\/www.elzbieta.archidiecezja.wroc.pl\/?p=3860"},"modified":"2025-10-19T09:42:35","modified_gmt":"2025-10-19T07:42:35","slug":"dwudziesta-dziewiata-niedziela-zwykla-19-pazdziernika-2025","status":"publish","type":"post","link":"http:\/\/www.elzbieta.archidiecezja.wroc.pl\/?p=3860","title":{"rendered":"DWUDZIESTA DZIEWI\u0104TA NIEDZIELA ZWYK\u0141A &#8211; 19 pa\u017adziernika 2025"},"content":{"rendered":"<p style=\"text-align: justify;\">1. Dzi\u015b prze\u017cywamy <strong>dwudziest\u0105 dziewi\u0105t\u0105 niedziel\u0119 zwyk\u0142\u0105<\/strong> w ci\u0105gu roku, kt\u00f3ra\u00a0rozpoczyna <span style=\"color: #3366ff;\"><strong>Tydzie\u0144 Misyjny<\/strong><\/span> pod has\u0142em:<span style=\"color: #3366ff;\"><strong> <em>\u201eMisjonarze nadziei\u201d<\/em><\/strong><\/span><em>.<\/em> W naszych modlitwach pami\u0119tajmy o mieszka\u0144cach kraj\u00f3w misyjnych oraz o wszystkich misjonarzach, kt\u00f3rzy g\u0142osz\u0105 im Dobra Nowin\u0119.<br \/>\n<span style=\"color: #3366ff;\"><strong>Ofiary z\u0142o\u017cone dzi\u015b na tac\u0119 zostan\u0105 przekazane na rzecz misji.<\/strong><\/span><\/p>\n<p style=\"text-align: justify;\"><strong>Dzi\u015b <\/strong>odbywa si\u0119 r\u00f3wnie\u017c <strong>coroczne liczenie wiernych<\/strong> Ko\u015bcio\u0142a Katolickiego w Polsce.<\/p>\n<p style=\"text-align: justify;\">Serdecznie zapraszamy <span style=\"color: #ff0000;\"><strong>dzi\u015b na godz. 19:30<\/strong><\/span> do naszej bazyliki na <span style=\"color: #ff0000;\"><strong>koncert<\/strong> <\/span>organowy po\u0142\u0105czony z wyst\u0119pem Orkiestry Wojskowej. <u>Wst\u0119p wolny.<\/u><\/p>\n<p style=\"text-align: justify;\">2. Przez ca\u0142y pa\u017adziernik zapraszamy do naszej bazyliki na <span style=\"color: #00ccff;\"><strong>nabo\u017ce\u0144stwa r\u00f3\u017ca\u0144cowe<\/strong> <strong>o <\/strong><strong>godz. 17:30<\/strong>.<\/span><\/p>\n<p style=\"text-align: justify;\">3. W tym tygodniu wspominamy:<\/p>\n<p style=\"text-align: justify;\">&#8211; w poniedzia\u0142ek <strong><em>\u015bw. Jana Kantego,<\/em><\/strong><\/p>\n<p style=\"text-align: justify;\">&#8211; w \u015brod\u0119 <strong><em>\u015bw. Jana Paw\u0142a II,<\/em><\/strong><\/p>\n<p style=\"text-align: justify;\">4. Zbli\u017ca si\u0119 listopad, kt\u00f3ry jest po\u015bwi\u0119cony modlitwie za zmar\u0142ych. W dniach <strong>od\u00a01\u00a0do 8 listopada o<\/strong> <strong>godz. 17:30<\/strong> b\u0119dziemy odprawia\u0107 <strong>Koronk\u0119 do Bo\u017cego Mi\u0142osierdzia<\/strong> modl\u0105c si\u0119 <strong>za zmar\u0142ych wypisanych na kartkach wypominkowych<\/strong>. W naszej Bazylice pami\u0119tamy o zmar\u0142ych r\u00f3wnie\u017c przez ca\u0142y rok ofiaruj\u0105c za nich <strong>Msz\u0119 \u015bw. w ka\u017cdy I pi\u0105tek miesi\u0105ca<\/strong> <strong>o godz. 18:00<\/strong>, a tak\u017ce <strong>modl\u0105c si\u0119 przed ka\u017cd\u0105 niedzieln\u0105 Msz\u0105 \u015bw. o godz. 12:00<\/strong>. Przy wyj\u015bciu z Bazyliki s\u0105 wy\u0142o\u017cone kartki, na kt\u00f3rych mo\u017cna wypisa\u0107 imiona zmar\u0142ych. <span style=\"color: #993366;\"><strong>Wype\u0142nione kartki wypominkowe nale\u017cy sk\u0142ada\u0107 w zakrystii.<\/strong><\/span><\/p>\n<p style=\"text-align: justify;\"><strong>Jednocze\u015bnie przypominamy, \u017ce od 1 do 8 listopada za pobo\u017cne nawiedzenie cmentarza i modlitw\u0119 za zmar\u0142ych mo\u017cna uzyska\u0107 odpust zupe\u0142ny pod zwyk\u0142ymi warunkami, kt\u00f3ry mo\u017cna ofiarowa\u0107 za dusze w czy\u015b\u0107cu cierpi\u0105ce.<\/strong><\/p>\n<p style=\"text-align: justify;\">5. Ju\u017c teraz serdecznie zapraszamy na <span style=\"color: #ff9900;\"><strong>uroczyst\u0105 Msz\u0119 \u015awi\u0119t\u0105 Odpustow\u0105 <\/strong><strong>w intencji Parafian oraz \u017bo\u0142nierzy i Pracownik\u00f3w Garnizonu Wroc\u0142aw<\/strong>,<\/span> kt\u00f3rej b\u0119dzie przewodniczy\u0142 Jego Ekscelencja Ksi\u0105dz Biskup dr Wies\u0142aw Lechowicz Biskup Polowy Wojska Polskiego, w <span style=\"color: #ff9900;\"><strong>niedziel\u0119 16 listopada o godz. 12:00<\/strong>.<\/span><\/p>\n<p style=\"text-align: justify;\">6. Ofiary zebrane w zesz\u0142ym tygodniu na rzecz zdolnej m\u0142odzie\u017cy z ubogich rodzin w ramach fundacji<span style=\"color: #ff0000;\"> <strong><em>Dzie\u0142o Nowego Tysi\u0105clecia<\/em><\/strong> <\/span>wynios\u0142y <span style=\"color: #ff0000;\"><strong>2.610z\u0142<\/strong><\/span><strong><span style=\"color: #ff0000;\">.<\/span> <\/strong>B\u00f3g zap\u0142a\u0107 za Wasz\u0105 hojno\u015b\u0107.<\/p>\n<p style=\"text-align: justify;\">7. <strong>Solenizantom i jubilatom <\/strong>rozpoczynaj\u0105cego si\u0119 tygodnia \u017cyczymy zdrowia, potrzebnych \u0142ask oraz Bo\u017cego b\u0142ogos\u0142awie\u0144stwa.<\/p>\n<p>8. Zapraszamy r\u00f3wnie\u017c na <strong><span style=\"color: #ff0000;\">koncert charytatywny w najbli\u017cszy pi\u0105tek 24 pa\u017adziernika na godz. 19:00.<\/span> <\/strong>Wyst\u0105pi p. <strong>Wojciech MAZUR <\/strong>&#8211; organista naszej bazyliki oraz p. <strong>Bartosz WI\u0118CKOWSKI<\/strong> \u2013 organista ko\u015bcio\u0142a \u015bw. Henryka we Wroc\u0142awiu.<\/p>\n<p><a href=\"http:\/\/www.elzbieta.archidiecezja.wroc.pl\/wp-content\/uploads\/2025\/10\/image0.png\"><img decoding=\"async\" loading=\"lazy\" class=\"alignleft size-medium wp-image-3849\" src=\"http:\/\/www.elzbieta.archidiecezja.wroc.pl\/wp-content\/uploads\/2025\/10\/image0-212x300.png\" alt=\"\" srcset=\"http:\/\/www.elzbieta.archidiecezja.wroc.pl\/wp-content\/uploads\/2025\/10\/image0-212x300.png 212w, http:\/\/www.elzbieta.archidiecezja.wroc.pl\/wp-content\/uploads\/2025\/10\/image0-724x1024.png 724w, http:\/\/www.elzbieta.archidiecezja.wroc.pl\/wp-content\/uploads\/2025\/10\/image0-768x1086.png 768w, http:\/\/www.elzbieta.archidiecezja.wroc.pl\/wp-content\/uploads\/2025\/10\/image0-1086x1536.png 1086w, http:\/\/www.elzbieta.archidiecezja.wroc.pl\/wp-content\/uploads\/2025\/10\/image0-1448x2048.png 1448w, http:\/\/www.elzbieta.archidiecezja.wroc.pl\/wp-content\/uploads\/2025\/10\/image0.png 1587w\" sizes=\"(max-width: 212px) 100vw, 212px\" \/><\/a><\/p>\n","protected":false},"excerpt":{"rendered":"<p>1. Dzi\u015b prze\u017cywamy dwudziest\u0105 dziewi\u0105t\u0105 niedziel\u0119 zwyk\u0142\u0105 w ci\u0105gu roku, kt\u00f3ra\u00a0rozpoczyna Tydzie\u0144 Misyjny pod has\u0142em: \u201eMisjonarze nadziei\u201d. W naszych modlitwach pami\u0119tajmy o mieszka\u0144cach kraj\u00f3w misyjnych oraz o wszystkich misjonarzach, kt\u00f3rzy g\u0142osz\u0105 im Dobra Nowin\u0119. Ofiary z\u0142o\u017cone dzi\u015b na tac\u0119 zostan\u0105 przekazane na rzecz misji. Dzi\u015b odbywa si\u0119 r\u00f3wnie\u017c coroczne liczenie wiernych Ko\u015bcio\u0142a Katolickiego w Polsce. [&hellip;]<\/p>\n","protected":false},"author":3,"featured_media":3861,"comment_status":"closed","ping_status":"closed","sticky":false,"template":"","format":"standard","meta":[],"categories":[35],"tags":[],"_links":{"self":[{"href":"http:\/\/www.elzbieta.archidiecezja.wroc.pl\/index.php?rest_route=\/wp\/v2\/posts\/3860"}],"collection":[{"href":"http:\/\/www.elzbieta.archidiecezja.wroc.pl\/index.php?rest_route=\/wp\/v2\/posts"}],"about":[{"href":"http:\/\/www.elzbieta.archidiecezja.wroc.pl\/index.php?rest_route=\/wp\/v2\/types\/post"}],"author":[{"embeddable":true,"href":"http:\/\/www.elzbieta.archidiecezja.wroc.pl\/index.php?rest_route=\/wp\/v2\/users\/3"}],"replies":[{"embeddable":true,"href":"http:\/\/www.elzbieta.archidiecezja.wroc.pl\/index.php?rest_route=%2Fwp%2Fv2%2Fcomments&post=3860"}],"version-history":[{"count":2,"href":"http:\/\/www.elzbieta.archidiecezja.wroc.pl\/index.php?rest_route=\/wp\/v2\/posts\/3860\/revisions"}],"predecessor-version":[{"id":3863,"href":"http:\/\/www.elzbieta.archidiecezja.wroc.pl\/index.php?rest_route=\/wp\/v2\/posts\/3860\/revisions\/3863"}],"wp:featuredmedia":[{"embeddable":true,"href":"http:\/\/www.elzbieta.archidiecezja.wroc.pl\/index.php?rest_route=\/wp\/v2\/media\/3861"}],"wp:attachment":[{"href":"http:\/\/www.elzbieta.archidiecezja.wroc.pl\/index.php?rest_route=%2Fwp%2Fv2%2Fmedia&parent=3860"}],"wp:term":[{"taxonomy":"category","embeddable":true,"href":"http:\/\/www.elzbieta.archidiecezja.wroc.pl\/index.php?rest_route=%2Fwp%2Fv2%2Fcategories&post=3860"},{"taxonomy":"post_tag","embeddable":true,"href":"http:\/\/www.elzbieta.archidiecezja.wroc.pl\/index.php?rest_route=%2Fwp%2Fv2%2Ftags&post=3860"}],"curies":[{"name":"wp","href":"https:\/\/api.w.org\/{rel}","templated":true}]}}