{"id":3852,"date":"2025-10-11T11:19:28","date_gmt":"2025-10-11T09:19:28","guid":{"rendered":"http:\/\/www.elzbieta.archidiecezja.wroc.pl\/?p=3852"},"modified":"2025-10-11T11:20:13","modified_gmt":"2025-10-11T09:20:13","slug":"dwudziesta-osma-niedziela-zwykla-12-pazdziernika-2025","status":"publish","type":"post","link":"http:\/\/www.elzbieta.archidiecezja.wroc.pl\/?p=3852","title":{"rendered":"DWUDZIESTA \u00d3SMA NIEDZIELA ZWYK\u0141A &#8211; 12 pa\u017adziernika 2025"},"content":{"rendered":"<p style=\"text-align: justify;\">1. Dzisiaj w ca\u0142ym kraju obchodzimy <strong><span style=\"color: #3366ff;\">XXV Dzie\u0144 Papieski<\/span> <\/strong>pod\u00a0has\u0142em:\u00a0<span style=\"color: #3366ff;\"><strong>\u201e\u015aw. <\/strong><em><strong>Jan Pawe\u0142 II \u2013 <\/strong><\/em><strong>Prorok Nadziei<\/strong><\/span><em><span style=\"color: #3366ff;\"><strong>\u201d<\/strong><\/span>. <\/em>To wspania\u0142a okazja, aby zag\u0142\u0119bi\u0107 si\u0119 w nauczanie \u015bw. Jana Paw\u0142a II oraz\u00a0zaanga\u017cowa\u0107 si\u0119 w budow\u0119 \u017cywego pomnika naszego wielkiego Rodaka wspieraj\u0105c <strong>ofiarami do pusze<\/strong>k zdoln\u0105, lecz ubog\u0105 <strong>m\u0142odzie\u017c.<\/strong><\/p>\n<p style=\"text-align: justify;\">2. Z przykro\u015bci\u0105 informujemy, \u017ce w nocy z 6 na 7 pa\u017adziernika <span style=\"color: #ff0000;\"><strong>zosta\u0142 zniszczony zabytkowy portal<\/strong> <\/span>umieszczony na po\u0142udniowej zewn\u0119trznej elewacji naszej bazyliki. Wy\u0142amanym fragmentem rze\u017aby zosta\u0142o <span style=\"color: #ff0000;\"><strong>wybite szk\u0142o w witra\u017cu \u015bw. Jana Paw\u0142a II<\/strong> <\/span>w Kaplicy Rajc\u00f3w. Zatrwa\u017caj\u0105ce jest to, \u017ce ten haniebny akt wandalizmu mia\u0142 miejsce na kilka dni przed obchodami Dnia Papieskiego.<\/p>\n<p style=\"text-align: justify;\">3. Za tydzie\u0144 odbywa\u0107 si\u0119 b\u0119dzie <strong>coroczne liczenie wiernych<\/strong> Ko\u015bcio\u0142a Katolickiego w Polsce.<\/p>\n<p style=\"text-align: justify;\">4. We wtorek <strong>14 pa\u017adziernika<\/strong> obchodzimy <strong>Dzie\u0144 Edukacji Narodowej<\/strong>. Pami\u0119tajmy w naszych modlitwach o\u00a0 nauczycielach, wychowawcach i\u00a0katechetach.<\/p>\n<p style=\"text-align: justify;\">5. W tym tygodniu wspominamy:<\/p>\n<p style=\"text-align: justify;\">&#8211; w poniedzia\u0142ek <strong><em>b\u0142. Honorata Ko\u017ami\u0144skiego,<\/em><\/strong><\/p>\n<p style=\"text-align: justify;\">&#8211; w \u015brod\u0119 <strong><em>\u015bw. Teres\u0119 od Jezusa,<\/em><\/strong><\/p>\n<p style=\"text-align: justify;\">&#8211; w czwartek <strong><em>\u015bw. Jadwig\u0119 \u015al\u0105sk\u0105 <\/em><\/strong><em>\u2013 g\u0142\u00f3wn\u0105 Patronk\u0119 \u015al\u0105ska i Archidiecezji Wroc\u0142awskiej,<\/em><\/p>\n<p style=\"text-align: justify;\">&#8211; w pi\u0105tek <strong><em>\u015bw. Ignacego Antioche\u0144skiego,<\/em><\/strong><\/p>\n<p style=\"text-align: justify;\">&#8211; w sobot\u0119 <strong><em>\u015bw. \u0141ukasza Ewangelist\u0119.<\/em><\/strong><\/p>\n<p style=\"text-align: justify;\">6. Przez ca\u0142y pa\u017adziernik zapraszamy do naszej bazyliki na <strong>nabo\u017ce\u0144stwa r\u00f3\u017ca\u0144cowe<\/strong> <strong>o <\/strong><strong>godz. 17:30<\/strong>.<\/p>\n<p style=\"text-align: justify;\">7. Zbli\u017ca si\u0119 listopad, kt\u00f3ry jest po\u015bwi\u0119cony modlitwie za zmar\u0142ych. W dniach <strong>od\u00a01\u00a0do 8 listopada o<\/strong> <strong>godz. 17:30<\/strong> b\u0119dziemy odprawia\u0107 <strong>Koronk\u0119 do Bo\u017cego Mi\u0142osierdzia<\/strong> modl\u0105c si\u0119 <strong>za zmar\u0142ych wypisanych na<span style=\"color: #993366;\"> kartkach wypominkowych<\/span><\/strong><span style=\"color: #993366;\">. <\/span>W naszej Bazylice pami\u0119tamy o zmar\u0142ych r\u00f3wnie\u017c przez ca\u0142y rok ofiaruj\u0105c za nich <strong>Msz\u0119 \u015bw. w ka\u017cdy I pi\u0105tek miesi\u0105ca<\/strong> <strong>o godz. 18:00<\/strong>, a tak\u017ce <strong>modl\u0105c si\u0119 przed ka\u017cd\u0105 niedzieln\u0105 Msz\u0105 \u015bw. o godz. 12:00<\/strong>. Przy wyj\u015bciu z Bazyliki s\u0105 wy\u0142o\u017cone kartki, na kt\u00f3rych mo\u017cna wypisa\u0107 imiona zmar\u0142ych. <span style=\"color: #cc99ff;\"><strong>Wype\u0142nione kartki wypominkowe nale\u017cy sk\u0142ada\u0107 w zakrystii.<\/strong><\/span><\/p>\n<p style=\"text-align: justify;\"><strong>Jednocze\u015bnie przypominamy, \u017ce od 1 do 8 listopada za pobo\u017cne nawiedzenie cmentarza i modlitw\u0119 za zmar\u0142ych mo\u017cna uzyska\u0107 odpust zupe\u0142ny pod zwyk\u0142ymi warunkami, kt\u00f3ry mo\u017cna ofiarowa\u0107 za dusze w czy\u015b\u0107cu cierpi\u0105ce.<\/strong><\/p>\n<p style=\"text-align: justify;\">8. Ju\u017c teraz serdecznie zapraszamy na <strong><span style=\"color: #ff6600;\">uroczyst\u0105 Msz\u0119 \u015awi\u0119t\u0105 Odpustow\u0105<\/span> <\/strong><strong>w intencji Parafian oraz \u017bo\u0142nierzy i Pracownik\u00f3w Garnizonu Wroc\u0142aw<\/strong>, kt\u00f3rej b\u0119dzie przewodniczy\u0142 Jego Ekscelencja Ksi\u0105dz Biskup dr Wies\u0142aw Lechowicz Biskup Polowy Wojska Polskiego, w <span style=\"color: #ff6600;\"><strong>niedziel\u0119 16 listopada o godz. 12:00<\/strong>.<\/span><\/p>\n<p style=\"text-align: justify;\">9. Podczas ostatniej kwesty wolontariusze parafialnego <span style=\"color: #ff0000;\"><strong>Caritas<\/strong> <\/span>zebrali do puszek ofiary na kwot\u0119 <strong>1.285 z\u0142<\/strong>. <strong>B\u00f3g zap\u0142a\u0107 za z\u0142o\u017cone ofiary<\/strong>.<\/p>\n<p style=\"text-align: justify;\">10. <strong>Solenizantom i jubilatom <\/strong>rozpoczynaj\u0105cego si\u0119 tygodnia \u017cyczymy zdrowia, potrzebnych \u0142ask oraz Bo\u017cego b\u0142ogos\u0142awie\u0144stwa.<\/p>\n","protected":false},"excerpt":{"rendered":"<p>1. Dzisiaj w ca\u0142ym kraju obchodzimy XXV Dzie\u0144 Papieski pod\u00a0has\u0142em:\u00a0\u201e\u015aw. Jan Pawe\u0142 II \u2013 Prorok Nadziei\u201d. To wspania\u0142a okazja, aby zag\u0142\u0119bi\u0107 si\u0119 w nauczanie \u015bw. Jana Paw\u0142a II oraz\u00a0zaanga\u017cowa\u0107 si\u0119 w budow\u0119 \u017cywego pomnika naszego wielkiego Rodaka wspieraj\u0105c ofiarami do puszek zdoln\u0105, lecz ubog\u0105 m\u0142odzie\u017c. 2. Z przykro\u015bci\u0105 informujemy, \u017ce w nocy z 6 na [&hellip;]<\/p>\n","protected":false},"author":3,"featured_media":3853,"comment_status":"closed","ping_status":"closed","sticky":false,"template":"","format":"standard","meta":[],"categories":[35],"tags":[],"_links":{"self":[{"href":"http:\/\/www.elzbieta.archidiecezja.wroc.pl\/index.php?rest_route=\/wp\/v2\/posts\/3852"}],"collection":[{"href":"http:\/\/www.elzbieta.archidiecezja.wroc.pl\/index.php?rest_route=\/wp\/v2\/posts"}],"about":[{"href":"http:\/\/www.elzbieta.archidiecezja.wroc.pl\/index.php?rest_route=\/wp\/v2\/types\/post"}],"author":[{"embeddable":true,"href":"http:\/\/www.elzbieta.archidiecezja.wroc.pl\/index.php?rest_route=\/wp\/v2\/users\/3"}],"replies":[{"embeddable":true,"href":"http:\/\/www.elzbieta.archidiecezja.wroc.pl\/index.php?rest_route=%2Fwp%2Fv2%2Fcomments&post=3852"}],"version-history":[{"count":2,"href":"http:\/\/www.elzbieta.archidiecezja.wroc.pl\/index.php?rest_route=\/wp\/v2\/posts\/3852\/revisions"}],"predecessor-version":[{"id":3855,"href":"http:\/\/www.elzbieta.archidiecezja.wroc.pl\/index.php?rest_route=\/wp\/v2\/posts\/3852\/revisions\/3855"}],"wp:featuredmedia":[{"embeddable":true,"href":"http:\/\/www.elzbieta.archidiecezja.wroc.pl\/index.php?rest_route=\/wp\/v2\/media\/3853"}],"wp:attachment":[{"href":"http:\/\/www.elzbieta.archidiecezja.wroc.pl\/index.php?rest_route=%2Fwp%2Fv2%2Fmedia&parent=3852"}],"wp:term":[{"taxonomy":"category","embeddable":true,"href":"http:\/\/www.elzbieta.archidiecezja.wroc.pl\/index.php?rest_route=%2Fwp%2Fv2%2Fcategories&post=3852"},{"taxonomy":"post_tag","embeddable":true,"href":"http:\/\/www.elzbieta.archidiecezja.wroc.pl\/index.php?rest_route=%2Fwp%2Fv2%2Ftags&post=3852"}],"curies":[{"name":"wp","href":"https:\/\/api.w.org\/{rel}","templated":true}]}}