{"id":3843,"date":"2025-10-04T11:56:57","date_gmt":"2025-10-04T09:56:57","guid":{"rendered":"http:\/\/www.elzbieta.archidiecezja.wroc.pl\/?p=3843"},"modified":"2025-10-04T12:00:19","modified_gmt":"2025-10-04T10:00:19","slug":"dwudziesta-siodma-niedziela-zwykla-5-pazdziernika-2025","status":"publish","type":"post","link":"http:\/\/www.elzbieta.archidiecezja.wroc.pl\/?p=3843","title":{"rendered":"DWUDZIESTA SI\u00d3DMA NIEDZIELA ZWYK\u0141A &#8211; 5 pa\u017adziernika 2025"},"content":{"rendered":"<p style=\"text-align: justify;\"><strong>1. Dzisiaj <\/strong>prze\u017cywamy <strong>dwudziest\u0105 si\u00f3dm\u0105 niedziel\u0119 zwyk\u0142\u0105<\/strong>.<br \/>\n<strong>Po Mszy \u015bw. o godz. 12:00<\/strong> z naszej Bazyliki wyruszy <span style=\"color: #ff0000;\"><strong>Marsz dla \u017bycia i Rodziny <\/strong>pod has\u0142em: <strong><em>\u201ePrzysz\u0142o\u015b\u0107 dzieci w naszych r\u0119kach\u201d.<\/em><\/strong> <\/span>Zach\u0119camy do udzia\u0142u w tym wydarzeniu.<\/p>\n<p style=\"text-align: justify;\"><strong>Z okazji trwaj\u0105cego <\/strong><span style=\"color: #008000;\"><strong>Roku Jubileuszowego 2025 <u>w pierwsze niedziele miesi\u0105ca<\/u> go\u015bcimy ksi\u0119\u017cy kanonik\u00f3w<\/strong><\/span><strong><span style=\"color: #008000;\">,<\/span> cz\u0142onk\u00f3w kapitu\u0142y przy naszej bazylice, kt\u00f3rzy g\u0142osz\u0105 S\u0142owo Bo\u017ce<\/strong> <strong>na ka\u017cdej Mszy \u015bw. oraz pos\u0142uguj\u0105 w konfesjonale.<\/strong><\/p>\n<p style=\"text-align: justify;\"><strong>Dzi\u015b serdecznie witamy <\/strong><span style=\"color: #008000;\"><strong>ksi\u0119dza<\/strong> <strong>p\u0142k. Rados\u0142awa MICHNOWSKIEGO <\/strong><\/span><strong>\u2013 Dziekana Dekanatu Wojsk Obrony Terytorialnej, Proboszcza Parafii Wojskowej pw. \u015bw. Gabriela Archanio\u0142a w Zegrzu.<\/strong><\/p>\n<p style=\"text-align: justify;\"><strong>Ksi\u0119\u017ca kanonicy posiadaj\u0105 uprawnienia penitencjarza diecezjalnego, upowa\u017cniaj\u0105ce do udzielania rozgrzeszenia najci\u0119\u017cszych grzech\u00f3w. <\/strong><\/p>\n<p style=\"text-align: justify;\">2. Przez ca\u0142y pa\u017adziernik zapraszamy do naszej bazyliki na <span style=\"color: #3366ff;\"><strong>nabo\u017ce\u0144stwa r\u00f3\u017ca\u0144cowe<\/strong> o\u00a0<strong>godz. 17:30<\/strong>.<\/span> We wtorek przypada <strong>wspomnienie NMP R\u00f3\u017ca\u0144cowej<\/strong>.<\/p>\n<p style=\"text-align: justify;\">3. <strong>W\u00a0przysz\u0142\u0105 niedziel\u0119<\/strong> <strong>12 pa\u017adziernika<\/strong> w ca\u0142ym kraju b\u0119dziemy obchodzi\u0107 <span style=\"color: #ff9900;\"><strong>XXV Dzie\u0144 Papieski<\/strong> <\/span>pod has\u0142em: \u201e<strong>\u015aw. Jan Pawe\u0142 II. Prorok Nadziei<\/strong>\u201d. Ofiary z\u0142o\u017cone tego dnia do puszek zostan\u0105 przekazane na <strong>stypendia<\/strong> dla zdolnej m\u0142odzie\u017cy z ubogich rodzin.<\/p>\n<p style=\"text-align: justify;\">4. Ju\u017c teraz serdecznie zapraszamy na <strong>uroczyst\u0105 <span style=\"color: #339966;\">Msz\u0119 \u015awi\u0119t\u0105 Odpustow\u0105 <\/span><\/strong><strong>w intencji Parafian oraz \u017bo\u0142nierzy i Pracownik\u00f3w Garnizonu Wroc\u0142aw<\/strong>, kt\u00f3rej b\u0119dzie przewodniczy\u0142 Jego Ekscelencja Ksi\u0105dz Biskup dr Wies\u0142aw Lechowicz Biskup Polowy Wojska Polskiego, w <span style=\"color: #339966;\"><strong>niedziel\u0119 16 listopada o godz. 12:00<\/strong>.<\/span><\/p>\n<p style=\"text-align: justify;\">5. <strong>Dzisiaj<\/strong> wolontariusza parafialnego oddzia\u0142u <span style=\"color: #ff0000;\"><strong>Caritas<\/strong> <\/span>zbieraj\u0105 ofiary <strong>dla rodzin w trudnej sytuacji materialnej. <\/strong><\/p>\n<p style=\"text-align: justify;\"><strong>6. Solenizantom i jubilatom <\/strong>rozpoczynaj\u0105cego si\u0119 tygodnia \u017cyczymy zdrowia, potrzebnych \u0142ask oraz Bo\u017cego b\u0142ogos\u0142awie\u0144stwa.<\/p>\n<p style=\"text-align: justify;\">\n<p style=\"text-align: justify;\">\n","protected":false},"excerpt":{"rendered":"<p>1. Dzisiaj prze\u017cywamy dwudziest\u0105 si\u00f3dm\u0105 niedziel\u0119 zwyk\u0142\u0105. Po Mszy \u015bw. o godz. 12:00 z naszej Bazyliki wyruszy Marsz dla \u017bycia i Rodziny pod has\u0142em: \u201ePrzysz\u0142o\u015b\u0107 dzieci w naszych r\u0119kach\u201d. Zach\u0119camy do udzia\u0142u w tym wydarzeniu. Z okazji trwaj\u0105cego Roku Jubileuszowego 2025 w pierwsze niedziele miesi\u0105ca go\u015bcimy ksi\u0119\u017cy kanonik\u00f3w, cz\u0142onk\u00f3w kapitu\u0142y przy naszej bazylice, kt\u00f3rzy g\u0142osz\u0105 [&hellip;]<\/p>\n","protected":false},"author":3,"featured_media":3844,"comment_status":"closed","ping_status":"closed","sticky":false,"template":"","format":"standard","meta":[],"categories":[35],"tags":[],"_links":{"self":[{"href":"http:\/\/www.elzbieta.archidiecezja.wroc.pl\/index.php?rest_route=\/wp\/v2\/posts\/3843"}],"collection":[{"href":"http:\/\/www.elzbieta.archidiecezja.wroc.pl\/index.php?rest_route=\/wp\/v2\/posts"}],"about":[{"href":"http:\/\/www.elzbieta.archidiecezja.wroc.pl\/index.php?rest_route=\/wp\/v2\/types\/post"}],"author":[{"embeddable":true,"href":"http:\/\/www.elzbieta.archidiecezja.wroc.pl\/index.php?rest_route=\/wp\/v2\/users\/3"}],"replies":[{"embeddable":true,"href":"http:\/\/www.elzbieta.archidiecezja.wroc.pl\/index.php?rest_route=%2Fwp%2Fv2%2Fcomments&post=3843"}],"version-history":[{"count":3,"href":"http:\/\/www.elzbieta.archidiecezja.wroc.pl\/index.php?rest_route=\/wp\/v2\/posts\/3843\/revisions"}],"predecessor-version":[{"id":3847,"href":"http:\/\/www.elzbieta.archidiecezja.wroc.pl\/index.php?rest_route=\/wp\/v2\/posts\/3843\/revisions\/3847"}],"wp:featuredmedia":[{"embeddable":true,"href":"http:\/\/www.elzbieta.archidiecezja.wroc.pl\/index.php?rest_route=\/wp\/v2\/media\/3844"}],"wp:attachment":[{"href":"http:\/\/www.elzbieta.archidiecezja.wroc.pl\/index.php?rest_route=%2Fwp%2Fv2%2Fmedia&parent=3843"}],"wp:term":[{"taxonomy":"category","embeddable":true,"href":"http:\/\/www.elzbieta.archidiecezja.wroc.pl\/index.php?rest_route=%2Fwp%2Fv2%2Fcategories&post=3843"},{"taxonomy":"post_tag","embeddable":true,"href":"http:\/\/www.elzbieta.archidiecezja.wroc.pl\/index.php?rest_route=%2Fwp%2Fv2%2Ftags&post=3843"}],"curies":[{"name":"wp","href":"https:\/\/api.w.org\/{rel}","templated":true}]}}