{"id":3839,"date":"2025-09-27T07:50:53","date_gmt":"2025-09-27T05:50:53","guid":{"rendered":"http:\/\/www.elzbieta.archidiecezja.wroc.pl\/?p=3839"},"modified":"2025-09-27T07:50:53","modified_gmt":"2025-09-27T05:50:53","slug":"dwudziesta-szosta-niedziela-zwykla-28-wrzesnia-2025","status":"publish","type":"post","link":"http:\/\/www.elzbieta.archidiecezja.wroc.pl\/?p=3839","title":{"rendered":"DWUDZIESTA SZ\u00d3STA NIEDZIELA ZWYK\u0141A &#8211; 28 wrze\u015bnia 2025"},"content":{"rendered":"<p style=\"text-align: justify;\">1. Ostatnia niedziela wrze\u015bnia jest obchodzona jako<strong> \u015awiatowy Dzie\u0144 Migrant\u00f3w i Uchod\u017ac\u00f3w<\/strong>. Pami\u0119tajmy w\u00a0naszych modlitwach o osobach, kt\u00f3re z r\u00f3\u017cnych powod\u00f3w opu\u015bci\u0142y swoje ojczyzny.<\/p>\n<p style=\"text-align: justify;\">2.<strong> W \u015brod\u0119 rozpocznie si\u0119 nowy rok akademicki. <\/strong>Polecajmy Bogu wszystkich student\u00f3w i wyk\u0142adowc\u00f3w wroc\u0142awskich uczelni, a zw\u0142aszcza podchor\u0105\u017cych oraz kadr\u0119\u00a0<strong>Akademii Wojsk L\u0105dowych<\/strong>, w kt\u00f3rej kszta\u0142c\u0105 si\u0119 przyszli oficerowie Wojska Polskiego.<\/p>\n<p style=\"text-align: justify;\">3. Przez ca\u0142y pa\u017adziernik zapraszamy na<span style=\"color: #993366;\"> <strong>nabo\u017ce\u0144stwa r\u00f3\u017ca\u0144cowe<\/strong> o\u00a0<strong>godz. <\/strong><strong>17:30<\/strong>.<\/span><\/p>\n<p style=\"text-align: justify;\">4. <strong>W tym tygodniu przypada pierwszy czwartek, pi\u0105tek i sobota<\/strong> <strong>miesi\u0105ca<\/strong>:<\/p>\n<p style=\"text-align: justify;\">&#8211; <u>w pierwszy <\/u><strong><u>czwartek<\/u><\/strong> zapraszamy na ca\u0142odzienn\u0105 <strong>adoracj\u0119 Naj\u015bwi\u0119tszego Sakramentu<\/strong>,<\/p>\n<p style=\"text-align: justify;\">&#8211; <u>w pierwszy <\/u><strong><u>pi\u0105tek<\/u><\/strong> zach\u0119camy do skorzystania z <strong>sakramentu pokuty i\u00a0pojednania<\/strong>,<\/p>\n<p style=\"text-align: justify;\">&#8211;\u00a0<u>w pierwsz\u0105 <\/u><strong><u>sobot\u0119<\/u><\/strong> po Mszy \u015bw. porannej zapraszamy do udzia\u0142u w <strong>nabo\u017ce\u0144stwie wynagradzaj\u0105cym Niepokalanemu Sercu Maryi<\/strong>. Tego dnia w\u00a0godzinach porannych udamy si\u0119 z <strong>pos\u0142ug\u0105 sakramentaln\u0105 do chorych<\/strong> z\u00a0naszej parafii.<\/p>\n<p style=\"text-align: justify;\">5.<strong> W tym tygodniu wspominamy:<\/strong><\/p>\n<p style=\"text-align: justify;\">&#8211; w poniedzia\u0142ek\u00a0<em><strong>\u015bw. Archanio\u0142\u00f3w: Micha\u0142a, Gabriela i Rafa\u0142a<\/strong>,<\/em><\/p>\n<p style=\"text-align: justify;\"><em>&#8211; we wtorek <\/em><em><strong>\u015bw. Hieronima <\/strong><\/em><em>\u2013 prezbitera i doktora Ko\u015bcio\u0142a,<\/em><\/p>\n<p style=\"text-align: justify;\">&#8211; w \u015brod\u0119 <em><strong>\u015bw. Teres\u0119 od Dzieci\u0105tka Jezus <\/strong>\u2013 dziewic\u0119 i doktor Ko\u015bcio\u0142a,<\/em><\/p>\n<p style=\"text-align: justify;\">&#8211; w czwartek <strong><em>\u015bw. Anio\u0142\u00f3w Str\u00f3\u017c\u00f3w<\/em><\/strong><em>,<\/em><\/p>\n<p style=\"text-align: justify;\">&#8211; w sobot\u0119 <strong><em>\u015bw. Franciszka z Asy\u017cu<\/em><\/strong><em>,<\/em><\/p>\n<p style=\"text-align: justify;\">\u00ad6. W przysz\u0142\u0105 niedziel\u0119: <span style=\"color: #3366ff;\"><strong>5 pa\u017adziernika<\/strong><\/span> po Mszy \u015bw. o godz. <strong>1<span style=\"color: #3366ff;\">0:00<\/span><\/strong><span style=\"color: #3366ff;\"> <strong>spotkanie rodzic\u00f3w wraz z dzie\u0107mi <\/strong><\/span>przygotowuj\u0105cymi si\u0119<span style=\"color: #3366ff;\"><strong> do przyj\u0119cia <\/strong><strong>I Komunii \u015bw.<\/strong><\/span><strong><span style=\"color: #3366ff;\"> w\u00a0naszej parafii.<\/span><br \/>\n<\/strong><\/p>\n<p style=\"text-align: justify;\">Tego dnia po Mszy \u015bw. o godz. <strong>12:00<\/strong> z naszej Bazyliki wyruszy <strong>Marsz dla \u017bycia i Rodziny<\/strong><strong> pod has\u0142em <em>\u201ePrzysz\u0142o\u015b\u0107 dzieci w naszych r\u0119kach\u201d<\/em><\/strong><em>. <\/em>Zach\u0119camy do udzia\u0142u w tym wydarzeniu.<\/p>\n<p style=\"text-align: justify;\">Z okazji trwaj\u0105cego <strong>Roku Jubileuszowego 2025 <u>w pierwsze niedziele miesi\u0105ca<\/u> go\u015bcimy ksi\u0119\u017cy kanonik\u00f3w<\/strong>, cz\u0142onk\u00f3w kapitu\u0142y przy naszej bazylice, kt\u00f3rzy g\u0142osz\u0105 S\u0142owo Bo\u017ce na ka\u017cdej Mszy \u015bw. oraz pos\u0142uguj\u0105 w konfesjonale. W przysz\u0142\u0105 niedziel\u0119 go\u015bci\u0107 b\u0119dziemy <strong>ks. kan. p\u0142k. Rados\u0142awa MICHNOWSKIEGO<\/strong> \u2013 Dziekana Dekanatu Wojsk Obrony Terytorialnej, Proboszcza Parafii Wojskowej pw. \u015bw. Gabriela Archanio\u0142a w Zegrzu.<\/p>\n<p style=\"text-align: justify;\">7. <strong>Solenizantom i jubilatom <\/strong>rozpoczynaj\u0105cego si\u0119 tygodnia \u017cyczymy zdrowia, potrzebnych \u0142ask oraz Bo\u017cego b\u0142ogos\u0142awie\u0144stwa.<\/p>\n","protected":false},"excerpt":{"rendered":"<p>1. Ostatnia niedziela wrze\u015bnia jest obchodzona jako \u015awiatowy Dzie\u0144 Migrant\u00f3w i Uchod\u017ac\u00f3w. Pami\u0119tajmy w\u00a0naszych modlitwach o osobach, kt\u00f3re z r\u00f3\u017cnych powod\u00f3w opu\u015bci\u0142y swoje ojczyzny. 2. W \u015brod\u0119 rozpocznie si\u0119 nowy rok akademicki. Polecajmy Bogu wszystkich student\u00f3w i wyk\u0142adowc\u00f3w wroc\u0142awskich uczelni, a zw\u0142aszcza podchor\u0105\u017cych oraz kadr\u0119\u00a0Akademii Wojsk L\u0105dowych, w kt\u00f3rej kszta\u0142c\u0105 si\u0119 przyszli oficerowie Wojska Polskiego. [&hellip;]<\/p>\n","protected":false},"author":3,"featured_media":3840,"comment_status":"closed","ping_status":"closed","sticky":false,"template":"","format":"standard","meta":[],"categories":[35],"tags":[],"_links":{"self":[{"href":"http:\/\/www.elzbieta.archidiecezja.wroc.pl\/index.php?rest_route=\/wp\/v2\/posts\/3839"}],"collection":[{"href":"http:\/\/www.elzbieta.archidiecezja.wroc.pl\/index.php?rest_route=\/wp\/v2\/posts"}],"about":[{"href":"http:\/\/www.elzbieta.archidiecezja.wroc.pl\/index.php?rest_route=\/wp\/v2\/types\/post"}],"author":[{"embeddable":true,"href":"http:\/\/www.elzbieta.archidiecezja.wroc.pl\/index.php?rest_route=\/wp\/v2\/users\/3"}],"replies":[{"embeddable":true,"href":"http:\/\/www.elzbieta.archidiecezja.wroc.pl\/index.php?rest_route=%2Fwp%2Fv2%2Fcomments&post=3839"}],"version-history":[{"count":1,"href":"http:\/\/www.elzbieta.archidiecezja.wroc.pl\/index.php?rest_route=\/wp\/v2\/posts\/3839\/revisions"}],"predecessor-version":[{"id":3841,"href":"http:\/\/www.elzbieta.archidiecezja.wroc.pl\/index.php?rest_route=\/wp\/v2\/posts\/3839\/revisions\/3841"}],"wp:featuredmedia":[{"embeddable":true,"href":"http:\/\/www.elzbieta.archidiecezja.wroc.pl\/index.php?rest_route=\/wp\/v2\/media\/3840"}],"wp:attachment":[{"href":"http:\/\/www.elzbieta.archidiecezja.wroc.pl\/index.php?rest_route=%2Fwp%2Fv2%2Fmedia&parent=3839"}],"wp:term":[{"taxonomy":"category","embeddable":true,"href":"http:\/\/www.elzbieta.archidiecezja.wroc.pl\/index.php?rest_route=%2Fwp%2Fv2%2Fcategories&post=3839"},{"taxonomy":"post_tag","embeddable":true,"href":"http:\/\/www.elzbieta.archidiecezja.wroc.pl\/index.php?rest_route=%2Fwp%2Fv2%2Ftags&post=3839"}],"curies":[{"name":"wp","href":"https:\/\/api.w.org\/{rel}","templated":true}]}}