{"id":3832,"date":"2025-09-20T06:00:28","date_gmt":"2025-09-20T04:00:28","guid":{"rendered":"http:\/\/www.elzbieta.archidiecezja.wroc.pl\/?p=3832"},"modified":"2025-09-18T17:19:44","modified_gmt":"2025-09-18T15:19:44","slug":"dwudziesta-piata-niedziela-zwykla-21-wrzesnia-2025","status":"publish","type":"post","link":"http:\/\/www.elzbieta.archidiecezja.wroc.pl\/?p=3832","title":{"rendered":"DWUDZIESTA PI\u0104TA NIEDZIELA ZWYK\u0141A &#8211; 21 wrze\u015bnia 2025"},"content":{"rendered":"<p>1. Dzisiaj prze\u017cywamy <strong>dwudziest\u0105 pi\u0105t\u0105 niedziel\u0119 zwyk\u0142\u0105<\/strong><strong>.<\/strong><\/p>\n<p>2. <strong>W tym tygodniu wspominamy<\/strong><strong>:<\/strong><\/p>\n<p>\u2013 we wtorek <strong><em>\u015bw. ojca Pio<\/em><\/strong><em> &#8211; prezbitera,<\/em><\/p>\n<p>\u2013 w sobot\u0119\u00a0 <strong><em>\u015bw. Wincentego \u00e0 Paulo<\/em><\/strong><em> \u2013 prezbitera.<\/em><\/p>\n<p>3. Zapraszamy do naszej bazyliki na <span style=\"color: #ff0000;\"><strong>ostatni z cyklu<\/strong><\/span> <strong>letnich koncert\u00f3w organowych w wykonaniu \u201eM\u0142odych Mistrz\u00f3w\u201d<\/strong>, w najbli\u017cszy <strong>pi\u0105tek <\/strong>o godz. <strong>19:00<\/strong>. <u>Wst\u0119p wolny. <\/u><\/p>\n<p>4. Informujemy, \u017ce istnieje mo\u017cliwo\u015b\u0107 przyst\u0105pienia do <span style=\"color: #ff0000;\"><strong>I Komunii \u015bw<\/strong><strong>i\u0119tej<\/strong> <\/span>dzieci oraz\u00a0do\u00a0<strong><span style=\"color: #ff0000;\">sakramentu Bierzmowania<\/span><\/strong> m\u0142odzie\u017cy, a tak\u017ce doros\u0142ych z naszej parafii oraz z\u00a0ca\u0142ego Garnizonu Wroc\u0142aw. <strong>Ch\u0119tnych prosimy o zapisywanie si\u0119 w\u00a0kancelarii parafialnej lub zakrystii do ko\u0144ca wrze\u015bnia.<\/strong><\/p>\n<p>5. W przysz\u0142\u0105 niedziel\u0119<span style=\"color: #ff0000;\"> <strong>28 wrze\u015bnia<\/strong><\/span> po Mszy \u015bw. o godz. <span style=\"color: #ff0000;\"><strong>10:00<\/strong> <\/span>odb\u0119dzie si\u0119 <strong><span style=\"color: #ff0000;\">spotkanie organizacyjne kandydat\u00f3w do <\/span><\/strong><span style=\"color: #ff0000;\"><strong>sakramentu bierzmowania <\/strong><\/span><strong>wraz z rodzicami.<\/strong><\/p>\n<p>6. <strong>Solenizantom i jubilatom <\/strong>rozpoczynaj\u0105cego si\u0119 tygodnia \u017cyczymy zdrowia, potrzebnych \u0142ask oraz Bo\u017cego b\u0142ogos\u0142awie\u0144stwa.<\/p>\n","protected":false},"excerpt":{"rendered":"<p>1. Dzisiaj prze\u017cywamy dwudziest\u0105 pi\u0105t\u0105 niedziel\u0119 zwyk\u0142\u0105. 2. W tym tygodniu wspominamy: \u2013 we wtorek \u015bw. ojca Pio &#8211; prezbitera, \u2013 w sobot\u0119\u00a0 \u015bw. Wincentego \u00e0 Paulo \u2013 prezbitera. 3. Zapraszamy do naszej bazyliki na ostatni z cyklu letnich koncert\u00f3w organowych w wykonaniu \u201eM\u0142odych Mistrz\u00f3w\u201d, w najbli\u017cszy pi\u0105tek o godz. 19:00. Wst\u0119p wolny. 4. Informujemy, [&hellip;]<\/p>\n","protected":false},"author":3,"featured_media":3833,"comment_status":"closed","ping_status":"closed","sticky":false,"template":"","format":"standard","meta":[],"categories":[35],"tags":[],"_links":{"self":[{"href":"http:\/\/www.elzbieta.archidiecezja.wroc.pl\/index.php?rest_route=\/wp\/v2\/posts\/3832"}],"collection":[{"href":"http:\/\/www.elzbieta.archidiecezja.wroc.pl\/index.php?rest_route=\/wp\/v2\/posts"}],"about":[{"href":"http:\/\/www.elzbieta.archidiecezja.wroc.pl\/index.php?rest_route=\/wp\/v2\/types\/post"}],"author":[{"embeddable":true,"href":"http:\/\/www.elzbieta.archidiecezja.wroc.pl\/index.php?rest_route=\/wp\/v2\/users\/3"}],"replies":[{"embeddable":true,"href":"http:\/\/www.elzbieta.archidiecezja.wroc.pl\/index.php?rest_route=%2Fwp%2Fv2%2Fcomments&post=3832"}],"version-history":[{"count":3,"href":"http:\/\/www.elzbieta.archidiecezja.wroc.pl\/index.php?rest_route=\/wp\/v2\/posts\/3832\/revisions"}],"predecessor-version":[{"id":3837,"href":"http:\/\/www.elzbieta.archidiecezja.wroc.pl\/index.php?rest_route=\/wp\/v2\/posts\/3832\/revisions\/3837"}],"wp:featuredmedia":[{"embeddable":true,"href":"http:\/\/www.elzbieta.archidiecezja.wroc.pl\/index.php?rest_route=\/wp\/v2\/media\/3833"}],"wp:attachment":[{"href":"http:\/\/www.elzbieta.archidiecezja.wroc.pl\/index.php?rest_route=%2Fwp%2Fv2%2Fmedia&parent=3832"}],"wp:term":[{"taxonomy":"category","embeddable":true,"href":"http:\/\/www.elzbieta.archidiecezja.wroc.pl\/index.php?rest_route=%2Fwp%2Fv2%2Fcategories&post=3832"},{"taxonomy":"post_tag","embeddable":true,"href":"http:\/\/www.elzbieta.archidiecezja.wroc.pl\/index.php?rest_route=%2Fwp%2Fv2%2Ftags&post=3832"}],"curies":[{"name":"wp","href":"https:\/\/api.w.org\/{rel}","templated":true}]}}