{"id":3824,"date":"2025-09-13T16:15:35","date_gmt":"2025-09-13T14:15:35","guid":{"rendered":"http:\/\/www.elzbieta.archidiecezja.wroc.pl\/?p=3824"},"modified":"2025-09-13T16:16:04","modified_gmt":"2025-09-13T14:16:04","slug":"niedziela-podwyzszenie-krzyza-swietego-14-wrzesnia-2025","status":"publish","type":"post","link":"http:\/\/www.elzbieta.archidiecezja.wroc.pl\/?p=3824","title":{"rendered":"NIEDZIELA PODWY\u017bSZENIE KRZY\u017bA \u015aWIETEGO &#8211; 14 wrze\u015bnia 2025"},"content":{"rendered":"<p style=\"text-align: justify;\">1. Dzisiejsza niedziela <span style=\"color: #0000ff;\"><strong>Podwy\u017cszenia Krzy\u017ca \u015awi\u0119tego<\/strong><\/span> rozpoczyna <span style=\"color: #0000ff;\"><strong>XV Tydzie\u0144 Wychowania<\/strong><strong> pod has\u0142em <\/strong><strong>\u201e<\/strong><strong>Wsp\u00f3lnota nadziei<\/strong><strong>\u201d<\/strong>.<\/span> M\u00f3dlmy si\u0119 za wszystkich rodzic\u00f3w, wychowawc\u00f3w i\u00a0nauczycieli, aby\u00a0swoim \u017cyciem dawali \u015bwiadectwo chrze\u015bcija\u0144skiej nadziei.<\/p>\n<p style=\"text-align: justify;\">2. <span style=\"color: #ff9900;\"><strong>W dniu dzisiejszym <\/strong><strong>o godz. 16:00 <\/strong><\/span>w naszej Bazylice odb\u0119dzie si\u0119 nabo\u017ce\u0144stwo pod przewodnictwem <strong>Ks. Biskupa Jacka KICI\u0143SKIEGO<\/strong>. Po modlitwie wyruszy\u00a0<span style=\"color: #ff9900;\"><strong>procesja dzi\u0119kczynno\u2013b\u0142agalna z relikwiami<\/strong><strong> \u015bw. Stanis\u0142awa <\/strong><strong>i \u015bw. Doroty <\/strong><\/span><strong>w 28. rocznic\u0119 wielkiej powodzi na Dolnym \u015al\u0105sku i we Wroc\u0142awiu. <\/strong>Zako\u0144czy si\u0119 ona Msz\u0105 \u015bw. w ko\u015bciele \u015bwi\u0119tych: Stanis\u0142awa, Doroty i Wac\u0142awa. Zach\u0119camy do udzia\u0142u w\u00a0tym wydarzeniu.<\/p>\n<p style=\"text-align: justify;\">3. W dniach od 15 do 19 wrze\u015bnia jako kapelani b\u0119dziemy uczestniczy\u0107 <strong>w rekolekcjach kap\u0142a\u0144skich<\/strong>. Prosimy o modlitw\u0119 w naszej intencji, jednocze\u015bnie \u00a0zapewniamy o duchowej pami\u0119ci.<\/p>\n<p style=\"text-align: justify;\">4. <strong>W tym tygodniu wspominamy:<\/strong><\/p>\n<p style=\"text-align: justify;\">\u2013 w poniedzia\u0142ek <em><strong>NMP Bolesn\u0105,<\/strong><\/em><\/p>\n<p style=\"text-align: justify;\">\u2013 we wtorek <em><strong>\u015bw. Korneliusza i Cypriana <\/strong>\u2013 m\u0119czennik\u00f3w,<\/em><\/p>\n<p style=\"text-align: justify;\">\u2013 <em>w <\/em><em>czwartek <strong>\u015bw. Stanis\u0142awa Kostk\u0119 \u2013 <\/strong>zakonnika,<\/em><\/p>\n<p style=\"text-align: justify;\">\u2013 w sobot\u0119 <em><strong>\u015bw. m\u0119czennik\u00f3w korea\u0144skich: Andrzeja, Paw\u0142a i Towarzyszy<\/strong>.<\/em><\/p>\n<p style=\"text-align: justify;\">5. W<span style=\"color: #008000;\"> <strong>ka\u017cdy pi\u0105tek wrze\u015bnia<\/strong> <\/span>o\u00a0godz.\u00a0<span style=\"color: #008000;\"><strong>19:00<\/strong> <\/span>zapraszamy do naszej bazyliki na <span style=\"color: #008000;\"><strong>koncerty organowe<\/strong><\/span><strong> w wykonaniu \u201eM\u0142odych Mistrz\u00f3w\u201d<\/strong>. <u>Wst\u0119p\u00a0wolny.<\/u><\/p>\n<p style=\"text-align: justify;\">6. Informujemy, \u017ce istnieje mo\u017cliwo\u015b\u0107 przyst\u0105pienia do\u00a0<span style=\"color: #0000ff;\"><strong>I Komunii \u015bw<\/strong><strong>i\u0119tej<\/strong> <\/span>oraz\u00a0do\u00a0<strong>s<span style=\"color: #0000ff;\">akramentu Bierzmowania <\/span><\/strong>dzieci, m\u0142odzie\u017cy, a tak\u017ce doros\u0142ych z naszej parafii oraz z\u00a0ca\u0142ego Garnizonu Wroc\u0142aw. <strong>Ch\u0119tnych prosimy o zapisywanie si\u0119 w\u00a0kancelarii parafialnej lub zakrystii do ko\u0144ca wrze\u015bnia.<\/strong><\/p>\n<p style=\"text-align: justify;\"><strong>7. <\/strong>Podczas\u00a0ostatniej kwesty wolontariusze parafialnego <span style=\"color: #ff0000;\"><strong>Caritas<\/strong> <\/span>zebrali do\u00a0puszek ofiary na\u00a0kwot\u0119 <strong>1.380 z\u0142.<\/strong> <strong>B\u00f3g zap\u0142a\u0107 za z\u0142o\u017cone ofiary.<\/strong><\/p>\n<p style=\"text-align: justify;\">8. <strong>Solenizantom i jubilatom <\/strong>rozpoczynaj\u0105cego si\u0119 tygodnia \u017cyczymy zdrowia, potrzebnych \u0142ask oraz Bo\u017cego b\u0142ogos\u0142awie\u0144stwa.<\/p>\n","protected":false},"excerpt":{"rendered":"<p>1. Dzisiejsza niedziela Podwy\u017cszenia Krzy\u017ca \u015awi\u0119tego rozpoczyna XV Tydzie\u0144 Wychowania pod has\u0142em \u201eWsp\u00f3lnota nadziei\u201d. M\u00f3dlmy si\u0119 za wszystkich rodzic\u00f3w, wychowawc\u00f3w i\u00a0nauczycieli, aby\u00a0swoim \u017cyciem dawali \u015bwiadectwo chrze\u015bcija\u0144skiej nadziei. 2. W dniu dzisiejszym o godz. 16:00 w naszej Bazylice odb\u0119dzie si\u0119 nabo\u017ce\u0144stwo pod przewodnictwem Ks. Biskupa Jacka KICI\u0143SKIEGO. Po modlitwie wyruszy\u00a0procesja dzi\u0119kczynno\u2013b\u0142agalna z relikwiami \u015bw. Stanis\u0142awa i [&hellip;]<\/p>\n","protected":false},"author":3,"featured_media":1326,"comment_status":"closed","ping_status":"closed","sticky":false,"template":"","format":"standard","meta":[],"categories":[35],"tags":[],"_links":{"self":[{"href":"http:\/\/www.elzbieta.archidiecezja.wroc.pl\/index.php?rest_route=\/wp\/v2\/posts\/3824"}],"collection":[{"href":"http:\/\/www.elzbieta.archidiecezja.wroc.pl\/index.php?rest_route=\/wp\/v2\/posts"}],"about":[{"href":"http:\/\/www.elzbieta.archidiecezja.wroc.pl\/index.php?rest_route=\/wp\/v2\/types\/post"}],"author":[{"embeddable":true,"href":"http:\/\/www.elzbieta.archidiecezja.wroc.pl\/index.php?rest_route=\/wp\/v2\/users\/3"}],"replies":[{"embeddable":true,"href":"http:\/\/www.elzbieta.archidiecezja.wroc.pl\/index.php?rest_route=%2Fwp%2Fv2%2Fcomments&post=3824"}],"version-history":[{"count":2,"href":"http:\/\/www.elzbieta.archidiecezja.wroc.pl\/index.php?rest_route=\/wp\/v2\/posts\/3824\/revisions"}],"predecessor-version":[{"id":3826,"href":"http:\/\/www.elzbieta.archidiecezja.wroc.pl\/index.php?rest_route=\/wp\/v2\/posts\/3824\/revisions\/3826"}],"wp:featuredmedia":[{"embeddable":true,"href":"http:\/\/www.elzbieta.archidiecezja.wroc.pl\/index.php?rest_route=\/wp\/v2\/media\/1326"}],"wp:attachment":[{"href":"http:\/\/www.elzbieta.archidiecezja.wroc.pl\/index.php?rest_route=%2Fwp%2Fv2%2Fmedia&parent=3824"}],"wp:term":[{"taxonomy":"category","embeddable":true,"href":"http:\/\/www.elzbieta.archidiecezja.wroc.pl\/index.php?rest_route=%2Fwp%2Fv2%2Fcategories&post=3824"},{"taxonomy":"post_tag","embeddable":true,"href":"http:\/\/www.elzbieta.archidiecezja.wroc.pl\/index.php?rest_route=%2Fwp%2Fv2%2Ftags&post=3824"}],"curies":[{"name":"wp","href":"https:\/\/api.w.org\/{rel}","templated":true}]}}