{"id":3817,"date":"2025-09-06T12:57:21","date_gmt":"2025-09-06T10:57:21","guid":{"rendered":"http:\/\/www.elzbieta.archidiecezja.wroc.pl\/?p=3817"},"modified":"2025-09-06T12:58:10","modified_gmt":"2025-09-06T10:58:10","slug":"dwudziesta-trzecia-niedziela-zwykla-7-wrzesnia-2025","status":"publish","type":"post","link":"http:\/\/www.elzbieta.archidiecezja.wroc.pl\/?p=3817","title":{"rendered":"DWUDZIESTA TRZECIA NIEDZIELA ZWYK\u0141A &#8211; 7 wrze\u015bnia 2025"},"content":{"rendered":"<p style=\"text-align: justify;\">1. Dzisiaj prze\u017cywamy <span style=\"color: #008000;\"><strong>dwudziest\u0105 trzeci\u0105 niedziel\u0119 zwyk\u0142\u0105<\/strong><\/span> w ci\u0105gu roku.<\/p>\n<p style=\"text-align: justify;\">2. W<em> ramach obchodzonego <\/em><span style=\"color: #3366ff;\"><em><strong>Roku Jubileuszowego<\/strong><\/em><\/span> <em>go\u015bcimy<\/em><span style=\"color: #3366ff;\"><em><strong> ksi\u0119dza <\/strong><\/em><em><strong>kanonika p\u0142k. Piotra SROK\u0118<\/strong><\/em><\/span><em> \u2013 Dziekana Dekanatu Wojsk Specjalnych, Proboszcza Parafii Wojskowej <\/em><em>pw. \u015bw. Agnieszki w Krakowie.<\/em> <strong>Ksi\u0119\u017ca kanonicy<\/strong> posiadaj\u0105 uprawnienia <strong>penitencjarza diecezjalnego, <\/strong>upowa\u017cniaj\u0105ce do udzielania rozgrzeszenia najci\u0119\u017cszych grzech\u00f3w.<br \/>\n<strong>Wierni mog\u0105 uzyska\u0107 odpust zupe\u0142ny <\/strong>m.in. za udzia\u0142 w organizowanych w naszej \u015bwi\u0105tyni <strong>katechezach<\/strong>, z kt\u00f3rych najbli\u017csza <strong>odb\u0119dzie si\u0119 dzi\u015b <\/strong>(w niedziel\u0119 7 wrze\u015bnia) <strong>po Mszy \u015bw. o godz. 10:00.<\/strong> Serdecznie zapraszamy.<\/p>\n<p style=\"text-align: justify;\">3. <strong>W tym tygodniu wspominamy:<\/strong><\/p>\n<p style=\"text-align: justify;\">&#8211; w poniedzia\u0142ek<strong> <em>Narodzenie Naj\u015bwi\u0119tszej Maryi Panny,<\/em><\/strong><\/p>\n<p style=\"text-align: justify;\">&#8211; w sobot\u0119 <strong><em>\u015bw. Jana Chryzostoma<\/em><\/strong><em>.<\/em><\/p>\n<p style=\"text-align: justify;\">4. W <span style=\"color: #ff9900;\"><strong>ka\u017cdy pi\u0105tek wrze\u015bnia<\/strong> <\/span>o\u00a0godz.\u00a0<span style=\"color: #ff9900;\"><strong>19:00<\/strong> <\/span>zapraszamy do naszej bazyliki na <span style=\"color: #ff9900;\"><strong>koncerty organowe <\/strong><strong>w wykonaniu \u201eM\u0142odych Mistrz\u00f3w\u201d<\/strong><\/span>. <u>Wst\u0119p\u00a0wolny.<\/u><\/p>\n<p style=\"text-align: justify;\">5. W przysz\u0142\u0105<strong> <span style=\"color: #99cc00;\">niedziel\u0119 <\/span><\/strong><span style=\"color: #99cc00;\"><strong>14 wrze\u015bnia<\/strong><strong> o godz. 16:00 <\/strong><\/span>w naszej Bazylice odb\u0119dzie si\u0119 nabo\u017ce\u0144stwo pod przewodnictwem <strong>Ks. Biskupa Jacka KICI\u0143SKIEGO<\/strong>, po modlitwie wyruszy\u00a0<strong>procesja dzi\u0119kczynno\u2013b\u0142agalna z relikwiami<\/strong><strong> \u015bw. Stanis\u0142awa <\/strong><strong>i \u015bw. Doroty <\/strong><strong>w 27. rocznic\u0119 wielkiej powodzi na Dolnym \u015al\u0105sku i we Wroc\u0142awiu. <\/strong>Zako\u0144czy si\u0119 ona Msz\u0105 \u015bw. w ko\u015bciele \u015bwi\u0119tych: Stanis\u0142awa, Doroty i Wac\u0142awa. Zach\u0119camy do udzia\u0142u w\u00a0tym wydarzeniu.<\/p>\n<p style=\"text-align: justify;\">6. <strong>Zapraszamy na <\/strong><span style=\"color: #3366ff;\"><strong>Msze \u015bw. dla rodzin z dzie\u0107mi<\/strong> <\/span>w ka\u017cd\u0105 niedziel\u0119 o<span style=\"color: #3366ff;\">\u00a0<strong>godz. 10:00<\/strong><\/span>.<\/p>\n<p style=\"text-align: justify;\">7. W najbli\u017cszy <span style=\"color: #ff9900;\"><strong>pi\u0105tek po Mszy o 18:00<\/strong><\/span> Ksi\u0105dz Pawe\u0142 zaprasza ch\u0119tnych do pos\u0142ugi liturgicznej ch\u0142opc\u00f3w na<span style=\"color: #ff9900;\"> <strong>spotkanie ministranckie<\/strong><\/span>.<\/p>\n<p style=\"text-align: justify;\">8. <strong>Informujemy<\/strong>, \u017ce istnieje mo\u017cliwo\u015b\u0107 przyst\u0105pienia do<span style=\"color: #ff0000;\">\u00a0<strong>I Komunii \u015bw<\/strong><strong>i\u0119tej<\/strong> <\/span>oraz\u00a0do\u00a0<span style=\"color: #ff0000;\"><strong>sakramentu Bierzmowania <\/strong><\/span>dzieci, m\u0142odzie\u017cy, a tak\u017ce doros\u0142ych z naszej parafii oraz z\u00a0ca\u0142ego Garnizonu Wroc\u0142aw. <strong>Ch\u0119tnych prosimy o zapisywanie si\u0119 w\u00a0kancelarii parafialnej lub zakrystii do ko\u0144ca wrze\u015bnia.<\/strong><\/p>\n<p style=\"text-align: justify;\">9. Dzi\u015b wolontariusze parafialnego <span style=\"color: #ff0000;\"><strong>Caritas<\/strong> <\/span>zbieraj\u0105 do puszek <strong>ofiary na pomoc dla\u00a0rodzin w trudnej sytuacji materialnej. <\/strong><\/p>\n<p style=\"text-align: justify;\">10. <strong>Solenizantom i jubilatom <\/strong>rozpoczynaj\u0105cego si\u0119 tygodnia \u017cyczymy zdrowia, potrzebnych \u0142ask oraz Bo\u017cego b\u0142ogos\u0142awie\u0144stwa.<\/p>\n","protected":false},"excerpt":{"rendered":"<p>1. Dzisiaj prze\u017cywamy dwudziest\u0105 trzeci\u0105 niedziel\u0119 zwyk\u0142\u0105 w ci\u0105gu roku. 2. W ramach obchodzonego Roku Jubileuszowego go\u015bcimy ksi\u0119dza kanonika p\u0142k. Piotra SROK\u0118 \u2013 Dziekana Dekanatu Wojsk Specjalnych, Proboszcza Parafii Wojskowej pw. \u015bw. Agnieszki w Krakowie. Ksi\u0119\u017ca kanonicy posiadaj\u0105 uprawnienia penitencjarza diecezjalnego, upowa\u017cniaj\u0105ce do udzielania rozgrzeszenia najci\u0119\u017cszych grzech\u00f3w. Wierni mog\u0105 uzyska\u0107 odpust zupe\u0142ny m.in. za udzia\u0142 [&hellip;]<\/p>\n","protected":false},"author":3,"featured_media":3818,"comment_status":"closed","ping_status":"closed","sticky":false,"template":"","format":"standard","meta":[],"categories":[35],"tags":[],"_links":{"self":[{"href":"http:\/\/www.elzbieta.archidiecezja.wroc.pl\/index.php?rest_route=\/wp\/v2\/posts\/3817"}],"collection":[{"href":"http:\/\/www.elzbieta.archidiecezja.wroc.pl\/index.php?rest_route=\/wp\/v2\/posts"}],"about":[{"href":"http:\/\/www.elzbieta.archidiecezja.wroc.pl\/index.php?rest_route=\/wp\/v2\/types\/post"}],"author":[{"embeddable":true,"href":"http:\/\/www.elzbieta.archidiecezja.wroc.pl\/index.php?rest_route=\/wp\/v2\/users\/3"}],"replies":[{"embeddable":true,"href":"http:\/\/www.elzbieta.archidiecezja.wroc.pl\/index.php?rest_route=%2Fwp%2Fv2%2Fcomments&post=3817"}],"version-history":[{"count":4,"href":"http:\/\/www.elzbieta.archidiecezja.wroc.pl\/index.php?rest_route=\/wp\/v2\/posts\/3817\/revisions"}],"predecessor-version":[{"id":3822,"href":"http:\/\/www.elzbieta.archidiecezja.wroc.pl\/index.php?rest_route=\/wp\/v2\/posts\/3817\/revisions\/3822"}],"wp:featuredmedia":[{"embeddable":true,"href":"http:\/\/www.elzbieta.archidiecezja.wroc.pl\/index.php?rest_route=\/wp\/v2\/media\/3818"}],"wp:attachment":[{"href":"http:\/\/www.elzbieta.archidiecezja.wroc.pl\/index.php?rest_route=%2Fwp%2Fv2%2Fmedia&parent=3817"}],"wp:term":[{"taxonomy":"category","embeddable":true,"href":"http:\/\/www.elzbieta.archidiecezja.wroc.pl\/index.php?rest_route=%2Fwp%2Fv2%2Fcategories&post=3817"},{"taxonomy":"post_tag","embeddable":true,"href":"http:\/\/www.elzbieta.archidiecezja.wroc.pl\/index.php?rest_route=%2Fwp%2Fv2%2Ftags&post=3817"}],"curies":[{"name":"wp","href":"https:\/\/api.w.org\/{rel}","templated":true}]}}