{"id":3807,"date":"2025-08-30T10:26:43","date_gmt":"2025-08-30T08:26:43","guid":{"rendered":"http:\/\/www.elzbieta.archidiecezja.wroc.pl\/?p=3807"},"modified":"2025-08-29T17:36:03","modified_gmt":"2025-08-29T15:36:03","slug":"dwudziesta-druga-niedziela-zwykla-31-sierpnia-2025","status":"publish","type":"post","link":"http:\/\/www.elzbieta.archidiecezja.wroc.pl\/?p=3807","title":{"rendered":"DWUDZIESTA DRUGA NIEDZIELA ZWYK\u0141A &#8211; 31 sierpnia 2025"},"content":{"rendered":"<p style=\"text-align: justify;\">1. Dzisiaj prze\u017cywamy <span style=\"color: #339966;\"><strong>dwudziest\u0105 drug\u0105 niedziel\u0119 zwyk\u0142\u0105<\/strong><\/span> w ci\u0105gu roku.<\/p>\n<p style=\"text-align: justify;\">2.<strong> W poniedzia\u0142ek <\/strong><strong>1 wrze\u015bnia<\/strong> b\u0119dziemy obchodzi\u0107\u00a0<span style=\"color: #993366;\"><strong>86. rocznic\u0119 wybuchu II wojny \u015bwiatowej<\/strong>. <\/span>Tego dnia pami\u0119tajmy w modlitwach o wszystkich, kt\u00f3rzy oddali swoje \u017cycie w obronie wolno\u015bci i niepodleg\u0142o\u015bci naszej Ojczyzny.<\/p>\n<p style=\"text-align: justify;\">3. W tym tygodniu przypada<strong> pierwszy czwartek, pierwszy pi\u0105tek i pierwsza sobota<\/strong> <strong>miesi\u0105ca<\/strong>:<\/p>\n<p style=\"text-align: justify;\">&#8211; <u>w pierwszy <\/u><strong><u>czwartek<\/u><\/strong> zapraszamy na ca\u0142odzienn\u0105 <strong>adoracj\u0119 Naj\u015bwi\u0119tszego Sakramentu<\/strong>,<\/p>\n<p style=\"text-align: justify;\">&#8211; <u>w pierwszy <\/u><strong><u>pi\u0105tek<\/u><\/strong> zach\u0119camy do skorzystania z <strong>sakramentu pokuty i\u00a0pojednania<\/strong>,<\/p>\n<p style=\"text-align: justify;\">&#8211;\u00a0<u>w pierwsz\u0105 <\/u><strong><u>sobot\u0119<\/u><\/strong> po Mszy \u015bw. porannej zapraszamy do udzia\u0142u w <strong>nabo\u017ce\u0144stwie wynagradzaj\u0105cym <\/strong><strong>Niepokalanemu Sercu Maryi<\/strong>. Tego dnia w\u00a0godzinach porannych udamy si\u0119 z <strong>pos\u0142ug\u0105 sakramentaln\u0105 do chorych<\/strong> z\u00a0naszej parafii.<\/p>\n<p style=\"text-align: justify;\">4. W przysz\u0142\u0105 niedziel\u0119 <span style=\"color: #3366ff;\"><strong>7 wrze\u015bnia o <\/strong><strong>godz. 10:00<\/strong> <\/span>b\u0119dzie mia\u0142a miejsce pierwsza po\u00a0wakacyjnej przerwie <strong>Msza \u015bw. dla rodzin z dzie\u0107mi<\/strong><strong>, <\/strong>podczas kt\u00f3rej zostan\u0105<span style=\"color: #3366ff;\"><strong> po\u015bwi\u0119cone <\/strong><strong>plecaki i przybory szkolne<\/strong><strong>.<\/strong><\/span><\/p>\n<p style=\"text-align: justify;\">5. W ramach obchodzonego <strong>Roku Jubileuszowego<\/strong><strong> w przysz\u0142\u0105 niedziel\u0119 <\/strong>go\u015bci\u0107 b\u0119dziemy<strong> ksi\u0119dza <\/strong><strong>kanonika <\/strong><strong>p\u0142k. Piotra SROK\u0118<\/strong> \u2013 Dziekana Dekanatu Wojsk Specjalnych, Proboszcza Parafii Wojskowo pw. \u015bw. Agnieszki w Krakowie.<\/p>\n<p style=\"text-align: justify;\">6. <strong>W niedziel\u0119 <\/strong><span style=\"color: #339966;\"><strong>14 wrze\u015bnia<\/strong><strong> o godz. 16:00<\/strong><\/span>w naszej Bazylice odb\u0119dzie si\u0119 nabo\u017ce\u0144stwo, po kt\u00f3rym wyruszy\u00a0<span style=\"color: #339966;\"><strong>procesja dzi\u0119kczynno \u2013 b\u0142agalna z relikwiami<\/strong><\/span><strong> \u015bw. Stanis\u0142awa<br \/>\n<\/strong><strong>i \u015bw. Doroty<\/strong><strong> w 28. rocznic\u0119 wielkiej powodzi na Dolnym \u015al\u0105sku i we Wroc\u0142awiu. <\/strong>Zako\u0144czy si\u0119 ona Msz\u0105 \u015bw. w ko\u015bciele \u015bwi\u0119tych: Stanis\u0142awa, Doroty<br \/>\ni Wac\u0142awa. Zach\u0119camy do udzia\u0142u w\u00a0tym wydarzeniu.<\/p>\n<p style=\"text-align: justify;\">7.<strong> Informujemy<\/strong>, \u017ce istnieje mo\u017cliwo\u015b\u0107 przyst\u0105pienia do<span style=\"color: #0000ff;\">\u00a0<strong>I Komunii \u015bw<\/strong><strong>i\u0119tej<\/strong> <\/span>oraz\u00a0do\u00a0<span style=\"color: #ff0000;\"><strong>sakramentu Bierzmowania <\/strong><\/span>dzieci, m\u0142odzie\u017cy, a tak\u017ce doros\u0142ych z naszej parafii oraz z\u00a0ca\u0142ego Garnizonu Wroc\u0142aw. <strong>Ch\u0119tnych prosimy o <span style=\"color: #ff0000;\">zapisywanie si\u0119<\/span> w\u00a0kancelarii parafialnej lub zakrystii <span style=\"color: #ff0000;\">do ko\u0144ca wrze\u015bnia<\/span>.<\/strong><\/p>\n<p style=\"text-align: justify;\">8. Zapraszamy do naszej bazyliki na <strong>letnie<span style=\"color: #ff6600;\"> koncerty organowe<\/span> <\/strong><strong>w wykonaniu M\u0142odych Mistrz\u00f3w<\/strong>. Kolejny z cyklu <span style=\"color: #ff6600;\"><strong>w najbli\u017cszy <\/strong><strong>pi\u0105tek o godz. 19:00<\/strong><\/span>. <u>Wst\u0119p wolny.<\/u><\/p>\n<p style=\"text-align: justify;\">9. <strong>Solenizantom i jubilatom <\/strong>rozpoczynaj\u0105cego si\u0119 tygodnia \u017cyczymy zdrowia, potrzebnych \u0142ask oraz Bo\u017cego b\u0142ogos\u0142awie\u0144stwa.<\/p>\n","protected":false},"excerpt":{"rendered":"<p>1. Dzisiaj prze\u017cywamy dwudziest\u0105 drug\u0105 niedziel\u0119 zwyk\u0142\u0105 w ci\u0105gu roku. 2. W poniedzia\u0142ek 1 wrze\u015bnia b\u0119dziemy obchodzi\u0107\u00a086. rocznic\u0119 wybuchu II wojny \u015bwiatowej. Tego dnia pami\u0119tajmy w modlitwach o wszystkich, kt\u00f3rzy oddali swoje \u017cycie w obronie wolno\u015bci i niepodleg\u0142o\u015bci naszej Ojczyzny. 3. W tym tygodniu przypada pierwszy czwartek, pierwszy pi\u0105tek i pierwsza sobota miesi\u0105ca: &#8211; w [&hellip;]<\/p>\n","protected":false},"author":3,"featured_media":1712,"comment_status":"closed","ping_status":"closed","sticky":false,"template":"","format":"standard","meta":[],"categories":[35],"tags":[],"_links":{"self":[{"href":"http:\/\/www.elzbieta.archidiecezja.wroc.pl\/index.php?rest_route=\/wp\/v2\/posts\/3807"}],"collection":[{"href":"http:\/\/www.elzbieta.archidiecezja.wroc.pl\/index.php?rest_route=\/wp\/v2\/posts"}],"about":[{"href":"http:\/\/www.elzbieta.archidiecezja.wroc.pl\/index.php?rest_route=\/wp\/v2\/types\/post"}],"author":[{"embeddable":true,"href":"http:\/\/www.elzbieta.archidiecezja.wroc.pl\/index.php?rest_route=\/wp\/v2\/users\/3"}],"replies":[{"embeddable":true,"href":"http:\/\/www.elzbieta.archidiecezja.wroc.pl\/index.php?rest_route=%2Fwp%2Fv2%2Fcomments&post=3807"}],"version-history":[{"count":3,"href":"http:\/\/www.elzbieta.archidiecezja.wroc.pl\/index.php?rest_route=\/wp\/v2\/posts\/3807\/revisions"}],"predecessor-version":[{"id":3809,"href":"http:\/\/www.elzbieta.archidiecezja.wroc.pl\/index.php?rest_route=\/wp\/v2\/posts\/3807\/revisions\/3809"}],"wp:featuredmedia":[{"embeddable":true,"href":"http:\/\/www.elzbieta.archidiecezja.wroc.pl\/index.php?rest_route=\/wp\/v2\/media\/1712"}],"wp:attachment":[{"href":"http:\/\/www.elzbieta.archidiecezja.wroc.pl\/index.php?rest_route=%2Fwp%2Fv2%2Fmedia&parent=3807"}],"wp:term":[{"taxonomy":"category","embeddable":true,"href":"http:\/\/www.elzbieta.archidiecezja.wroc.pl\/index.php?rest_route=%2Fwp%2Fv2%2Fcategories&post=3807"},{"taxonomy":"post_tag","embeddable":true,"href":"http:\/\/www.elzbieta.archidiecezja.wroc.pl\/index.php?rest_route=%2Fwp%2Fv2%2Ftags&post=3807"}],"curies":[{"name":"wp","href":"https:\/\/api.w.org\/{rel}","templated":true}]}}