{"id":3801,"date":"2025-08-22T22:05:02","date_gmt":"2025-08-22T20:05:02","guid":{"rendered":"http:\/\/www.elzbieta.archidiecezja.wroc.pl\/?p=3801"},"modified":"2025-08-22T17:09:42","modified_gmt":"2025-08-22T15:09:42","slug":"dwudziesta-pierwsza-niedziela-zwykla-24-sierpnia-2025","status":"publish","type":"post","link":"http:\/\/www.elzbieta.archidiecezja.wroc.pl\/?p=3801","title":{"rendered":"DWUDZIESTA PIERWSZA NIEDZIELA ZWYK\u0141A &#8211; 24 sierpnia 2025"},"content":{"rendered":"<p style=\"text-align: justify;\">1. Dzi\u015b prze\u017cywamy <span style=\"color: #008000;\"><strong>dwudziest\u0105 pierwsz\u0105 niedziel\u0119 zwyk\u0142\u0105<\/strong><\/span> w ci\u0105gu roku.<\/p>\n<p style=\"text-align: justify;\">2. We wtorek<span style=\"color: #00ccff;\"> <strong>26 sierpnia<\/strong> <\/span>b\u0119dziemy prze\u017cywa\u0107 <span style=\"color: #00ccff;\"><strong>Uroczysto\u015b\u0107 Naj\u015bwi\u0119tszej Maryi Panny Cz\u0119stochowskiej<\/strong>.<\/span> Ws\u0142uchani w Jej s\u0142owa: <em>\u201euczy\u0144cie wszystko,<br \/>\nco wam m\u00f3wi m\u00f3j Syn\u201d<\/em>, starajmy si\u0119 wiernie pod\u0105\u017ca\u0107 za Jezusem.<\/p>\n<p style=\"text-align: justify;\">3. <strong>W tym tygodniu wspominamy:<\/strong><\/p>\n<p style=\"text-align: justify;\">&#8211; w \u015brod\u0119 <strong><em>\u015bw. Monik\u0119<\/em><\/strong><em>,<\/em><\/p>\n<p style=\"text-align: justify;\">&#8211; w czwartek <strong><em>\u015bw. Augustyna<\/em><\/strong><em> \u2013 biskupa i doktora Ko\u015bcio\u0142a,<\/em><\/p>\n<p style=\"text-align: justify;\">&#8211; w pi\u0105tek <strong><em>m\u0119cze\u0144stwo \u015bw. Jana Chrzciciela<\/em><\/strong><em>.<\/em><\/p>\n<p style=\"text-align: justify;\">4. Zapraszamy do naszej bazyliki na <strong><span style=\"color: #ff9900;\">letnie koncerty organowe<\/span> <\/strong><strong>w wykonaniu M\u0142odych Mistrz\u00f3w<\/strong>. Kolejny z cyklu <strong>w najbli\u017cszy <\/strong><span style=\"color: #ff9900;\"><strong>pi\u0105tek o godz. 19:00<\/strong><\/span>.<br \/>\n<u>Wst\u0119p wolny.<\/u><\/p>\n<p style=\"text-align: justify;\">5. <strong>Solenizantom i jubilatom <\/strong>rozpoczynaj\u0105cego si\u0119 tygodnia \u017cyczymy zdrowia, potrzebnych \u0142ask oraz Bo\u017cego b\u0142ogos\u0142awie\u0144stwa, a <strong>wszystkim przebywaj\u0105cym na\u00a0wakacjach<\/strong> \u017cyczymy dobrego wypoczynku oraz bezpiecznego podr\u00f3\u017cowania.<\/p>\n","protected":false},"excerpt":{"rendered":"<p>1. Dzi\u015b prze\u017cywamy dwudziest\u0105 pierwsz\u0105 niedziel\u0119 zwyk\u0142\u0105 w ci\u0105gu roku. 2. We wtorek 26 sierpnia b\u0119dziemy prze\u017cywa\u0107 Uroczysto\u015b\u0107 Naj\u015bwi\u0119tszej Maryi Panny Cz\u0119stochowskiej. Ws\u0142uchani w Jej s\u0142owa: \u201euczy\u0144cie wszystko, co wam m\u00f3wi m\u00f3j Syn\u201d, starajmy si\u0119 wiernie pod\u0105\u017ca\u0107 za Jezusem. 3. W tym tygodniu wspominamy: &#8211; w \u015brod\u0119 \u015bw. Monik\u0119, &#8211; w czwartek \u015bw. Augustyna \u2013 [&hellip;]<\/p>\n","protected":false},"author":3,"featured_media":3802,"comment_status":"closed","ping_status":"closed","sticky":false,"template":"","format":"standard","meta":[],"categories":[35],"tags":[],"_links":{"self":[{"href":"http:\/\/www.elzbieta.archidiecezja.wroc.pl\/index.php?rest_route=\/wp\/v2\/posts\/3801"}],"collection":[{"href":"http:\/\/www.elzbieta.archidiecezja.wroc.pl\/index.php?rest_route=\/wp\/v2\/posts"}],"about":[{"href":"http:\/\/www.elzbieta.archidiecezja.wroc.pl\/index.php?rest_route=\/wp\/v2\/types\/post"}],"author":[{"embeddable":true,"href":"http:\/\/www.elzbieta.archidiecezja.wroc.pl\/index.php?rest_route=\/wp\/v2\/users\/3"}],"replies":[{"embeddable":true,"href":"http:\/\/www.elzbieta.archidiecezja.wroc.pl\/index.php?rest_route=%2Fwp%2Fv2%2Fcomments&post=3801"}],"version-history":[{"count":2,"href":"http:\/\/www.elzbieta.archidiecezja.wroc.pl\/index.php?rest_route=\/wp\/v2\/posts\/3801\/revisions"}],"predecessor-version":[{"id":3804,"href":"http:\/\/www.elzbieta.archidiecezja.wroc.pl\/index.php?rest_route=\/wp\/v2\/posts\/3801\/revisions\/3804"}],"wp:featuredmedia":[{"embeddable":true,"href":"http:\/\/www.elzbieta.archidiecezja.wroc.pl\/index.php?rest_route=\/wp\/v2\/media\/3802"}],"wp:attachment":[{"href":"http:\/\/www.elzbieta.archidiecezja.wroc.pl\/index.php?rest_route=%2Fwp%2Fv2%2Fmedia&parent=3801"}],"wp:term":[{"taxonomy":"category","embeddable":true,"href":"http:\/\/www.elzbieta.archidiecezja.wroc.pl\/index.php?rest_route=%2Fwp%2Fv2%2Fcategories&post=3801"},{"taxonomy":"post_tag","embeddable":true,"href":"http:\/\/www.elzbieta.archidiecezja.wroc.pl\/index.php?rest_route=%2Fwp%2Fv2%2Ftags&post=3801"}],"curies":[{"name":"wp","href":"https:\/\/api.w.org\/{rel}","templated":true}]}}