{"id":3774,"date":"2025-08-15T20:26:59","date_gmt":"2025-08-15T18:26:59","guid":{"rendered":"http:\/\/www.elzbieta.archidiecezja.wroc.pl\/?p=3774"},"modified":"2025-08-15T16:32:27","modified_gmt":"2025-08-15T14:32:27","slug":"dwudziesta-niedziela-zwykla-17-sierpnia-2025","status":"publish","type":"post","link":"http:\/\/www.elzbieta.archidiecezja.wroc.pl\/?p=3774","title":{"rendered":"DWUDZIESTA NIEDZIELA ZWYK\u0141A &#8211; 17 sierpnia 2025"},"content":{"rendered":"<p>1. Dzi\u015b prze\u017cywamy <strong>dwudziest\u0105 niedziel\u0119 zwyk\u0142\u0105<\/strong> w ci\u0105gu roku.<\/p>\n<p>2. <strong>W tym<\/strong> <strong>tygodniu wspominamy:<\/strong><\/p>\n<p>&#8211; w \u015brod\u0119 <strong><em>\u015bw. Bernarda<\/em><\/strong><em> \u2013 opata i doktora Ko\u015bcio\u0142a,<\/em><\/p>\n<p>&#8211; w czwartek <strong><em>\u015bw. Piusa X<\/em><\/strong><em> \u2013 papie\u017ca,<\/em><\/p>\n<p><em>\u00ad<\/em>&#8211; w pi\u0105tek <strong><em>Naj\u015bwi\u0119tsz\u0105 Maryj\u0119 Pann\u0119 Kr\u00f3low\u0105<\/em><\/strong><em>.<\/em><\/p>\n<p>3. Zapraszamy do naszej bazyliki na <span style=\"color: #ff9900;\"><strong>letnie koncerty organowe <\/strong><strong>w wykonaniu M\u0142odych Mistrz\u00f3w<\/strong>.<br \/>\n<\/span>Kolejny z cyklu <span style=\"color: #ff9900;\"><strong>w najbli\u017cszy <\/strong><strong>pi\u0105tek o godz. 19:00<\/strong><\/span>.<br \/>\n<u>Wst\u0119p wolny.<\/u><\/p>\n<p>4. <strong>Solenizantom i jubilatom <\/strong>rozpoczynaj\u0105cego si\u0119 tygodnia \u017cyczymy zdrowia, potrzebnych \u0142ask oraz Bo\u017cego b\u0142ogos\u0142awie\u0144stwa, a <strong>wszystkim przebywaj\u0105cym na\u00a0wakacjach<\/strong> \u017cyczymy dobrego wypoczynku oraz bezpiecznego podr\u00f3\u017cowania.<\/p>\n","protected":false},"excerpt":{"rendered":"<p>1. Dzi\u015b prze\u017cywamy dwudziest\u0105 niedziel\u0119 zwyk\u0142\u0105 w ci\u0105gu roku. 2. W tym tygodniu wspominamy: &#8211; w \u015brod\u0119 \u015bw. Bernarda \u2013 opata i doktora Ko\u015bcio\u0142a, &#8211; w czwartek \u015bw. Piusa X \u2013 papie\u017ca, \u00ad&#8211; w pi\u0105tek Naj\u015bwi\u0119tsz\u0105 Maryj\u0119 Pann\u0119 Kr\u00f3low\u0105. 3. Zapraszamy do naszej bazyliki na letnie koncerty organowe w wykonaniu M\u0142odych Mistrz\u00f3w. Kolejny z cyklu [&hellip;]<\/p>\n","protected":false},"author":3,"featured_media":3777,"comment_status":"closed","ping_status":"closed","sticky":false,"template":"","format":"standard","meta":[],"categories":[35],"tags":[],"_links":{"self":[{"href":"http:\/\/www.elzbieta.archidiecezja.wroc.pl\/index.php?rest_route=\/wp\/v2\/posts\/3774"}],"collection":[{"href":"http:\/\/www.elzbieta.archidiecezja.wroc.pl\/index.php?rest_route=\/wp\/v2\/posts"}],"about":[{"href":"http:\/\/www.elzbieta.archidiecezja.wroc.pl\/index.php?rest_route=\/wp\/v2\/types\/post"}],"author":[{"embeddable":true,"href":"http:\/\/www.elzbieta.archidiecezja.wroc.pl\/index.php?rest_route=\/wp\/v2\/users\/3"}],"replies":[{"embeddable":true,"href":"http:\/\/www.elzbieta.archidiecezja.wroc.pl\/index.php?rest_route=%2Fwp%2Fv2%2Fcomments&post=3774"}],"version-history":[{"count":3,"href":"http:\/\/www.elzbieta.archidiecezja.wroc.pl\/index.php?rest_route=\/wp\/v2\/posts\/3774\/revisions"}],"predecessor-version":[{"id":3778,"href":"http:\/\/www.elzbieta.archidiecezja.wroc.pl\/index.php?rest_route=\/wp\/v2\/posts\/3774\/revisions\/3778"}],"wp:featuredmedia":[{"embeddable":true,"href":"http:\/\/www.elzbieta.archidiecezja.wroc.pl\/index.php?rest_route=\/wp\/v2\/media\/3777"}],"wp:attachment":[{"href":"http:\/\/www.elzbieta.archidiecezja.wroc.pl\/index.php?rest_route=%2Fwp%2Fv2%2Fmedia&parent=3774"}],"wp:term":[{"taxonomy":"category","embeddable":true,"href":"http:\/\/www.elzbieta.archidiecezja.wroc.pl\/index.php?rest_route=%2Fwp%2Fv2%2Fcategories&post=3774"},{"taxonomy":"post_tag","embeddable":true,"href":"http:\/\/www.elzbieta.archidiecezja.wroc.pl\/index.php?rest_route=%2Fwp%2Fv2%2Ftags&post=3774"}],"curies":[{"name":"wp","href":"https:\/\/api.w.org\/{rel}","templated":true}]}}