{"id":3765,"date":"2025-08-08T15:30:58","date_gmt":"2025-08-08T13:30:58","guid":{"rendered":"http:\/\/www.elzbieta.archidiecezja.wroc.pl\/?p=3765"},"modified":"2025-08-08T15:30:58","modified_gmt":"2025-08-08T13:30:58","slug":"dziewietnasta-niedziela-zwykla-10-sierpnia-2025","status":"publish","type":"post","link":"http:\/\/www.elzbieta.archidiecezja.wroc.pl\/?p=3765","title":{"rendered":"DZIEWI\u0118TNASTA NIEDZIELA ZWYK\u0141A &#8211; 10 sierpnia 2025"},"content":{"rendered":"<p style=\"text-align: justify;\">1. Dzi\u015b prze\u017cywamy <strong>dziewi\u0119tnast\u0105 niedziel\u0119 zwyk\u0142\u0105<\/strong> w ci\u0105gu roku.<\/p>\n<p style=\"text-align: justify;\">2. <strong>W pi\u0105tek<\/strong> <strong><span style=\"color: #ff0000;\">15 sierpnia<\/span><\/strong> b\u0119dziemy obchodzi\u0107 uroczysto\u015b\u0107\u00a0<span style=\"color: #ff0000;\"><em><strong>Wniebowzi\u0119cia Naj\u015bwi\u0119tszej Maryi Panny<\/strong><\/em><\/span><em><span style=\"color: #ff0000;\">.<\/span> <\/em>W polskiej tradycji znan\u0105 i obchodzon\u0105 jako \u015bwi\u0119to\u00a0<strong>Matki Bo\u017cej Zielnej<\/strong>. Prosimy o przyniesienie bukiet\u00f3w zi\u00f3\u0142, kwiat\u00f3w i\u00a0warzyw, kt\u00f3re zostan\u0105 pob\u0142ogos\u0142awione podczas Mszy \u015bw. o godz. <span style=\"color: #ff0000;\"><strong>8:00, 10:00, 12:00 <\/strong>i <strong>18:00<\/strong>.<\/span> Tego dnia wspominamy r\u00f3wnie\u017c <strong>105. rocznic\u0119<\/strong> wielkiego zwyci\u0119stwa polskiego or\u0119\u017ca w wojnie polsko \u2013 bolszewickiej 1920 r. okre\u015blanego mianem\u00a0<em><strong>\u201eCudu nad Wis\u0142\u0105\u201d<\/strong>, <\/em>a tak\u017ce modlimy si\u0119 za wszystkich \u017bo\u0142nierzy i\u00a0Pracownik\u00f3w Wojska Polskiego z\u00a0okazji Ich \u015bwi\u0119ta.<\/p>\n<p style=\"text-align: justify;\"><span style=\"color: #008080;\"><strong>Uroczysta Msza \u015bw. z asyst\u0105 wojskow\u0105, w\u00a0intencji \u017bo\u0142nierzy\u00a0i\u00a0Pracownik\u00f3w Garnizonu Wroc\u0142aw oraz Ich Rodzin zostanie odprawiona w\u00a0naszej Bazylice\u00a0o\u00a0<u>godz.\u00a010:00<\/u>. <\/strong><strong>Serdecznie zapraszamy.<\/strong><\/span><\/p>\n<p style=\"text-align: justify;\">3. <strong>W przededniu \u015awi\u0119ta Wojska Polskiego<\/strong>, serdecznie zapraszamy <span style=\"color: #ff0000;\"><strong>na<\/strong> <strong>godzin\u0119 <u>19:00 w czwartek 14 sierpnia<\/u> na koncert ch\u00f3ralno-organowy <\/strong><\/span>z udzia\u0142em m.in. <strong>Orkiestry Reprezentacyjnej Wojsk L\u0105dowych we Wroc\u0142awiu, <\/strong>kt\u00f3ra obchodzi w tym roku 75-lecie istnienia oraz<strong> Ch\u00f3ru Akademii Wojsk L\u0105dowych.<\/strong><\/p>\n<p style=\"text-align: justify;\">Z racji uroczysto\u015bci wyj\u0105tkowo <span style=\"color: #ff0000;\"><strong><u>nie b\u0119dzie koncertu w pi\u0105tek 15 sierpnia<\/u><\/strong>.<\/span><\/p>\n<p style=\"text-align: justify;\">4. <strong>W tym tygodniu wspominamy<\/strong>:<\/p>\n<p style=\"text-align: justify;\">&#8211; w poniedzia\u0142ek <strong><em>\u015bw. Klar\u0119<\/em><\/strong><em> \u2013 dziewic\u0119.<\/em><\/p>\n<p style=\"text-align: justify;\">&#8211; w czwartek <strong><em>\u015bw. Maksymiliana Mari\u0119 Kolbego<\/em><\/strong><em> \u2013 prezbitera.<\/em><\/p>\n<p style=\"text-align: justify;\">5. Podczas ostatniej kwesty wolontariusze parafialnego <span style=\"color: #ff0000;\"><strong>Caritas<\/strong> <\/span>zebrali do puszek ofiary na kwot\u0119 <strong>1.020<\/strong> z\u0142. <strong>B\u00f3g zap\u0142a\u0107 za z\u0142o\u017cone ofiary i okazan\u0105 pomoc.<\/strong><\/p>\n<p style=\"text-align: justify;\">6. <strong>Solenizantom i jubilatom<\/strong> rozpoczynaj\u0105cego si\u0119 tygodnia \u017cyczymy zdrowia, potrzebnych \u0142ask oraz Bo\u017cego b\u0142ogos\u0142awie\u0144stwa, a <strong>wszystkim przebywaj\u0105cym na\u00a0wakacjach<\/strong> \u017cyczymy dobrego wypoczynku oraz bezpiecznego podr\u00f3\u017cowania.<\/p>\n","protected":false},"excerpt":{"rendered":"<p>1. Dzi\u015b prze\u017cywamy dziewi\u0119tnast\u0105 niedziel\u0119 zwyk\u0142\u0105 w ci\u0105gu roku. 2. W pi\u0105tek 15 sierpnia b\u0119dziemy obchodzi\u0107 uroczysto\u015b\u0107\u00a0Wniebowzi\u0119cia Naj\u015bwi\u0119tszej Maryi Panny. W polskiej tradycji znan\u0105 i obchodzon\u0105 jako \u015bwi\u0119to\u00a0Matki Bo\u017cej Zielnej. Prosimy o przyniesienie bukiet\u00f3w zi\u00f3\u0142, kwiat\u00f3w i\u00a0warzyw, kt\u00f3re zostan\u0105 pob\u0142ogos\u0142awione podczas Mszy \u015bw. o godz. 8:00, 10:00, 12:00 i 18:00. Tego dnia wspominamy r\u00f3wnie\u017c 105. [&hellip;]<\/p>\n","protected":false},"author":3,"featured_media":3766,"comment_status":"closed","ping_status":"closed","sticky":false,"template":"","format":"standard","meta":[],"categories":[35],"tags":[],"_links":{"self":[{"href":"http:\/\/www.elzbieta.archidiecezja.wroc.pl\/index.php?rest_route=\/wp\/v2\/posts\/3765"}],"collection":[{"href":"http:\/\/www.elzbieta.archidiecezja.wroc.pl\/index.php?rest_route=\/wp\/v2\/posts"}],"about":[{"href":"http:\/\/www.elzbieta.archidiecezja.wroc.pl\/index.php?rest_route=\/wp\/v2\/types\/post"}],"author":[{"embeddable":true,"href":"http:\/\/www.elzbieta.archidiecezja.wroc.pl\/index.php?rest_route=\/wp\/v2\/users\/3"}],"replies":[{"embeddable":true,"href":"http:\/\/www.elzbieta.archidiecezja.wroc.pl\/index.php?rest_route=%2Fwp%2Fv2%2Fcomments&post=3765"}],"version-history":[{"count":1,"href":"http:\/\/www.elzbieta.archidiecezja.wroc.pl\/index.php?rest_route=\/wp\/v2\/posts\/3765\/revisions"}],"predecessor-version":[{"id":3767,"href":"http:\/\/www.elzbieta.archidiecezja.wroc.pl\/index.php?rest_route=\/wp\/v2\/posts\/3765\/revisions\/3767"}],"wp:featuredmedia":[{"embeddable":true,"href":"http:\/\/www.elzbieta.archidiecezja.wroc.pl\/index.php?rest_route=\/wp\/v2\/media\/3766"}],"wp:attachment":[{"href":"http:\/\/www.elzbieta.archidiecezja.wroc.pl\/index.php?rest_route=%2Fwp%2Fv2%2Fmedia&parent=3765"}],"wp:term":[{"taxonomy":"category","embeddable":true,"href":"http:\/\/www.elzbieta.archidiecezja.wroc.pl\/index.php?rest_route=%2Fwp%2Fv2%2Fcategories&post=3765"},{"taxonomy":"post_tag","embeddable":true,"href":"http:\/\/www.elzbieta.archidiecezja.wroc.pl\/index.php?rest_route=%2Fwp%2Fv2%2Ftags&post=3765"}],"curies":[{"name":"wp","href":"https:\/\/api.w.org\/{rel}","templated":true}]}}