{"id":3756,"date":"2025-08-02T14:43:47","date_gmt":"2025-08-02T12:43:47","guid":{"rendered":"http:\/\/www.elzbieta.archidiecezja.wroc.pl\/?p=3756"},"modified":"2025-08-02T14:43:47","modified_gmt":"2025-08-02T12:43:47","slug":"osiemnasta-niedziela-zwykla-3-sierpnia-2025","status":"publish","type":"post","link":"http:\/\/www.elzbieta.archidiecezja.wroc.pl\/?p=3756","title":{"rendered":"OSIEMNASTA NIEDZIELA ZWYK\u0141A &#8211; 3 sierpnia 2025"},"content":{"rendered":"<p style=\"text-align: justify;\">1. Dzisiaj prze\u017cywamy <span style=\"color: #000000;\"><strong>Osiemnast\u0105 Niedziel\u0119 zwyk\u0142\u0105. <\/strong><\/span><\/p>\n<p style=\"text-align: justify;\">2. Z okazji trwaj\u0105cego Roku Jubileuszowego 2025 <strong><u>w pierwsze niedziele miesi\u0105ca<\/u> <\/strong>go\u015bcimy <strong>ksi\u0119\u017cy kanonik\u00f3w<\/strong>, cz\u0142onk\u00f3w kapitu\u0142y przy naszej bazylice, kt\u00f3rzy g\u0142osz\u0105 S\u0142owo Bo\u017ce na ka\u017cdej Mszy \u015bw. oraz pos\u0142uguj\u0105 w konfesjonale.<\/p>\n<p style=\"text-align: justify;\">Dzi\u015b serdecznie witamy <strong>ks. kan. p\u0142k. Piotra GIBASIEICZA <\/strong><strong>\u2013 Proboszcza Parafii Wojskowej pw. Naj\u015bwi\u0119tszego Serca Pana Jezusa w Siedlcach<\/strong><strong>.<\/strong><\/p>\n<p style=\"text-align: justify;\">Ksi\u0119\u017ca kanonicy posiadaj\u0105 uprawnienia penitencjarza diecezjalnego, upowa\u017cniaj\u0105ce do udzielania rozgrzeszenia najci\u0119\u017cszych grzech\u00f3w. Wierni mog\u0105 uzyska\u0107 odpust zupe\u0142ny m.in. za udzia\u0142 w organizowanych w naszej \u015bwi\u0105tyni <strong>katechezach<\/strong>. Najbli\u017csza odb\u0119dzie si\u0119 dzi\u015b (w niedziel\u0119 3 sierpnia) <strong>po Mszy \u015bw.\u00a0<\/strong> <strong>o godz. 10:00<\/strong>. Serdecznie zapraszamy.<\/p>\n<p style=\"text-align: justify;\">3. <strong>W tym tygodniu wspominamy:<\/strong><\/p>\n<p style=\"text-align: justify;\">&#8211; w poniedzia\u0142ek <strong><em>\u015bw. Jana Mari\u0119 Vianneya<\/em><\/strong><em> \u2013 prezbitera,<\/em><\/p>\n<p style=\"text-align: justify;\">&#8211; w czwartek <strong><em>b\u0142. Edmunda Bojanowskiego<\/em><\/strong><em> \u2013 prezbitera,<\/em><\/p>\n<p style=\"text-align: justify;\">&#8211; w pi\u0105tek <strong><em>\u015bw. Dominika<\/em><\/strong><em> \u2013 prezbitera,<\/em><\/p>\n<p style=\"text-align: justify;\">&#8211; w sobot\u0119 <strong><em>\u015bw. Teres\u0119 Benedykt\u0119 od Krzy\u017ca<\/em><\/strong><em> \u2013 dziewic\u0119 i m\u0119czennic\u0119, patronk\u0119 Europy.<\/em><\/p>\n<p style=\"text-align: justify;\">4. <strong>W najbli\u017csz\u0105 \u015brod\u0119 <\/strong>obchodzimy \u015bwi\u0119to\u00a0<em><strong>Przemienienia Pa\u0144skiego<\/strong><\/em><em><strong>.<\/strong><\/em><\/p>\n<p style=\"text-align: justify;\">5. <strong>W tym tygodniu przypada <\/strong><strong>pierwszy czwartek miesi\u0105ca. <\/strong><strong>Z<\/strong>apraszamy na ca\u0142odzienn\u0105 <strong>adoracj\u0119 Naj\u015bwi\u0119tszego Sakramentu<\/strong>,<\/p>\n<p style=\"text-align: justify;\">6.W <strong>ka\u017cdy <\/strong><strong>pi\u0105tek <\/strong><strong>sierpnia i wrze\u015bnia<\/strong> o\u00a0godz.\u00a0<strong>19:00<\/strong> zapraszamy do naszej bazyliki na <strong>letnie <\/strong><strong>koncerty organowe <\/strong><strong>w wykonaniu M\u0142odych Mistrz\u00f3w<\/strong>. <u>Wst\u0119p\u00a0wolny.<\/u><\/p>\n<p style=\"text-align: justify;\"><strong>7. <\/strong>Dzisiaj wolontariusza parafialnego oddzia\u0142u <strong>Caritas<\/strong> zbieraj\u0105 <strong>ofiary dla rodzin <\/strong><strong>w trudnej sytuacji materialnej<\/strong>. Wszystkim ofiarodawcom dzi\u0119kujemy za\u00a0okazane wsparcie.<\/p>\n<p style=\"text-align: justify;\">8. <strong>Solenizantom i jubilatom <\/strong>rozpoczynaj\u0105cego si\u0119 tygodnia \u017cyczymy zdrowia, potrzebnych \u0142ask oraz Bo\u017cego b\u0142ogos\u0142awie\u0144stwa, a <strong>wszystkim przebywaj\u0105cym na\u00a0wakacjach<\/strong> \u017cyczymy dobrego wypoczynku oraz bezpiecznego podr\u00f3\u017cowania.<\/p>\n","protected":false},"excerpt":{"rendered":"<p>1. Dzisiaj prze\u017cywamy Osiemnast\u0105 Niedziel\u0119 zwyk\u0142\u0105. 2. Z okazji trwaj\u0105cego Roku Jubileuszowego 2025 w pierwsze niedziele miesi\u0105ca go\u015bcimy ksi\u0119\u017cy kanonik\u00f3w, cz\u0142onk\u00f3w kapitu\u0142y przy naszej bazylice, kt\u00f3rzy g\u0142osz\u0105 S\u0142owo Bo\u017ce na ka\u017cdej Mszy \u015bw. oraz pos\u0142uguj\u0105 w konfesjonale. Dzi\u015b serdecznie witamy ks. kan. p\u0142k. Piotra GIBASIEICZA \u2013 Proboszcza Parafii Wojskowej pw. Naj\u015bwi\u0119tszego Serca Pana Jezusa w [&hellip;]<\/p>\n","protected":false},"author":3,"featured_media":3757,"comment_status":"closed","ping_status":"closed","sticky":false,"template":"","format":"standard","meta":[],"categories":[35],"tags":[],"_links":{"self":[{"href":"http:\/\/www.elzbieta.archidiecezja.wroc.pl\/index.php?rest_route=\/wp\/v2\/posts\/3756"}],"collection":[{"href":"http:\/\/www.elzbieta.archidiecezja.wroc.pl\/index.php?rest_route=\/wp\/v2\/posts"}],"about":[{"href":"http:\/\/www.elzbieta.archidiecezja.wroc.pl\/index.php?rest_route=\/wp\/v2\/types\/post"}],"author":[{"embeddable":true,"href":"http:\/\/www.elzbieta.archidiecezja.wroc.pl\/index.php?rest_route=\/wp\/v2\/users\/3"}],"replies":[{"embeddable":true,"href":"http:\/\/www.elzbieta.archidiecezja.wroc.pl\/index.php?rest_route=%2Fwp%2Fv2%2Fcomments&post=3756"}],"version-history":[{"count":1,"href":"http:\/\/www.elzbieta.archidiecezja.wroc.pl\/index.php?rest_route=\/wp\/v2\/posts\/3756\/revisions"}],"predecessor-version":[{"id":3758,"href":"http:\/\/www.elzbieta.archidiecezja.wroc.pl\/index.php?rest_route=\/wp\/v2\/posts\/3756\/revisions\/3758"}],"wp:featuredmedia":[{"embeddable":true,"href":"http:\/\/www.elzbieta.archidiecezja.wroc.pl\/index.php?rest_route=\/wp\/v2\/media\/3757"}],"wp:attachment":[{"href":"http:\/\/www.elzbieta.archidiecezja.wroc.pl\/index.php?rest_route=%2Fwp%2Fv2%2Fmedia&parent=3756"}],"wp:term":[{"taxonomy":"category","embeddable":true,"href":"http:\/\/www.elzbieta.archidiecezja.wroc.pl\/index.php?rest_route=%2Fwp%2Fv2%2Fcategories&post=3756"},{"taxonomy":"post_tag","embeddable":true,"href":"http:\/\/www.elzbieta.archidiecezja.wroc.pl\/index.php?rest_route=%2Fwp%2Fv2%2Ftags&post=3756"}],"curies":[{"name":"wp","href":"https:\/\/api.w.org\/{rel}","templated":true}]}}