{"id":3751,"date":"2025-07-25T11:59:02","date_gmt":"2025-07-25T09:59:02","guid":{"rendered":"http:\/\/www.elzbieta.archidiecezja.wroc.pl\/?p=3751"},"modified":"2025-08-17T19:57:39","modified_gmt":"2025-08-17T17:57:39","slug":"siedemnasta-niedziela-zwykla-27-lipca-2025","status":"publish","type":"post","link":"http:\/\/www.elzbieta.archidiecezja.wroc.pl\/?p=3751","title":{"rendered":"SIEDEMNASTA NIEDZIELA ZWYK\u0141A &#8211; 27 lipca 2025"},"content":{"rendered":"<p style=\"text-align: justify;\">1. Dzi\u015b obchodzimy <span style=\"color: #008000;\"><strong>siedemnast\u0105 niedziel\u0119 zwyk\u0142\u0105<\/strong> <\/span>w ci\u0105gu roku.<\/p>\n<p style=\"text-align: justify;\">2. W pi\u0105tek <span style=\"color: #993366;\"><strong>1 sierpnia<\/strong><\/span> przypada <span style=\"color: #993366;\"><strong>81. Rocznica Wybuchu Powstania Warszawskiego<\/strong>.<\/span><br \/>\nPami\u0119tajmy w naszych modlitwach o Bohaterach, kt\u00f3rzy walczyli w obronie Naszej Ojczyzny.<\/p>\n<p style=\"text-align: justify;\">3. <strong>W tym<\/strong> <strong>tygodniu wspominamy:<\/strong><\/p>\n<p style=\"text-align: justify;\">&#8211; we wtorek <strong><em>\u015bw. Mart\u0119, Mari\u0119 i \u0141azarza<\/em><\/strong><\/p>\n<p style=\"text-align: justify;\">&#8211; w czwartek <strong><em>\u015bw. Ignacego z Loyoli<\/em><\/strong><em> \u2013 prezbitera,<\/em><\/p>\n<p style=\"text-align: justify;\">&#8211; w pi\u0105tek <strong><em>\u015bw. Alfonsa Mari\u0119 Liguoriego<\/em><\/strong><em> \u2013 biskupa i doktora ko\u015bcio\u0142a,<\/em><\/p>\n<p style=\"text-align: justify;\">4. <strong>W tym tygodniu przypada pierwszy pi\u0105tek i pierwsza sobota<\/strong> <strong>miesi\u0105ca<\/strong>:<\/p>\n<p style=\"text-align: justify;\">&#8211; w <span style=\"color: #cc99ff;\"><strong>pierwszy pi\u0105tek<\/strong> <\/span>zach\u0119camy do skorzystania z <strong><span style=\"color: #cc99ff;\">sakramentu pokuty i\u00a0pojednania<\/span><\/strong><span style=\"color: #cc99ff;\">,<\/span><\/p>\n<p style=\"text-align: justify;\">&#8211;\u00a0w <span style=\"color: #00ccff;\"><strong>pierwsz\u0105 sobot\u0119<\/strong> <\/span>po Mszy \u015bw. porannej zapraszamy do udzia\u0142u w <span style=\"color: #00ccff;\"><strong>nabo\u017ce\u0144stwie wynagradzaj\u0105cym Niepokalanemu Sercu Maryi<\/strong>.<\/span><br \/>\nTego dnia w godzinach porannych udamy si\u0119 z <span style=\"color: #339966;\"><strong>pos\u0142ug\u0105 sakramentaln\u0105 do chorych<\/strong><\/span> z\u00a0naszej parafii.<\/p>\n<p style=\"text-align: justify;\">5<strong>. <\/strong>W <strong>ka\u017cdy <\/strong><strong><span style=\"color: #ff9900;\">pi\u0105tek<\/span> <\/strong><strong>lipca, sierpnia i wrze\u015bnia<\/strong> o\u00a0godz.\u00a0<span style=\"color: #ff9900;\"><strong>19:00<\/strong><\/span> zapraszamy do\u00a0naszej bazyliki na <span style=\"color: #ff9900;\"><strong>letnie koncerty organowe<\/strong><\/span><strong> w wykonaniu M\u0142odych Mistrz\u00f3w<\/strong>. <u>Wst\u0119p\u00a0wolny.<\/u><\/p>\n<p style=\"text-align: justify;\">6. Z okazji trwaj\u0105cego <strong><span style=\"color: #ff00ff;\">Roku Jubileuszowego 2025<\/span> <u>w pierwsze niedziele miesi\u0105ca<\/u> <\/strong>go\u015bcimy ksi\u0119\u017cy kanonik\u00f3w, cz\u0142onk\u00f3w kapitu\u0142y przy naszej bazylice, kt\u00f3rzy g\u0142osz\u0105 S\u0142owo Bo\u017ce na ka\u017cdej Mszy \u015bw. oraz pos\u0142uguj\u0105 w konfesjonale.<\/p>\n<p style=\"text-align: justify;\">W przysz\u0142\u0105 niedziel\u0119 go\u015bci\u0107 b\u0119dziemy<strong> ks. kan. p\u0142k. Piotra GIBASIEICZA<\/strong> \u2013 Proboszcza Parafii Wojskowej pw. Naj\u015bwi\u0119tszego Serca Pana Jezusa w Siedlcach<\/p>\n<p style=\"text-align: justify;\"><strong>7. Solenizantom i jubilatom <\/strong>rozpoczynaj\u0105cego si\u0119 tygodnia \u017cyczymy zdrowia, potrzebnych \u0142ask oraz Bo\u017cego b\u0142ogos\u0142awie\u0144stwa, a <strong>wszystkim przebywaj\u0105cym na\u00a0wakacjach<\/strong> \u017cyczymy dobrego wypoczynku oraz bezpiecznego podr\u00f3\u017cowania.<\/p>\n","protected":false},"excerpt":{"rendered":"<p>1. Dzi\u015b obchodzimy siedemnast\u0105 niedziel\u0119 zwyk\u0142\u0105 w ci\u0105gu roku. 2. W pi\u0105tek 1 sierpnia przypada 81. Rocznica Wybuchu Powstania Warszawskiego. Pami\u0119tajmy w naszych modlitwach o Bohaterach, kt\u00f3rzy walczyli w obronie Naszej Ojczyzny. 3. W tym tygodniu wspominamy: &#8211; we wtorek \u015bw. Mart\u0119, Mari\u0119 i \u0141azarza &#8211; w czwartek \u015bw. Ignacego z Loyoli \u2013 prezbitera, &#8211; [&hellip;]<\/p>\n","protected":false},"author":3,"featured_media":1697,"comment_status":"closed","ping_status":"closed","sticky":false,"template":"","format":"standard","meta":[],"categories":[35],"tags":[],"_links":{"self":[{"href":"http:\/\/www.elzbieta.archidiecezja.wroc.pl\/index.php?rest_route=\/wp\/v2\/posts\/3751"}],"collection":[{"href":"http:\/\/www.elzbieta.archidiecezja.wroc.pl\/index.php?rest_route=\/wp\/v2\/posts"}],"about":[{"href":"http:\/\/www.elzbieta.archidiecezja.wroc.pl\/index.php?rest_route=\/wp\/v2\/types\/post"}],"author":[{"embeddable":true,"href":"http:\/\/www.elzbieta.archidiecezja.wroc.pl\/index.php?rest_route=\/wp\/v2\/users\/3"}],"replies":[{"embeddable":true,"href":"http:\/\/www.elzbieta.archidiecezja.wroc.pl\/index.php?rest_route=%2Fwp%2Fv2%2Fcomments&post=3751"}],"version-history":[{"count":1,"href":"http:\/\/www.elzbieta.archidiecezja.wroc.pl\/index.php?rest_route=\/wp\/v2\/posts\/3751\/revisions"}],"predecessor-version":[{"id":3752,"href":"http:\/\/www.elzbieta.archidiecezja.wroc.pl\/index.php?rest_route=\/wp\/v2\/posts\/3751\/revisions\/3752"}],"wp:featuredmedia":[{"embeddable":true,"href":"http:\/\/www.elzbieta.archidiecezja.wroc.pl\/index.php?rest_route=\/wp\/v2\/media\/1697"}],"wp:attachment":[{"href":"http:\/\/www.elzbieta.archidiecezja.wroc.pl\/index.php?rest_route=%2Fwp%2Fv2%2Fmedia&parent=3751"}],"wp:term":[{"taxonomy":"category","embeddable":true,"href":"http:\/\/www.elzbieta.archidiecezja.wroc.pl\/index.php?rest_route=%2Fwp%2Fv2%2Fcategories&post=3751"},{"taxonomy":"post_tag","embeddable":true,"href":"http:\/\/www.elzbieta.archidiecezja.wroc.pl\/index.php?rest_route=%2Fwp%2Fv2%2Ftags&post=3751"}],"curies":[{"name":"wp","href":"https:\/\/api.w.org\/{rel}","templated":true}]}}