{"id":3747,"date":"2025-07-18T19:41:39","date_gmt":"2025-07-18T17:41:39","guid":{"rendered":"http:\/\/www.elzbieta.archidiecezja.wroc.pl\/?p=3747"},"modified":"2025-07-18T19:41:39","modified_gmt":"2025-07-18T17:41:39","slug":"szesnasta-niedziela-zwykla-20-lipca-2025","status":"publish","type":"post","link":"http:\/\/www.elzbieta.archidiecezja.wroc.pl\/?p=3747","title":{"rendered":"SZESNASTA NIEDZIELA ZWYK\u0141A &#8211; 20 lipca 2025"},"content":{"rendered":"<p>1. Dzi\u015b prze\u017cywamy <span style=\"color: #008000;\"><strong>szesnast\u0105 niedziel\u0119 zwyk\u0142\u0105<\/strong> <\/span>w ci\u0105gu roku.<\/p>\n<p>2.<strong> W tym<\/strong> <strong>tygodniu wspominamy:<\/strong><\/p>\n<p>&#8211; we wtorek <strong><em>\u015bw. Mari\u0119 Magdalen\u0119<\/em><\/strong><em>,<\/em><\/p>\n<p>&#8211; w \u015brod\u0119 <strong><em>\u015bw. Brygid\u0119<\/em><\/strong><em> &#8211; zakonnic\u0119, patronk\u0119 Europy,<\/em><\/p>\n<p>&#8211; w czwartek <strong><em>\u015bw. King\u0119<\/em><\/strong><em> \u2013 dziewic\u0119,<\/em><\/p>\n<p>&#8211; w pi\u0105tek <strong><em>\u015bw. Jakuba<\/em><\/strong><em> \u2013 Aposto\u0142a,<\/em><\/p>\n<p>&#8211; w sobot\u0119 <strong><em>\u015bw. Joachima i Ann\u0119<\/em><\/strong><em> \u2013 Rodzic\u00f3w Naj\u015bwi\u0119tszej Maryi Panny,<\/em><\/p>\n<p>3. W <span style=\"color: #ff6600;\"><strong>ka\u017cdy <\/strong><\/span><strong><span style=\"color: #ff6600;\">pi\u0105tek<\/span> <\/strong><strong>lipca, sierpnia i wrze\u015bnia<\/strong> o\u00a0godz.\u00a0<span style=\"color: #ff6600;\"><strong>19:00<\/strong> <\/span>zapraszamy do\u00a0naszej bazyliki na <span style=\"color: #ff6600;\"><strong>letnie koncerty organowe<\/strong><\/span><strong> w wykonaniu M\u0142odych Mistrz\u00f3w<\/strong>. Wst\u0119p\u00a0wolny.<\/p>\n<p>4. <strong>Solenizantom i jubilatom <\/strong>rozpoczynaj\u0105cego si\u0119 tygodnia \u017cyczymy zdrowia, potrzebnych \u0142ask oraz Bo\u017cego b\u0142ogos\u0142awie\u0144stwa, a <strong>wszystkim przebywaj\u0105cym na\u00a0wakacjach<\/strong> \u017cyczymy dobrego wypoczynku oraz bezpiecznego podr\u00f3\u017cowania.<\/p>\n","protected":false},"excerpt":{"rendered":"<p>1. Dzi\u015b prze\u017cywamy szesnast\u0105 niedziel\u0119 zwyk\u0142\u0105 w ci\u0105gu roku. 2. W tym tygodniu wspominamy: &#8211; we wtorek \u015bw. Mari\u0119 Magdalen\u0119, &#8211; w \u015brod\u0119 \u015bw. Brygid\u0119 &#8211; zakonnic\u0119, patronk\u0119 Europy, &#8211; w czwartek \u015bw. King\u0119 \u2013 dziewic\u0119, &#8211; w pi\u0105tek \u015bw. Jakuba \u2013 Aposto\u0142a, &#8211; w sobot\u0119 \u015bw. Joachima i Ann\u0119 \u2013 Rodzic\u00f3w Naj\u015bwi\u0119tszej Maryi Panny, [&hellip;]<\/p>\n","protected":false},"author":3,"featured_media":2528,"comment_status":"closed","ping_status":"closed","sticky":false,"template":"","format":"standard","meta":[],"categories":[35],"tags":[],"_links":{"self":[{"href":"http:\/\/www.elzbieta.archidiecezja.wroc.pl\/index.php?rest_route=\/wp\/v2\/posts\/3747"}],"collection":[{"href":"http:\/\/www.elzbieta.archidiecezja.wroc.pl\/index.php?rest_route=\/wp\/v2\/posts"}],"about":[{"href":"http:\/\/www.elzbieta.archidiecezja.wroc.pl\/index.php?rest_route=\/wp\/v2\/types\/post"}],"author":[{"embeddable":true,"href":"http:\/\/www.elzbieta.archidiecezja.wroc.pl\/index.php?rest_route=\/wp\/v2\/users\/3"}],"replies":[{"embeddable":true,"href":"http:\/\/www.elzbieta.archidiecezja.wroc.pl\/index.php?rest_route=%2Fwp%2Fv2%2Fcomments&post=3747"}],"version-history":[{"count":1,"href":"http:\/\/www.elzbieta.archidiecezja.wroc.pl\/index.php?rest_route=\/wp\/v2\/posts\/3747\/revisions"}],"predecessor-version":[{"id":3748,"href":"http:\/\/www.elzbieta.archidiecezja.wroc.pl\/index.php?rest_route=\/wp\/v2\/posts\/3747\/revisions\/3748"}],"wp:featuredmedia":[{"embeddable":true,"href":"http:\/\/www.elzbieta.archidiecezja.wroc.pl\/index.php?rest_route=\/wp\/v2\/media\/2528"}],"wp:attachment":[{"href":"http:\/\/www.elzbieta.archidiecezja.wroc.pl\/index.php?rest_route=%2Fwp%2Fv2%2Fmedia&parent=3747"}],"wp:term":[{"taxonomy":"category","embeddable":true,"href":"http:\/\/www.elzbieta.archidiecezja.wroc.pl\/index.php?rest_route=%2Fwp%2Fv2%2Fcategories&post=3747"},{"taxonomy":"post_tag","embeddable":true,"href":"http:\/\/www.elzbieta.archidiecezja.wroc.pl\/index.php?rest_route=%2Fwp%2Fv2%2Ftags&post=3747"}],"curies":[{"name":"wp","href":"https:\/\/api.w.org\/{rel}","templated":true}]}}