{"id":3738,"date":"2025-07-12T17:22:55","date_gmt":"2025-07-12T15:22:55","guid":{"rendered":"http:\/\/www.elzbieta.archidiecezja.wroc.pl\/?p=3738"},"modified":"2025-07-12T17:22:55","modified_gmt":"2025-07-12T15:22:55","slug":"pietnasta-niedziela-zwykla-13-lipca-2025","status":"publish","type":"post","link":"http:\/\/www.elzbieta.archidiecezja.wroc.pl\/?p=3738","title":{"rendered":"PI\u0118TNASTA NIEDZIELA ZWYK\u0141A &#8211; 13 lipca 2025"},"content":{"rendered":"<p>1. Dzi\u015b prze\u017cywamy <span style=\"color: #008000;\"><strong>pi\u0119tnast\u0105 niedziel\u0119 zwyk\u0142\u0105<\/strong> <\/span>w ci\u0105gu roku.<\/p>\n<p>2.<strong> W tym<\/strong> <strong>tygodniu wspominamy:<\/strong><\/p>\n<p>&#8211; we wtorek <strong><em>\u015bw. Bonawentur\u0119<\/em><\/strong><em> \u2013 biskupa i doktora Ko\u015bcio\u0142a.<\/em><\/p>\n<p><strong>&#8211; <\/strong>w \u015brod\u0119 <strong><em>NMP z G\u00f3ry Karmel<\/em><\/strong><\/p>\n<p>3. <span style=\"color: #ff6600;\"><strong>W ka\u017cdy <\/strong><strong>pi\u0105tek <\/strong><\/span><strong>lipca, sierpnia i wrze\u015bnia<\/strong> o\u00a0godz.\u00a0<span style=\"color: #ff6600;\"><strong>19:00<\/strong> <\/span>zapraszamy do\u00a0naszej bazyliki na <span style=\"color: #ff6600;\"><strong>letnie koncerty organowe<\/strong><\/span><strong> w wykonaniu M\u0142odych Mistrz\u00f3w<\/strong>.<br \/>\n<strong><span style=\"text-decoration: underline;\">Wst\u0119p\u00a0wolny.<\/span><\/strong><\/p>\n<p>4. Podczas ostatniej kwesty wolontariusze parafialnego <span style=\"color: #ff0000;\"><strong>Caritas<\/strong> <\/span>zebrali do puszek ofiary na kwot\u0119 <strong>1.820 z\u0142.<\/strong><br \/>\n<strong>B\u00f3g zap\u0142a\u0107 za z\u0142o\u017cone ofiary.<\/strong><\/p>\n<p>5. <strong>Solenizantom i jubilatom<\/strong>\u00a0rozpoczynaj\u0105cego si\u0119 tygodnia \u017cyczymy zdrowia, potrzebnych \u0142ask oraz Bo\u017cego b\u0142ogos\u0142awie\u0144stwa, a <strong>wszystkim przebywaj\u0105cym na\u00a0wakacjach<\/strong> \u017cyczymy dobrego wypoczynku oraz bezpiecznego podr\u00f3\u017cowania.<\/p>\n","protected":false},"excerpt":{"rendered":"<p>1. Dzi\u015b prze\u017cywamy pi\u0119tnast\u0105 niedziel\u0119 zwyk\u0142\u0105 w ci\u0105gu roku. 2. W tym tygodniu wspominamy: &#8211; we wtorek \u015bw. Bonawentur\u0119 \u2013 biskupa i doktora Ko\u015bcio\u0142a. &#8211; w \u015brod\u0119 NMP z G\u00f3ry Karmel 3. W ka\u017cdy pi\u0105tek lipca, sierpnia i wrze\u015bnia o\u00a0godz.\u00a019:00 zapraszamy do\u00a0naszej bazyliki na letnie koncerty organowe w wykonaniu M\u0142odych Mistrz\u00f3w. Wst\u0119p\u00a0wolny. 4. Podczas ostatniej [&hellip;]<\/p>\n","protected":false},"author":3,"featured_media":3739,"comment_status":"closed","ping_status":"closed","sticky":false,"template":"","format":"standard","meta":[],"categories":[35],"tags":[],"_links":{"self":[{"href":"http:\/\/www.elzbieta.archidiecezja.wroc.pl\/index.php?rest_route=\/wp\/v2\/posts\/3738"}],"collection":[{"href":"http:\/\/www.elzbieta.archidiecezja.wroc.pl\/index.php?rest_route=\/wp\/v2\/posts"}],"about":[{"href":"http:\/\/www.elzbieta.archidiecezja.wroc.pl\/index.php?rest_route=\/wp\/v2\/types\/post"}],"author":[{"embeddable":true,"href":"http:\/\/www.elzbieta.archidiecezja.wroc.pl\/index.php?rest_route=\/wp\/v2\/users\/3"}],"replies":[{"embeddable":true,"href":"http:\/\/www.elzbieta.archidiecezja.wroc.pl\/index.php?rest_route=%2Fwp%2Fv2%2Fcomments&post=3738"}],"version-history":[{"count":2,"href":"http:\/\/www.elzbieta.archidiecezja.wroc.pl\/index.php?rest_route=\/wp\/v2\/posts\/3738\/revisions"}],"predecessor-version":[{"id":3741,"href":"http:\/\/www.elzbieta.archidiecezja.wroc.pl\/index.php?rest_route=\/wp\/v2\/posts\/3738\/revisions\/3741"}],"wp:featuredmedia":[{"embeddable":true,"href":"http:\/\/www.elzbieta.archidiecezja.wroc.pl\/index.php?rest_route=\/wp\/v2\/media\/3739"}],"wp:attachment":[{"href":"http:\/\/www.elzbieta.archidiecezja.wroc.pl\/index.php?rest_route=%2Fwp%2Fv2%2Fmedia&parent=3738"}],"wp:term":[{"taxonomy":"category","embeddable":true,"href":"http:\/\/www.elzbieta.archidiecezja.wroc.pl\/index.php?rest_route=%2Fwp%2Fv2%2Fcategories&post=3738"},{"taxonomy":"post_tag","embeddable":true,"href":"http:\/\/www.elzbieta.archidiecezja.wroc.pl\/index.php?rest_route=%2Fwp%2Fv2%2Ftags&post=3738"}],"curies":[{"name":"wp","href":"https:\/\/api.w.org\/{rel}","templated":true}]}}