{"id":3727,"date":"2025-07-05T14:29:29","date_gmt":"2025-07-05T12:29:29","guid":{"rendered":"http:\/\/www.elzbieta.archidiecezja.wroc.pl\/?p=3727"},"modified":"2025-07-08T10:29:02","modified_gmt":"2025-07-08T08:29:02","slug":"xiv-niedziela-zwykla-6-07-2025","status":"publish","type":"post","link":"http:\/\/www.elzbieta.archidiecezja.wroc.pl\/?p=3727","title":{"rendered":"XIV niedziela Zwyk\u0142a, 6.07.2025"},"content":{"rendered":"<p>1. Dzisiaj prze\u017cywamy <span style=\"color: #99cc00;\"><strong>czternast\u0105 niedziel\u0119 zwyk\u0142\u0105<\/strong>.<\/span><\/p>\n<p>2. Z okazji trwaj\u0105cego <span style=\"color: #ff0000;\"><strong>Roku Jubileuszowego 2025 <\/strong><strong><u>w pierwsze niedziele miesi\u0105ca<\/u><\/strong> <\/span><strong>go\u015bcimy ksi\u0119\u017cy kanonik\u00f3w<\/strong>, cz\u0142onk\u00f3w kapitu\u0142y przy naszej bazylice, kt\u00f3rzy <strong>g\u0142osz\u0105 S\u0142owo Bo\u017cena ka\u017cdej Mszy \u015bw. oraz pos\u0142uguj\u0105 w konfesjonale.<\/strong><\/p>\n<p><strong>Dzi\u015b serdecznie witamy ksi\u0119dza kan. pp\u0142k. Marka RYCIO \u2013 proboszcza parafii wojskowo-cywilnej pw. \u015awi\u0119tych Archanio\u0142\u00f3w: Micha\u0142a, Gabriela i Rafa\u0142a w Olsztynie<\/strong><\/p>\n<p><strong>Ksi\u0119\u017ca kanonicy<\/strong> posiadaj\u0105 uprawnienia <strong>penitencjarza diecezjalnego, <\/strong>upowa\u017cniaj\u0105ce do udzielania rozgrzeszenia najci\u0119\u017cszych grzech\u00f3w. <strong>Wierni mog\u0105 uzyska\u0107 odpust zupe\u0142ny <\/strong>m.in. za udzia\u0142 w organizowanych w naszej \u015bwi\u0105tyni <strong>katechezach<\/strong>, z kt\u00f3rych najbli\u017csza <strong>odb\u0119dzie si\u0119 dzi\u015b <\/strong>(w niedziel\u0119 6 lipca)<strong> po Mszy \u015bw.\u00a0 o godz. 10:00.<\/strong> Serdecznie zapraszamy.<\/p>\n<p>3. <strong>W tym tygodniu wspominamy:<\/strong><\/p>\n<p>&#8211; we wtorek <span style=\"color: #ff0000;\"><strong><em>\u015bw. Jana z Dukli<\/em><\/strong><\/span><em> \u2013 prezbitera,<\/em><\/p>\n<p>&#8211; w pi\u0105tek <span style=\"color: #ff0000;\"><strong><em>\u015bw. Benedykta<\/em><\/strong><\/span><em> \u2013 opata \u2013 patrona Europy,<\/em><\/p>\n<p>&#8211; w sobot\u0119 <span style=\"color: #ff0000;\"><strong><em>\u015bw. Brunona Bonifacego z Kwerfurtu<\/em><\/strong><\/span><em> \u2013 biskupa i m\u0119czennika,<\/em><\/p>\n<p>4. Dzi\u015b wolontariusze parafialnego <span style=\"color: #ff0000;\"><strong>Caritas<\/strong> <\/span>zbieraj\u0105 do puszek <strong>ofiary na pomoc dla\u00a0rodzin w trudnej sytuacji materialnej<\/strong>. Wszystkim ofiarodawcom serdecznie dzi\u0119kujemy za okazane wsparcie.<\/p>\n<p>5. W <span style=\"color: #ff6600;\"><strong>ka\u017cdy <\/strong><strong>pi\u0105tek <\/strong><\/span><strong>lipca, sierpnia i wrze\u015bnia<\/strong> o\u00a0godz.\u00a0<span style=\"color: #ff6600;\"><strong>19:00<\/strong><\/span> zapraszamy do\u00a0naszej bazyliki na <span style=\"color: #ff6600;\"><strong>letnie koncerty organowe<\/strong><strong> w wykonaniu M\u0142odych Mistrz\u00f3w<\/strong>.<\/span> Wst\u0119p\u00a0wolny.<\/p>\n<p>6.<strong> Solenizantom i jubilatom <\/strong>rozpoczynaj\u0105cego si\u0119 tygodnia \u017cyczymy zdrowia, potrzebnych \u0142ask oraz Bo\u017cego b\u0142ogos\u0142awie\u0144stwa, a <strong>wszystkim przebywaj\u0105cym na\u00a0wakacjach<\/strong> \u017cyczymy dobrego wypoczynku oraz bezpiecznego podr\u00f3\u017cowania.<\/p>\n<p>&nbsp;<\/p>\n<p>&nbsp;<\/p>\n<p><strong>NIECH CHRYSTUS B\u0141OGOS\u0141AWI NAM, <\/strong><\/p>\n<p><strong>ABY\u015aMY STAWALI SI\u0118 MI\u0141OSIERNI <\/strong><\/p>\n<p><strong>I BEZINTERESOWNI W CZYNIENIU DOBRA<\/strong><\/p>\n","protected":false},"excerpt":{"rendered":"<p>1. Dzisiaj prze\u017cywamy czternast\u0105 niedziel\u0119 zwyk\u0142\u0105. 2. Z okazji trwaj\u0105cego Roku Jubileuszowego 2025 w pierwsze niedziele miesi\u0105ca go\u015bcimy ksi\u0119\u017cy kanonik\u00f3w, cz\u0142onk\u00f3w kapitu\u0142y przy naszej bazylice, kt\u00f3rzy g\u0142osz\u0105 S\u0142owo Bo\u017cena ka\u017cdej Mszy \u015bw. oraz pos\u0142uguj\u0105 w konfesjonale. Dzi\u015b serdecznie witamy ksi\u0119dza kan. pp\u0142k. Marka RYCIO \u2013 proboszcza parafii wojskowo-cywilnej pw. \u015awi\u0119tych Archanio\u0142\u00f3w: Micha\u0142a, Gabriela i Rafa\u0142a [&hellip;]<\/p>\n","protected":false},"author":3,"featured_media":3666,"comment_status":"closed","ping_status":"closed","sticky":false,"template":"","format":"standard","meta":[],"categories":[35],"tags":[],"_links":{"self":[{"href":"http:\/\/www.elzbieta.archidiecezja.wroc.pl\/index.php?rest_route=\/wp\/v2\/posts\/3727"}],"collection":[{"href":"http:\/\/www.elzbieta.archidiecezja.wroc.pl\/index.php?rest_route=\/wp\/v2\/posts"}],"about":[{"href":"http:\/\/www.elzbieta.archidiecezja.wroc.pl\/index.php?rest_route=\/wp\/v2\/types\/post"}],"author":[{"embeddable":true,"href":"http:\/\/www.elzbieta.archidiecezja.wroc.pl\/index.php?rest_route=\/wp\/v2\/users\/3"}],"replies":[{"embeddable":true,"href":"http:\/\/www.elzbieta.archidiecezja.wroc.pl\/index.php?rest_route=%2Fwp%2Fv2%2Fcomments&post=3727"}],"version-history":[{"count":3,"href":"http:\/\/www.elzbieta.archidiecezja.wroc.pl\/index.php?rest_route=\/wp\/v2\/posts\/3727\/revisions"}],"predecessor-version":[{"id":3732,"href":"http:\/\/www.elzbieta.archidiecezja.wroc.pl\/index.php?rest_route=\/wp\/v2\/posts\/3727\/revisions\/3732"}],"wp:featuredmedia":[{"embeddable":true,"href":"http:\/\/www.elzbieta.archidiecezja.wroc.pl\/index.php?rest_route=\/wp\/v2\/media\/3666"}],"wp:attachment":[{"href":"http:\/\/www.elzbieta.archidiecezja.wroc.pl\/index.php?rest_route=%2Fwp%2Fv2%2Fmedia&parent=3727"}],"wp:term":[{"taxonomy":"category","embeddable":true,"href":"http:\/\/www.elzbieta.archidiecezja.wroc.pl\/index.php?rest_route=%2Fwp%2Fv2%2Fcategories&post=3727"},{"taxonomy":"post_tag","embeddable":true,"href":"http:\/\/www.elzbieta.archidiecezja.wroc.pl\/index.php?rest_route=%2Fwp%2Fv2%2Ftags&post=3727"}],"curies":[{"name":"wp","href":"https:\/\/api.w.org\/{rel}","templated":true}]}}