{"id":3705,"date":"2025-06-28T10:19:10","date_gmt":"2025-06-28T08:19:10","guid":{"rendered":"http:\/\/www.elzbieta.archidiecezja.wroc.pl\/?p=3705"},"modified":"2025-06-28T10:29:27","modified_gmt":"2025-06-28T08:29:27","slug":"uroczystosc-swietych-apostolow-piotra-i-pawla","status":"publish","type":"post","link":"http:\/\/www.elzbieta.archidiecezja.wroc.pl\/?p=3705","title":{"rendered":"UROCZYSTO\u015a\u0106 \u015aWI\u0118TYCH APOSTO\u0141\u00d3W PIOTRA I PAW\u0141A"},"content":{"rendered":"<p>1. Dzisiaj obchodzimy <span style=\"color: #ff0000;\"><strong>Uroczysto\u015b\u0107\u00a0\u015awi\u0119tych Aposto\u0142\u00f3w Piotra i\u00a0Paw\u0142a<\/strong><\/span><strong>. <\/strong>W tym dniu pami\u0119tajmy w modlitwie o <strong><span style=\"color: #99cc00;\">Ojcu \u015awi\u0119tym Leonie<\/span>. <\/strong>Wypraszajmy dla Niego dary potrzebne do pe\u0142nienia pos\u0142ugi Piotrowej. W zgodzie z wieloletni\u0105 tradycj\u0105, w Ko\u015bciele na ca\u0142ym \u015bwiecie zbierane s\u0105 ofiary pieni\u0119\u017cne na utrzymanie Stolicy Apostolskiej. Tak\u0105 ofiar\u0119 mo\u017cna z\u0142o\u017cy\u0107 do puszek przy wyj\u015bciu z bazyliki.<\/p>\n<p>2. Do ko\u0144ca czerwca codziennie <strong>po Mszy \u015bw. wieczornej o godz. 18:00<\/strong> zapraszamy na\u00a0<span style=\"color: #ff0000;\"><strong>nabo\u017ce\u0144stwa czerwcowe do Serca Pana Jezusa<\/strong>.<\/span><\/p>\n<p>3. W czwartek wspominamy<em><span style=\"color: #ff0000;\"> <strong>\u015bw. Tomasza <\/strong><\/span>&#8211; Aposto\u0142a.<\/em><\/p>\n<p><strong>4. W tym tygodniu przypada pierwszy czwartek, pierwszy pi\u0105tek i pierwsza sobota<\/strong> <strong>miesi\u0105ca<\/strong>:<\/p>\n<p>&#8211; <u>w pierwszy <\/u><span style=\"color: #99cc00;\"><strong><u>czwartek<\/u><\/strong><\/span> zapraszamy na ca\u0142odzienn\u0105 <span style=\"color: #00ff00;\"><span style=\"color: #99cc00;\"><strong>adoracj\u0119 Naj\u015bwi\u0119tszego Sakramentu<\/strong>,<\/span> <span style=\"color: #000000;\">wyj\u0105tkowo tego dnia w godzinach porannych udamy si\u0119 z <strong>pos\u0142ug\u0105 sakramentaln\u0105 do chorych<\/strong> z\u00a0naszej parafii.<\/span><\/span><\/p>\n<p>&#8211; <u>w pierwszy <\/u><span style=\"color: #ff0000;\"><strong><u>pi\u0105tek<\/u><\/strong><\/span> zach\u0119camy do skorzystania z <span style=\"color: #333399;\"><strong>sakramentu pokuty i\u00a0pojednania<\/strong>,<\/span><\/p>\n<p>&#8211;\u00a0<u>w pierwsz\u0105 <\/u><span style=\"color: #3366ff;\"><strong><u>sobot\u0119<\/u><\/strong> <\/span>po Mszy \u015bw. porannej zapraszamy do udzia\u0142u w <span style=\"color: #3366ff;\"><strong>nabo\u017ce\u0144stwie wynagradzaj\u0105cym Niepokalanemu Sercu Maryi<\/strong>.<\/span><\/p>\n<p>5. <span style=\"color: #339966;\"><strong>Zako\u0144czy\u0142<\/strong> <strong>si\u0119 rok szkolny i katechetyczne.<\/strong> <\/span>Wszystkim dzieciom, rodzicom, nauczycielom, katechetom i wychowawcom \u017cyczymy szcz\u0119\u015bliwych oraz\u00a0bezpiecznych wakacji.<\/p>\n<p>6.<span style=\"color: #ff0000;\"><strong> Solenizantom i jubilatom<\/strong><\/span>\u00a0rozpoczynaj\u0105cego si\u0119 tygodnia \u017cyczymy zdrowia, potrzebnych \u0142ask oraz Bo\u017cego b\u0142ogos\u0142awie\u0144stwa, a <span style=\"color: #339966;\"><strong>wszystkim przebywaj\u0105cym na\u00a0wakacjach<\/strong> <\/span>\u017cyczymy dobrego wypoczynku oraz bezpiecznego podr\u00f3\u017cowania<\/p>\n<p><span style=\"color: #ff0000;\"><strong>NIECH CHRYSTUS B\u0141OGOS\u0141AWI NAS <\/strong><\/span><\/p>\n<p><span style=\"color: #ff0000;\"><strong>W WIERNYM POD\u0104\u017bANIU DROG\u0104 \u015aWI\u0118TO\u015aCI<\/strong><\/span><\/p>\n","protected":false},"excerpt":{"rendered":"<p>1. Dzisiaj obchodzimy Uroczysto\u015b\u0107\u00a0\u015awi\u0119tych Aposto\u0142\u00f3w Piotra i\u00a0Paw\u0142a. W tym dniu pami\u0119tajmy w modlitwie o Ojcu \u015awi\u0119tym Leonie. Wypraszajmy dla Niego dary potrzebne do pe\u0142nienia pos\u0142ugi Piotrowej. W zgodzie z wieloletni\u0105 tradycj\u0105, w Ko\u015bciele na ca\u0142ym \u015bwiecie zbierane s\u0105 ofiary pieni\u0119\u017cne na utrzymanie Stolicy Apostolskiej. Tak\u0105 ofiar\u0119 mo\u017cna z\u0142o\u017cy\u0107 do puszek przy wyj\u015bciu z bazyliki. 2. [&hellip;]<\/p>\n","protected":false},"author":3,"featured_media":3706,"comment_status":"closed","ping_status":"closed","sticky":false,"template":"","format":"standard","meta":[],"categories":[35],"tags":[],"_links":{"self":[{"href":"http:\/\/www.elzbieta.archidiecezja.wroc.pl\/index.php?rest_route=\/wp\/v2\/posts\/3705"}],"collection":[{"href":"http:\/\/www.elzbieta.archidiecezja.wroc.pl\/index.php?rest_route=\/wp\/v2\/posts"}],"about":[{"href":"http:\/\/www.elzbieta.archidiecezja.wroc.pl\/index.php?rest_route=\/wp\/v2\/types\/post"}],"author":[{"embeddable":true,"href":"http:\/\/www.elzbieta.archidiecezja.wroc.pl\/index.php?rest_route=\/wp\/v2\/users\/3"}],"replies":[{"embeddable":true,"href":"http:\/\/www.elzbieta.archidiecezja.wroc.pl\/index.php?rest_route=%2Fwp%2Fv2%2Fcomments&post=3705"}],"version-history":[{"count":4,"href":"http:\/\/www.elzbieta.archidiecezja.wroc.pl\/index.php?rest_route=\/wp\/v2\/posts\/3705\/revisions"}],"predecessor-version":[{"id":3710,"href":"http:\/\/www.elzbieta.archidiecezja.wroc.pl\/index.php?rest_route=\/wp\/v2\/posts\/3705\/revisions\/3710"}],"wp:featuredmedia":[{"embeddable":true,"href":"http:\/\/www.elzbieta.archidiecezja.wroc.pl\/index.php?rest_route=\/wp\/v2\/media\/3706"}],"wp:attachment":[{"href":"http:\/\/www.elzbieta.archidiecezja.wroc.pl\/index.php?rest_route=%2Fwp%2Fv2%2Fmedia&parent=3705"}],"wp:term":[{"taxonomy":"category","embeddable":true,"href":"http:\/\/www.elzbieta.archidiecezja.wroc.pl\/index.php?rest_route=%2Fwp%2Fv2%2Fcategories&post=3705"},{"taxonomy":"post_tag","embeddable":true,"href":"http:\/\/www.elzbieta.archidiecezja.wroc.pl\/index.php?rest_route=%2Fwp%2Fv2%2Ftags&post=3705"}],"curies":[{"name":"wp","href":"https:\/\/api.w.org\/{rel}","templated":true}]}}