{"id":3699,"date":"2025-06-21T11:26:51","date_gmt":"2025-06-21T09:26:51","guid":{"rendered":"http:\/\/www.elzbieta.archidiecezja.wroc.pl\/?p=3699"},"modified":"2025-06-22T09:45:36","modified_gmt":"2025-06-22T07:45:36","slug":"3699","status":"publish","type":"post","link":"http:\/\/www.elzbieta.archidiecezja.wroc.pl\/?p=3699","title":{"rendered":"XII Niedziela Zwyk\u0142a, 22.06.2025 r."},"content":{"rendered":"<p>1. Dzisiaj obchodzimy <span style=\"color: #99cc00;\"><strong>dwunast\u0105 niedziel\u0119 zwyk\u0142\u0105<\/strong>.<\/span><\/p>\n<p>2. Codziennie <strong>po Mszy \u015bw. wieczornej o godz. 18:00<\/strong> zapraszamy na\u00a0<span style=\"color: #ff0000;\"><strong>nabo\u017ce\u0144stwa czerwcowe do Serca Pana Jezusa<\/strong>.<\/span><\/p>\n<p>3. We wtorek<span style=\"color: #ff0000;\"><strong> 24 czerwca <\/strong><\/span>b\u0119dziemy obchodzi\u0107 <span style=\"color: #ff0000;\"><strong>Uroczysto\u015b\u0107<\/strong> <strong>Narodzenia \u015bw.\u00a0Jana Chrzciciela<\/strong><\/span>. Jest to \u015bwi\u0119to patronalne miasta <strong>Wroc\u0142awia<\/strong>, dlatego pami\u0119tajmy<br \/>\nw naszych modlitwach o wszystkich mieszka\u0144cach naszego miasta i pro\u015bmy o Bo\u017ce b\u0142ogos\u0142awie\u0144stwo i potrzebne \u0142aski dla nas wszystkich. <strong>O 19.30<\/strong> zapraszamy na <strong>koncert organowy<\/strong>, wst\u0119p wolny<\/p>\n<p>4. W <span style=\"color: #ff0000;\"><strong>pi\u0105tek<\/strong><\/span> przypada <span style=\"color: #ff0000;\"><strong>Uroczysto\u015b\u0107 Naj\u015bwi\u0119tszego Serca Pana Jezusa <\/strong><\/span>z tej okazji nie ma obowi\u0105zku postu oraz powstrzymywania si\u0119 od pokarm\u00f3w mi\u0119snych.<\/p>\n<p>5. <strong>R\u00f3wnie\u017c w pi\u0105tek <\/strong>zako\u0144czy si\u0119 rok szkolny i katechetyczne.\u00a0<em><strong>W zwi\u0105zku z\u00a0tym od niedzieli <\/strong><\/em><em><strong>29<\/strong><\/em><em><strong> czerwca do ko\u0144ca sierpnia <u>nie b\u0119dzie<\/u> niedzielnych Mszy \u015bwi\u0119tych dla Rodzin z dzie\u0107mi. O godz. 10.00 b\u0119d\u0105 zwyk\u0142e niedzielne Msze \u015bwi\u0119te.\u00a0<\/strong><\/em>Ju\u017c teraz wszystkim dzieciom, rodzicom, nauczycielom, katechetom i wychowawcom \u017cyczymy szcz\u0119\u015bliwych oraz bezpiecznych wakacji.<\/p>\n<p>6. W <strong><span style=\"color: #3366ff;\">sobot\u0119 <\/span><\/strong>obchodzi\u0107 b\u0119dziemy wspomnienie <strong><span style=\"color: #3366ff;\">Niepokalanego Serca Naj\u015bwi\u0119tszej Maryi Panny.<\/span><\/strong><\/p>\n<p>7. <strong>W najbli\u017csz\u0105 niedziel\u0119 <\/strong><strong>29 czerwca<\/strong> b\u0119dziemy prze\u017cywa\u0107 <span style=\"color: #ff0000;\"><strong>Uroczysto\u015b\u0107 <\/strong><strong>\u015awi\u0119tych Aposto\u0142\u00f3w Piotra i\u00a0Paw\u0142a<\/strong>.<\/span> W tym dniu pami\u0119tajmy w modlitwie o Ojcu \u015awi\u0119tym <strong>Leonie<\/strong>. Wypraszajmy dla Niego dary potrzebne do pe\u0142nienia pos\u0142ugi Piotrowej.<\/p>\n<p>8. <strong>Solenizantom i jubilatom<\/strong>rozpoczynaj\u0105cego si\u0119 tygodnia \u017cyczymy zdrowia, potrzebnych \u0142ask oraz Bo\u017cego b\u0142ogos\u0142awie\u0144stwa.<\/p>\n<p><strong>NIECH CHRYSTUS B\u0141OGOS\u0141AWI NAS<br \/>\nW WIERNYM POD\u0104\u017bANIU<br \/>\nDROG\u0104 \u015aWI\u0118TO\u015aCI<\/strong><\/p>\n","protected":false},"excerpt":{"rendered":"<p>1. Dzisiaj obchodzimy dwunast\u0105 niedziel\u0119 zwyk\u0142\u0105. 2. Codziennie po Mszy \u015bw. wieczornej o godz. 18:00 zapraszamy na\u00a0nabo\u017ce\u0144stwa czerwcowe do Serca Pana Jezusa. 3. We wtorek 24 czerwca b\u0119dziemy obchodzi\u0107 Uroczysto\u015b\u0107 Narodzenia \u015bw.\u00a0Jana Chrzciciela. Jest to \u015bwi\u0119to patronalne miasta Wroc\u0142awia, dlatego pami\u0119tajmy w naszych modlitwach o wszystkich mieszka\u0144cach naszego miasta i pro\u015bmy o Bo\u017ce b\u0142ogos\u0142awie\u0144stwo i [&hellip;]<\/p>\n","protected":false},"author":3,"featured_media":1683,"comment_status":"closed","ping_status":"closed","sticky":false,"template":"","format":"standard","meta":[],"categories":[35],"tags":[],"_links":{"self":[{"href":"http:\/\/www.elzbieta.archidiecezja.wroc.pl\/index.php?rest_route=\/wp\/v2\/posts\/3699"}],"collection":[{"href":"http:\/\/www.elzbieta.archidiecezja.wroc.pl\/index.php?rest_route=\/wp\/v2\/posts"}],"about":[{"href":"http:\/\/www.elzbieta.archidiecezja.wroc.pl\/index.php?rest_route=\/wp\/v2\/types\/post"}],"author":[{"embeddable":true,"href":"http:\/\/www.elzbieta.archidiecezja.wroc.pl\/index.php?rest_route=\/wp\/v2\/users\/3"}],"replies":[{"embeddable":true,"href":"http:\/\/www.elzbieta.archidiecezja.wroc.pl\/index.php?rest_route=%2Fwp%2Fv2%2Fcomments&post=3699"}],"version-history":[{"count":3,"href":"http:\/\/www.elzbieta.archidiecezja.wroc.pl\/index.php?rest_route=\/wp\/v2\/posts\/3699\/revisions"}],"predecessor-version":[{"id":3703,"href":"http:\/\/www.elzbieta.archidiecezja.wroc.pl\/index.php?rest_route=\/wp\/v2\/posts\/3699\/revisions\/3703"}],"wp:featuredmedia":[{"embeddable":true,"href":"http:\/\/www.elzbieta.archidiecezja.wroc.pl\/index.php?rest_route=\/wp\/v2\/media\/1683"}],"wp:attachment":[{"href":"http:\/\/www.elzbieta.archidiecezja.wroc.pl\/index.php?rest_route=%2Fwp%2Fv2%2Fmedia&parent=3699"}],"wp:term":[{"taxonomy":"category","embeddable":true,"href":"http:\/\/www.elzbieta.archidiecezja.wroc.pl\/index.php?rest_route=%2Fwp%2Fv2%2Fcategories&post=3699"},{"taxonomy":"post_tag","embeddable":true,"href":"http:\/\/www.elzbieta.archidiecezja.wroc.pl\/index.php?rest_route=%2Fwp%2Fv2%2Ftags&post=3699"}],"curies":[{"name":"wp","href":"https:\/\/api.w.org\/{rel}","templated":true}]}}