{"id":3697,"date":"2025-06-14T17:05:33","date_gmt":"2025-06-14T15:05:33","guid":{"rendered":"http:\/\/www.elzbieta.archidiecezja.wroc.pl\/?p=3697"},"modified":"2025-06-14T17:05:33","modified_gmt":"2025-06-14T15:05:33","slug":"15-niedziela-zwykla-najswietszej-trojcy","status":"publish","type":"post","link":"http:\/\/www.elzbieta.archidiecezja.wroc.pl\/?p=3697","title":{"rendered":"15. Niedziela Zwyk\u0142a, Naj\u015bwi\u0119tszej Tr\u00f3jcy"},"content":{"rendered":"<p>1.Dzisiaj obchodzimy uroczysto\u015b\u0107 <strong>Tr\u00f3jcy Przenaj\u015bwi\u0119tszej<\/strong>.<\/p>\n<p><strong>\u00a0<\/strong>2. Codziennie <strong>po Mszy \u015bw. wieczornej o godz. 18:00<\/strong> zapraszamy na\u00a0<strong>nabo\u017ce\u0144stwa czerwcowe do Serca Pana Jezusa<\/strong>.<\/p>\n<p>3. <strong>W tym tygodniu wspominamy:<\/strong><\/p>\n<p>&#8211; we wtorek <strong><em>\u015bw. Alberta Chmielowskiego <\/em><\/strong><em>&#8211; zakonnika,<\/em><\/p>\n<p>&#8211; w sobot\u0119 <strong><em>\u015bw. Alojzego Gonzag\u0119 <\/em><\/strong><em>\u2013 zakonnika.<\/em><\/p>\n<p><em>\u00a04. <\/em><strong>W czwartek 19 czerwca<\/strong>, w uroczysto\u015b\u0107\u00a0<em><strong>Naj\u015bwi\u0119tszego Cia\u0142a i Krwi Chrystusa<\/strong><\/em><em>,<\/em> b\u0119dziemy oddawa\u0107 cze\u015b\u0107 i\u00a0uwielbienie Jezusowi obecnemu pod postaciami eucharystycznymi. W\u00a0tym dniu Msze \u015bw. b\u0119d\u0105 sprawowane <strong>w porz\u0105dku niedzielnym<\/strong>.<\/p>\n<p><strong>Miejska procesja do czterech o\u0142tarzy wyruszy spod Archikatedry Wroc\u0142awskiej<br \/>\npo Mszy \u015bw. o\u00a0godz. 9:00, a <\/strong><strong>zako\u0144czy si\u0119 pod nasz\u0105 Bazylik\u0105. Po\u00a0procesji zapraszamy do udzia\u0142u we Mszy \u015bw. o\u00a0godz. 12:00.\u00a0<\/strong><\/p>\n<p><strong>Dla podkre\u015blenia \u015bwi\u0105tecznego i rodzinnego charakteru oktawy Bo\u017cego Cia\u0142a Ksi\u0119\u017ca Biskupi na\u00a0najbli\u017cszy pi\u0105tek udzielili wszystkim wiernym Archidiecezji Wroc\u0142awskiej oraz Ordynariatu Polowego Wojska Polskiego dyspensy od\u00a0obowi\u0105zku zachowania wstrzemi\u0119\u017aliwo\u015bci od\u00a0spo\u017cywania pokarm\u00f3w mi\u0119snych.<\/strong><\/p>\n<p>5. <strong>Solenizantom i jubilatom<\/strong>rozpoczynaj\u0105cego si\u0119 tygodnia \u017cyczymy zdrowia, potrzebnych \u0142ask oraz Bo\u017cego b\u0142ogos\u0142awie\u0144stwa.<\/p>\n<p><strong>NIECH BO\u017bE B\u0141OGOS\u0141AWIE\u0143STWO UMOCNI <\/strong><\/p>\n<p><strong>W NAS DZIA\u0141ANIE DAR\u00d3W DUCHA \u015aWI\u0118TEGO<\/strong><\/p>\n","protected":false},"excerpt":{"rendered":"<p>1.Dzisiaj obchodzimy uroczysto\u015b\u0107 Tr\u00f3jcy Przenaj\u015bwi\u0119tszej. \u00a02. Codziennie po Mszy \u015bw. wieczornej o godz. 18:00 zapraszamy na\u00a0nabo\u017ce\u0144stwa czerwcowe do Serca Pana Jezusa. 3. W tym tygodniu wspominamy: &#8211; we wtorek \u015bw. Alberta Chmielowskiego &#8211; zakonnika, &#8211; w sobot\u0119 \u015bw. Alojzego Gonzag\u0119 \u2013 zakonnika. \u00a04. W czwartek 19 czerwca, w uroczysto\u015b\u0107\u00a0Naj\u015bwi\u0119tszego Cia\u0142a i Krwi Chrystusa, b\u0119dziemy oddawa\u0107 [&hellip;]<\/p>\n","protected":false},"author":3,"featured_media":1392,"comment_status":"closed","ping_status":"closed","sticky":false,"template":"","format":"standard","meta":[],"categories":[35],"tags":[],"_links":{"self":[{"href":"http:\/\/www.elzbieta.archidiecezja.wroc.pl\/index.php?rest_route=\/wp\/v2\/posts\/3697"}],"collection":[{"href":"http:\/\/www.elzbieta.archidiecezja.wroc.pl\/index.php?rest_route=\/wp\/v2\/posts"}],"about":[{"href":"http:\/\/www.elzbieta.archidiecezja.wroc.pl\/index.php?rest_route=\/wp\/v2\/types\/post"}],"author":[{"embeddable":true,"href":"http:\/\/www.elzbieta.archidiecezja.wroc.pl\/index.php?rest_route=\/wp\/v2\/users\/3"}],"replies":[{"embeddable":true,"href":"http:\/\/www.elzbieta.archidiecezja.wroc.pl\/index.php?rest_route=%2Fwp%2Fv2%2Fcomments&post=3697"}],"version-history":[{"count":1,"href":"http:\/\/www.elzbieta.archidiecezja.wroc.pl\/index.php?rest_route=\/wp\/v2\/posts\/3697\/revisions"}],"predecessor-version":[{"id":3698,"href":"http:\/\/www.elzbieta.archidiecezja.wroc.pl\/index.php?rest_route=\/wp\/v2\/posts\/3697\/revisions\/3698"}],"wp:featuredmedia":[{"embeddable":true,"href":"http:\/\/www.elzbieta.archidiecezja.wroc.pl\/index.php?rest_route=\/wp\/v2\/media\/1392"}],"wp:attachment":[{"href":"http:\/\/www.elzbieta.archidiecezja.wroc.pl\/index.php?rest_route=%2Fwp%2Fv2%2Fmedia&parent=3697"}],"wp:term":[{"taxonomy":"category","embeddable":true,"href":"http:\/\/www.elzbieta.archidiecezja.wroc.pl\/index.php?rest_route=%2Fwp%2Fv2%2Fcategories&post=3697"},{"taxonomy":"post_tag","embeddable":true,"href":"http:\/\/www.elzbieta.archidiecezja.wroc.pl\/index.php?rest_route=%2Fwp%2Fv2%2Ftags&post=3697"}],"curies":[{"name":"wp","href":"https:\/\/api.w.org\/{rel}","templated":true}]}}