{"id":3694,"date":"2025-05-31T10:01:07","date_gmt":"2025-05-31T08:01:07","guid":{"rendered":"http:\/\/www.elzbieta.archidiecezja.wroc.pl\/?p=3694"},"modified":"2025-05-31T10:01:52","modified_gmt":"2025-05-31T08:01:52","slug":"niedziela-wniebowstapienia-panskiego-1-czerwca-2025","status":"publish","type":"post","link":"http:\/\/www.elzbieta.archidiecezja.wroc.pl\/?p=3694","title":{"rendered":"NIEDZIELA WNIEBOWST\u0104PIENIA PA\u0143SKIEGO &#8211; 1 czerwca 2025"},"content":{"rendered":"<p>1. Dzi\u015b prze\u017cywamy uroczysto\u015b\u0107 <strong>Wniebowst\u0105pienia Pa\u0144skiego.<\/strong> Obchodzimy r\u00f3wnie\u017c <strong>XVIII<\/strong> <strong>\u015awi\u0119to Dzi\u0119kczynienia <\/strong>pod has\u0142em:<strong> \u201eDzi\u0119kujemy za nadziej\u0119&#8221;\u201d.<\/strong><\/p>\n<p>2. Z okazji trwaj\u0105cego Roku Jubileuszowego 2025 <u>w pierwsze niedziele miesi\u0105ca<\/u> go\u015bcimy ksi\u0119\u017cy kanonik\u00f3w, cz\u0142onk\u00f3w kapitu\u0142y przy naszej bazylice, kt\u00f3rzy g\u0142osz\u0105 S\u0142owo Bo\u017ce na ka\u017cdej Mszy \u015bw. oraz pos\u0142uguj\u0105 w konfesjonale.<\/p>\n<p><strong>Dzi\u015b serdecznie witamy <\/strong><strong>ksi\u0119dza<\/strong> <strong>kan. p\u0142k. dr. Witolda MACHA\u00a0<\/strong><strong>\u2013 <\/strong><strong>dziekana Dekanatu Wojsk L\u0105dowych, Proboszcza Parafii Wojskowo-Cywilnej pw. Niepokalanego Pocz\u0119cia NMP w Lublinie<\/strong><strong>.<\/strong><\/p>\n<p>Ksi\u0119\u017ca kanonicy posiadaj\u0105 uprawnienia penitencjarza diecezjalnego, upowa\u017cniaj\u0105ce do udzielania rozgrzeszenia najci\u0119\u017cszych grzech\u00f3w. Wierni mog\u0105 uzyska\u0107 odpust zupe\u0142ny m.in. za udzia\u0142 w organizowanych w naszej \u015bwi\u0105tyni katechezach. Najbli\u017csza odb\u0119dzie si\u0119 dzi\u015b (w niedziel\u0119 1 czerwca) po Mszy \u015bw.\u00a0 o godz. 10:00. Serdecznie zapraszamy.<\/p>\n<p>3. <strong>Codziennie po Mszy \u015bw. wieczornej o godz.18:00 <\/strong>zapraszamy na\u00a0<strong>nabo\u017ce\u0144stwa czerwcowe <\/strong><strong>do Serca Pana Jezusa <\/strong>po\u0142\u0105czone <strong>z nowenn\u0105 do Ducha \u015aw.<\/strong> przed uroczysto\u015bci\u0105 Zes\u0142ania Ducha \u015aw., kt\u00f3r\u0105 b\u0119dziemy obchodzi\u0107 w przysz\u0142\u0105 niedziel\u0119.<\/p>\n<p>4. <strong>W tym tygodniu b\u0119dziemy obchodzi\u0107:<\/strong><\/p>\n<p>\u2013 we wtorek wspomnienie <strong><em>\u015bw. Karola Lwangi i Towarzyszy \u2013 m\u0119czennik\u00f3w<\/em><\/strong><em>,<\/em><\/p>\n<p>\u2013 w czwartek wspomnienie <em><strong>\u015bw. Bonifacego <\/strong>\u2013 biskupa i m\u0119czennika,<\/em><\/p>\n<p>5. <strong>W tym tygodniu przypada pierwszy czwartek, pierwszy pi\u0105tek i pierwsza sobota<\/strong> <strong>miesi\u0105ca<\/strong>:<\/p>\n<p>&#8211; <u>w pierwszy <\/u><strong><u>czwartek<\/u><\/strong> zapraszamy na ca\u0142odzienn\u0105 <strong>adoracj\u0119 Naj\u015bwi\u0119tszego Sakramentu<\/strong>,<\/p>\n<p>&#8211; <u>w pierwszy <\/u><strong><u>pi\u0105tek<\/u><\/strong> zach\u0119camy do skorzystania z <strong>sakramentu pokuty i\u00a0pojednania<\/strong>,<\/p>\n<p>&#8211;\u00a0<u>w pierwsz\u0105 <\/u><strong><u>sobot\u0119<\/u><\/strong> po Mszy \u015bw. porannej zapraszamy do udzia\u0142u w <strong>nabo\u017ce\u0144stwie wynagradzaj\u0105cym Niepokalanemu Sercu Maryi<\/strong>. Tego dnia w\u00a0godzinach porannych udamy si\u0119 z <strong>pos\u0142ug\u0105 sakramentaln\u0105 do chorych<\/strong> z\u00a0naszej parafii.<\/p>\n<p>6. Dzi\u015b wolontariusze parafialnego <strong>Caritas<\/strong> zbieraj\u0105 do puszek <strong>ofiary na pomoc dla rodzin w trudnej sytuacji materialnej<\/strong>. Wszystkim ofiarodawcom dzi\u0119kujemy za\u00a0okazane wsparcie.<\/p>\n<p><strong>7. Solenizantom i jubilatom <\/strong>rozpoczynaj\u0105cego si\u0119 tygodnia \u017cyczymy zdrowia, potrzebnych \u0142ask oraz Bo\u017cego b\u0142ogos\u0142awie\u0144stwa.<\/p>\n<p><strong>\u00a0<\/strong><\/p>\n","protected":false},"excerpt":{"rendered":"<p>1. Dzi\u015b prze\u017cywamy uroczysto\u015b\u0107 Wniebowst\u0105pienia Pa\u0144skiego. Obchodzimy r\u00f3wnie\u017c XVIII \u015awi\u0119to Dzi\u0119kczynienia pod has\u0142em: \u201eDzi\u0119kujemy za nadziej\u0119&#8221;\u201d. 2. Z okazji trwaj\u0105cego Roku Jubileuszowego 2025 w pierwsze niedziele miesi\u0105ca go\u015bcimy ksi\u0119\u017cy kanonik\u00f3w, cz\u0142onk\u00f3w kapitu\u0142y przy naszej bazylice, kt\u00f3rzy g\u0142osz\u0105 S\u0142owo Bo\u017ce na ka\u017cdej Mszy \u015bw. oraz pos\u0142uguj\u0105 w konfesjonale. Dzi\u015b serdecznie witamy ksi\u0119dza kan. p\u0142k. dr. Witolda [&hellip;]<\/p>\n","protected":false},"author":3,"featured_media":3223,"comment_status":"closed","ping_status":"closed","sticky":false,"template":"","format":"standard","meta":[],"categories":[35],"tags":[],"_links":{"self":[{"href":"http:\/\/www.elzbieta.archidiecezja.wroc.pl\/index.php?rest_route=\/wp\/v2\/posts\/3694"}],"collection":[{"href":"http:\/\/www.elzbieta.archidiecezja.wroc.pl\/index.php?rest_route=\/wp\/v2\/posts"}],"about":[{"href":"http:\/\/www.elzbieta.archidiecezja.wroc.pl\/index.php?rest_route=\/wp\/v2\/types\/post"}],"author":[{"embeddable":true,"href":"http:\/\/www.elzbieta.archidiecezja.wroc.pl\/index.php?rest_route=\/wp\/v2\/users\/3"}],"replies":[{"embeddable":true,"href":"http:\/\/www.elzbieta.archidiecezja.wroc.pl\/index.php?rest_route=%2Fwp%2Fv2%2Fcomments&post=3694"}],"version-history":[{"count":1,"href":"http:\/\/www.elzbieta.archidiecezja.wroc.pl\/index.php?rest_route=\/wp\/v2\/posts\/3694\/revisions"}],"predecessor-version":[{"id":3695,"href":"http:\/\/www.elzbieta.archidiecezja.wroc.pl\/index.php?rest_route=\/wp\/v2\/posts\/3694\/revisions\/3695"}],"wp:featuredmedia":[{"embeddable":true,"href":"http:\/\/www.elzbieta.archidiecezja.wroc.pl\/index.php?rest_route=\/wp\/v2\/media\/3223"}],"wp:attachment":[{"href":"http:\/\/www.elzbieta.archidiecezja.wroc.pl\/index.php?rest_route=%2Fwp%2Fv2%2Fmedia&parent=3694"}],"wp:term":[{"taxonomy":"category","embeddable":true,"href":"http:\/\/www.elzbieta.archidiecezja.wroc.pl\/index.php?rest_route=%2Fwp%2Fv2%2Fcategories&post=3694"},{"taxonomy":"post_tag","embeddable":true,"href":"http:\/\/www.elzbieta.archidiecezja.wroc.pl\/index.php?rest_route=%2Fwp%2Fv2%2Ftags&post=3694"}],"curies":[{"name":"wp","href":"https:\/\/api.w.org\/{rel}","templated":true}]}}