{"id":3663,"date":"2025-05-24T10:03:05","date_gmt":"2025-05-24T08:03:05","guid":{"rendered":"http:\/\/www.elzbieta.archidiecezja.wroc.pl\/?p=3663"},"modified":"2025-05-30T13:22:11","modified_gmt":"2025-05-30T11:22:11","slug":"vi-niedziela-wielkanocna-25-maja-2025","status":"publish","type":"post","link":"http:\/\/www.elzbieta.archidiecezja.wroc.pl\/?p=3663","title":{"rendered":"VI NIEDZIELA WIELKANOCNA &#8211;  25 maja 2025"},"content":{"rendered":"<p style=\"text-align: justify;\">1. Dzisiejsza prze\u017cywamy <strong>VI Niedziel\u0119 Wielkanocn\u0105<\/strong>.<\/p>\n<p style=\"text-align: justify;\">2. <span style=\"color: #3366ff;\"><strong>Na Mszy \u015bw. o godzinie 10:00 <\/strong><\/span>w naszej Bazylice zostanie udzielona <span style=\"color: #3366ff;\"><strong>I Komunia \u015bwi\u0119ta.<\/strong><\/span><\/p>\n<p style=\"text-align: justify;\"><span style=\"color: #ff0000;\"><strong>Osoby niezwi\u0105zane z dzie\u0107mi komunijnymi<\/strong> <strong>zach\u0119camy do\u00a0uczestniczenia we Mszach \u015bwi\u0119tych o godz. 8:00, 12:00 lub\u00a018:00.<\/strong><\/span><\/p>\n<p style=\"text-align: justify;\">3<strong>. Rocznica<\/strong> I Komunii \u015bw. odb\u0119dzie si\u0119 w niedziel\u0119 <strong>8 czerwca na Mszy \u015bw. o 10:00.<\/strong><\/p>\n<p style=\"text-align: justify;\">4. <strong>W poniedzia\u0142ek <\/strong><strong>26 maja <\/strong>b\u0119dziemy prze\u017cywa\u0107 <span style=\"color: #ff6600;\"><strong>Dzie\u0144 Matki<\/strong>.<\/span> Niech nie zabraknie wdzi\u0119cznej pami\u0119ci o naszych Mamach, tych \u017cyj\u0105cych i tych, kt\u00f3re Pan B\u00f3g powo\u0142a\u0142 ju\u017c do Siebie.<\/p>\n<p style=\"text-align: justify;\">5. Do ko\u0144ca maja zapraszamy <span style=\"color: #3366ff;\"><strong>codziennie<\/strong> <strong>o godz.<\/strong><strong> 17:30<\/strong> na <strong>nabo\u017ce\u0144stwa majowe ku czci Matki Naj\u015bwi\u0119tszej.<\/strong><\/span><\/p>\n<p style=\"text-align: justify;\">6. <strong>Od niedzieli 1 czerwca<\/strong> zapraszamy na <span style=\"color: #ff0000;\"><strong>nabo\u017ce\u0144stwa do Serca Pana Jezusa<\/strong>, <\/span>kt\u00f3re b\u0119dziemy celebrowa\u0107 <span style=\"color: #ff0000;\"><strong>codziennie po Mszy \u015bw. wieczornej o godz. 18:00.<\/strong><\/span><\/p>\n<p style=\"text-align: justify;\"><strong>7. <span style=\"color: #ff9900;\">W pi\u0105tek 30 maja o godz. 18:00<\/span><\/strong> serdecznie zapraszamy naszych parafian, przyjaci\u00f3\u0142 i\u00a0sympatyk\u00f3w <span style=\"color: #000000;\"><strong>na obchody 28. rocznicy, <\/strong><strong>kiedy \u015awi\u0119ty Jan Pawe\u0142 II podczas VI Pielgrzymki do Ojczyzny w czasie Mi\u0119dzynarodowego Kongresu Eucharystycznego dokona\u0142 po\u015bwi\u0119cenia naszego odbudowanego Ko\u015bcio\u0142a Garnizonowego, a w roku 2003 podni\u00f3s\u0142 \u015bwi\u0105tyni\u0119 do godno\u015bci Bazyliki Mniejszej.<\/strong><\/span><\/p>\n<p style=\"text-align: justify;\"><span style=\"color: #ff6600;\"><strong>Uroczystej Mszy \u015bw. z opraw\u0105 wojskow\u0105 i udzieleniem sakramentu bierzmowania<\/strong> <\/span>b\u0119dzie przewodniczy\u0142\u00a0<strong>Biskup Polowy Wojska Polskiego Jego Ekscelencja Wies\u0142aw LECHOWICZ.<\/strong><\/p>\n<p style=\"text-align: justify;\"><strong>Z okazji trwaj\u0105cego Roku Jubileuszowego 2025 na zako\u0144czenie Mszy \u015bw. Ksi\u0105dz Biskup <span style=\"color: #ff6600;\">udzieli papieskiego b\u0142ogos\u0142awie\u0144stwa z odpustem zupe\u0142nym.<\/span><\/strong><\/p>\n<p style=\"text-align: justify;\"><strong>W zwi\u0105zku<\/strong>\u00a0z uroczysto\u015bciami <em><strong>nabo\u017ce\u0144stwo majowe <\/strong><\/em><em><strong>oraz <\/strong><\/em><em><strong>nowenna do Ducha \u015awi\u0119tego <\/strong><\/em><em><strong>tego dnia<\/strong><\/em><em> zostan\u0105 odprawione<\/em> <strong>po\u00a0Mszy \u015bw.\u00a0o\u00a0godz.\u00a07:00. W kolejne dni <\/strong><strong>nowenna do Ducha \u015awi\u0119tego <\/strong><strong>b\u0119dzie sprawowana po nabo\u017ce\u0144stwie wieczornym.<\/strong><\/p>\n<p><span style=\"color: #ff0000;\"><strong>Z racji odpustu tego dnia (pi\u0105tek 30 maja) kancelaria parafialna b\u0119dzie nieczynna.<\/strong><\/span><\/p>\n<p><span style=\"color: #ff0000;\"><strong>W pilnych sprawach zapraszamy do zakrystii bezpo\u015brednio po Mszy \u015bw.<\/strong><\/span><\/p>\n<p style=\"text-align: justify;\">8.W tym tygodniu obchodzimy:<\/p>\n<p style=\"text-align: justify;\">&#8211; w poniedzia\u0142ek wspomnienie <em><strong>\u015aw. Filipa Neri <\/strong><\/em><em>\u2013 prezbitera,<\/em><\/p>\n<p style=\"text-align: justify;\">&#8211; w czwartek wspomnienie<em><strong> \u015bw. Urszuli Led\u00f3chowskiej <\/strong>&#8211; dziewicy,<\/em><\/p>\n<p style=\"text-align: justify;\">&#8211; w sobot\u0119 \u015bwi\u0119to<em><strong> Nawiedzenia NMP<\/strong><\/em><em>.<\/em><\/p>\n<p style=\"text-align: justify;\">9. <strong>W przysz\u0142\u0105 niedziel\u0119<\/strong> b\u0119dziemy obchodzi\u0107 uroczysto\u015b\u0107 <strong>Wniebowst\u0105pienia Pa\u0144skiego<\/strong> oraz go\u015bci\u0107 w ramach obchodzonego Roku Jubileuszowego <strong>ksi\u0119dza <\/strong><strong>kan<\/strong><strong>onika <\/strong><strong>p\u0142k. dr. Witolda MACHA<\/strong> \u2013 dziekana Dekanatu Wojsk L\u0105dowych, Proboszcza Parafii Wojskowo-Cywilnej Niepokalanego Pocz\u0119cia NMP w Lublinie.<\/p>\n<p style=\"text-align: justify;\">10. <strong>Solenizantom i jubilatom <\/strong>rozpoczynaj\u0105cego si\u0119 tygodnia \u017cyczymy zdrowia, potrzebnych \u0142ask oraz Bo\u017cego b\u0142ogos\u0142awie\u0144stwa.<\/p>\n","protected":false},"excerpt":{"rendered":"<p>1. Dzisiejsza prze\u017cywamy VI Niedziel\u0119 Wielkanocn\u0105. 2. Na Mszy \u015bw. o godzinie 10:00 w naszej Bazylice zostanie udzielona I Komunia \u015bwi\u0119ta. Osoby niezwi\u0105zane z dzie\u0107mi komunijnymi zach\u0119camy do\u00a0uczestniczenia we Mszach \u015bwi\u0119tych o godz. 8:00, 12:00 lub\u00a018:00. 3. Rocznica I Komunii \u015bw. odb\u0119dzie si\u0119 w niedziel\u0119 8 czerwca na Mszy \u015bw. o 10:00. 4. W poniedzia\u0142ek [&hellip;]<\/p>\n","protected":false},"author":3,"featured_media":3666,"comment_status":"closed","ping_status":"closed","sticky":false,"template":"","format":"standard","meta":[],"categories":[35],"tags":[],"_links":{"self":[{"href":"http:\/\/www.elzbieta.archidiecezja.wroc.pl\/index.php?rest_route=\/wp\/v2\/posts\/3663"}],"collection":[{"href":"http:\/\/www.elzbieta.archidiecezja.wroc.pl\/index.php?rest_route=\/wp\/v2\/posts"}],"about":[{"href":"http:\/\/www.elzbieta.archidiecezja.wroc.pl\/index.php?rest_route=\/wp\/v2\/types\/post"}],"author":[{"embeddable":true,"href":"http:\/\/www.elzbieta.archidiecezja.wroc.pl\/index.php?rest_route=\/wp\/v2\/users\/3"}],"replies":[{"embeddable":true,"href":"http:\/\/www.elzbieta.archidiecezja.wroc.pl\/index.php?rest_route=%2Fwp%2Fv2%2Fcomments&post=3663"}],"version-history":[{"count":6,"href":"http:\/\/www.elzbieta.archidiecezja.wroc.pl\/index.php?rest_route=\/wp\/v2\/posts\/3663\/revisions"}],"predecessor-version":[{"id":3670,"href":"http:\/\/www.elzbieta.archidiecezja.wroc.pl\/index.php?rest_route=\/wp\/v2\/posts\/3663\/revisions\/3670"}],"wp:featuredmedia":[{"embeddable":true,"href":"http:\/\/www.elzbieta.archidiecezja.wroc.pl\/index.php?rest_route=\/wp\/v2\/media\/3666"}],"wp:attachment":[{"href":"http:\/\/www.elzbieta.archidiecezja.wroc.pl\/index.php?rest_route=%2Fwp%2Fv2%2Fmedia&parent=3663"}],"wp:term":[{"taxonomy":"category","embeddable":true,"href":"http:\/\/www.elzbieta.archidiecezja.wroc.pl\/index.php?rest_route=%2Fwp%2Fv2%2Fcategories&post=3663"},{"taxonomy":"post_tag","embeddable":true,"href":"http:\/\/www.elzbieta.archidiecezja.wroc.pl\/index.php?rest_route=%2Fwp%2Fv2%2Ftags&post=3663"}],"curies":[{"name":"wp","href":"https:\/\/api.w.org\/{rel}","templated":true}]}}