{"id":3660,"date":"2025-05-17T13:20:07","date_gmt":"2025-05-17T11:20:07","guid":{"rendered":"http:\/\/www.elzbieta.archidiecezja.wroc.pl\/?p=3660"},"modified":"2025-05-17T13:20:07","modified_gmt":"2025-05-17T11:20:07","slug":"v-niedziela-wielkanocna-18-maja-2025","status":"publish","type":"post","link":"http:\/\/www.elzbieta.archidiecezja.wroc.pl\/?p=3660","title":{"rendered":"V NIEDZIELA WIELKANOCNA &#8211;  18 maja 2025"},"content":{"rendered":"<p style=\"text-align: justify;\">1. Dzisiaj prze\u017cywamy <strong>pi\u0105t\u0105 niedziel\u0119 wielkanocn\u0105<\/strong>. To r\u00f3wnie\u017c <span style=\"color: #339966;\"><strong>81. Rocznica bitwy o Monte Cassino<\/strong>.<\/span> Msza \u015bw. w intencji \u017cyj\u0105cych weteran\u00f3w oraz poleg\u0142ych<br \/>\ni zmar\u0142ych Bohater\u00f3w tamtych wydarze\u0144 zostanie odprawiona w naszej bazylice dzi\u015b o godzinie <span style=\"color: #339966;\"><strong>18:00<\/strong><strong>.<\/strong><\/span><\/p>\n<p style=\"text-align: justify;\">2. <span style=\"color: #0000ff;\"><strong>Codziennie<\/strong> <strong>o godz.<\/strong><strong> 17:30<\/strong><\/span> zapraszamy na <span style=\"color: #0000ff;\"><strong>nabo\u017ce\u0144stwa majowe ku czci Matki Naj\u015bwi\u0119tszej.<\/strong><\/span><\/p>\n<p style=\"text-align: justify;\">3.<strong>W sobot\u0119<\/strong> wspominamy Naj\u015bwi\u0119tsz\u0105 Maryj\u0119 Pann\u0119 <span style=\"color: #00ccff;\"><strong>Wspomo\u017cycielk\u0119 Wiernych<\/strong>.<\/span><\/p>\n<p style=\"text-align: justify;\">4. <strong>W przysz\u0142\u0105 niedziel\u0119 <\/strong><span style=\"color: #339966;\"><strong>25 <\/strong><\/span><strong><span style=\"color: #339966;\">maja na Mszy \u015bw. o godzinie 10:00<\/span> <\/strong>w naszej Bazylice zostanie udzielona <span style=\"color: #ff0000;\"><strong>I\u00a0Komunia \u015bwi\u0119ta.<\/strong><\/span><\/p>\n<p style=\"text-align: justify;\"><span style=\"color: #ff0000;\"><strong>Osoby niezwi\u0105zane z dzie\u0107mi komunijnymi<\/strong><span style=\"color: #000000;\"> <strong>zach\u0119camy do uczestniczenia we Mszach \u015bwi\u0119tych o godz. 8:00, 12:00 lub\u00a018:00.<\/strong><\/span><\/span><\/p>\n<p style=\"text-align: justify;\">5. <strong>W pi\u0105tek<span style=\"color: #ff6600;\"> 30 maja o godz.\u00a018:00<\/span><\/strong> <strong>serdecznie<\/strong> zapraszamy naszych parafian, przyjaci\u00f3\u0142 i\u00a0sympatyk\u00f3w <strong>na obchody 28. rocznicy, <\/strong><strong>kiedy \u015awi\u0119ty Jan Pawe\u0142 II podczas VI Pielgrzymki do Ojczyzny w czasie Mi\u0119dzynarodowego Kongresu Eucharystycznego dokona\u0142 po\u015bwi\u0119cenia naszego odbudowanego Ko\u015bcio\u0142a Garnizonowego, a w roku 2003 podni\u00f3s\u0142 \u015bwi\u0105tyni\u0119 do godno\u015bci Bazyliki Mniejszej.<\/strong><\/p>\n<p style=\"text-align: justify;\"><span style=\"color: #ff6600;\"><strong>Uroczystej Mszy \u015bw. z opraw\u0105 wojskow\u0105 i udzieleniem sakramentu bierzmowania<\/strong> <\/span>b\u0119dzie przewodniczy\u0142\u00a0<span style=\"color: #008000;\"><strong>Biskup Polowy Wojska Polskiego Jego Ekscelencja Wies\u0142aw LECHOWICZ.<\/strong><\/span><\/p>\n<p style=\"text-align: justify;\"><span style=\"color: #000000;\"><strong>Z okazji trwaj\u0105cego Roku Jubileuszowego 2025 na zako\u0144czenie Mszy \u015bw. Ksi\u0105dz Biskup udzieli papieskiego b\u0142ogos\u0142awie\u0144stwa z odpustem zupe\u0142nym.<\/strong><\/span><\/p>\n<p style=\"text-align: justify;\">\u00a06. <strong>Solenizantom i jubilatom <\/strong>rozpoczynaj\u0105cego si\u0119 tygodnia \u017cyczymy zdrowia, potrzebnych \u0142ask oraz Bo\u017cego b\u0142ogos\u0142awie\u0144stwa.<\/p>\n","protected":false},"excerpt":{"rendered":"<p>1. Dzisiaj prze\u017cywamy pi\u0105t\u0105 niedziel\u0119 wielkanocn\u0105. To r\u00f3wnie\u017c 81. Rocznica bitwy o Monte Cassino. Msza \u015bw. w intencji \u017cyj\u0105cych weteran\u00f3w oraz poleg\u0142ych i zmar\u0142ych Bohater\u00f3w tamtych wydarze\u0144 zostanie odprawiona w naszej bazylice dzi\u015b o godzinie 18:00. 2. Codziennie o godz. 17:30 zapraszamy na nabo\u017ce\u0144stwa majowe ku czci Matki Naj\u015bwi\u0119tszej. 3.W sobot\u0119 wspominamy Naj\u015bwi\u0119tsz\u0105 Maryj\u0119 Pann\u0119 [&hellip;]<\/p>\n","protected":false},"author":3,"featured_media":1527,"comment_status":"closed","ping_status":"closed","sticky":false,"template":"","format":"standard","meta":[],"categories":[35],"tags":[],"_links":{"self":[{"href":"http:\/\/www.elzbieta.archidiecezja.wroc.pl\/index.php?rest_route=\/wp\/v2\/posts\/3660"}],"collection":[{"href":"http:\/\/www.elzbieta.archidiecezja.wroc.pl\/index.php?rest_route=\/wp\/v2\/posts"}],"about":[{"href":"http:\/\/www.elzbieta.archidiecezja.wroc.pl\/index.php?rest_route=\/wp\/v2\/types\/post"}],"author":[{"embeddable":true,"href":"http:\/\/www.elzbieta.archidiecezja.wroc.pl\/index.php?rest_route=\/wp\/v2\/users\/3"}],"replies":[{"embeddable":true,"href":"http:\/\/www.elzbieta.archidiecezja.wroc.pl\/index.php?rest_route=%2Fwp%2Fv2%2Fcomments&post=3660"}],"version-history":[{"count":1,"href":"http:\/\/www.elzbieta.archidiecezja.wroc.pl\/index.php?rest_route=\/wp\/v2\/posts\/3660\/revisions"}],"predecessor-version":[{"id":3661,"href":"http:\/\/www.elzbieta.archidiecezja.wroc.pl\/index.php?rest_route=\/wp\/v2\/posts\/3660\/revisions\/3661"}],"wp:featuredmedia":[{"embeddable":true,"href":"http:\/\/www.elzbieta.archidiecezja.wroc.pl\/index.php?rest_route=\/wp\/v2\/media\/1527"}],"wp:attachment":[{"href":"http:\/\/www.elzbieta.archidiecezja.wroc.pl\/index.php?rest_route=%2Fwp%2Fv2%2Fmedia&parent=3660"}],"wp:term":[{"taxonomy":"category","embeddable":true,"href":"http:\/\/www.elzbieta.archidiecezja.wroc.pl\/index.php?rest_route=%2Fwp%2Fv2%2Fcategories&post=3660"},{"taxonomy":"post_tag","embeddable":true,"href":"http:\/\/www.elzbieta.archidiecezja.wroc.pl\/index.php?rest_route=%2Fwp%2Fv2%2Ftags&post=3660"}],"curies":[{"name":"wp","href":"https:\/\/api.w.org\/{rel}","templated":true}]}}