{"id":3658,"date":"2025-05-10T13:48:26","date_gmt":"2025-05-10T11:48:26","guid":{"rendered":"http:\/\/www.elzbieta.archidiecezja.wroc.pl\/?p=3658"},"modified":"2025-05-10T13:48:26","modified_gmt":"2025-05-10T11:48:26","slug":"iv-niedziela-wielkanocna-dobrego-pasterza-11-maja-2025","status":"publish","type":"post","link":"http:\/\/www.elzbieta.archidiecezja.wroc.pl\/?p=3658","title":{"rendered":"IV NIEDZIELA WIELKANOCNA &#8211; DOBREGO PASTERZA &#8211; 11 maja 2025"},"content":{"rendered":"<p style=\"text-align: justify;\">1. Dzisiejsza<strong> IV<\/strong> <strong>Niedziela Wielkanocna<\/strong> jest prze\u017cywana jako <strong>Niedziela Dobrego<\/strong> <strong>Pasterza.<br \/>\n<\/strong>Rozpoczyna ona tydzie\u0144 modlitw o powo\u0142ania do kap\u0142a\u0144stwa i \u017cycia konsekrowanego.<br \/>\nPami\u0119tajmy o tych intencjach w naszych codziennych modlitwach.<\/p>\n<p style=\"text-align: justify;\">2. <span style=\"color: #3366ff;\"><strong>Codziennie<\/strong> <strong>o godz.<\/strong><strong> 17:30<\/strong><\/span> zapraszamy na<span style=\"color: #3366ff;\"> <strong>nabo\u017ce\u0144stwa majowe ku czci Matki Naj\u015bwi\u0119tszej.<\/strong><\/span><\/p>\n<p style=\"text-align: justify;\">3.<strong> W tym tygodniu wspominamy:<\/strong><\/p>\n<p style=\"text-align: justify;\">\u2013 w \u015brod\u0119 <strong><em>\u015bw. Macieja \u2013 aposto\u0142a<\/em><\/strong><strong><em>,<\/em><\/strong><\/p>\n<p style=\"text-align: justify;\">\u2013 w pi\u0105tek <em><strong>\u015bw. Andrzeja Bobol\u0119 <\/strong>\u2013 prezbitera i m\u0119czennika \u2013 patrona Polski.<\/em><\/p>\n<p style=\"text-align: justify;\">4. <strong><span style=\"color: #ff9900;\">W pi\u0105tek 30 maja o godz.\u00a018:00 serdecznie zapraszamy<\/span> <\/strong>naszych parafian, przyjaci\u00f3\u0142 i\u00a0sympatyk\u00f3w <strong>na obchody 28. rocznicy, <\/strong><strong>kiedy \u015awi\u0119ty Jan Pawe\u0142 II podczas VI Pielgrzymki do Ojczyzny w czasie Mi\u0119dzynarodowego Kongresu Eucharystycznego dokona\u0142 po\u015bwi\u0119cenia naszego odbudowanego Ko\u015bcio\u0142a Garnizonowego, a w roku 2003 podni\u00f3s\u0142 \u015bwi\u0105tyni\u0119 do godno\u015bci Bazyliki Mniejszej.<\/strong><\/p>\n<p style=\"text-align: justify;\">Uroczystej Mszy \u015bw. z opraw\u0105 wojskow\u0105 i udzieleniem sakramentu bierzmowania b\u0119dzie przewodniczy\u0142\u00a0<strong>Biskup Polowy Wojska Polskiego Jego Ekscelencja Wies\u0142aw LECHOWICZ.<\/strong><\/p>\n<p style=\"text-align: justify;\"><span style=\"color: #ff9900;\"><strong>Z okazji trwaj\u0105cego Roku Jubileuszowego 2025 na zako\u0144czenie Mszy \u015bw. Ksi\u0105dz Biskup udzieli papieskiego b\u0142ogos\u0142awie\u0144stwa z odpustem zupe\u0142nym.<\/strong><\/span><\/p>\n<p style=\"text-align: justify;\">5. <strong>Serdecznie zapraszamy do naszej bazyliki<\/strong> na <strong><span style=\"color: #0000ff;\">koncert w dzisiejsz\u0105 niedziel\u0119 o godzinie 19:00.<\/span><br \/>\n<\/strong>Wydarzenie to odbywa si\u0119 w ramach festiwalu SAKURA &#8211; wroc\u0142awskie dni japo\u0144skich inspiracji, kt\u00f3rego tegoroczna edycja jest dedykowana idei i pro\u015bbie o pok\u00f3j na \u015bwiecie.<br \/>\nW\u015br\u00f3d artyst\u00f3w wyst\u0105pi m.in. Anna Maria Jopek.<br \/>\nWst\u0119p na koncert jest<strong> bezp\u0142atny<\/strong>.<\/p>\n<p style=\"text-align: justify;\">6. Podczas ostatniej kwesty wolontariusze Parafialnego <span style=\"color: #ff0000;\"><strong>Caritas<\/strong> <\/span>zebrali do puszek <strong>1 334 z\u0142<\/strong>. <strong>B\u00f3g zap\u0142a\u0107 za z\u0142o\u017cone ofiary.<\/strong><\/p>\n<p style=\"text-align: justify;\">\u00a07. <strong>Solenizantom i jubilatom <\/strong>rozpoczynaj\u0105cego si\u0119 tygodnia \u017cyczymy zdrowia, potrzebnych \u0142ask oraz Bo\u017cego b\u0142ogos\u0142awie\u0144stwa.<\/p>\n","protected":false},"excerpt":{"rendered":"<p>1. Dzisiejsza IV Niedziela Wielkanocna jest prze\u017cywana jako Niedziela Dobrego Pasterza. Rozpoczyna ona tydzie\u0144 modlitw o powo\u0142ania do kap\u0142a\u0144stwa i \u017cycia konsekrowanego. Pami\u0119tajmy o tych intencjach w naszych codziennych modlitwach. 2. Codziennie o godz. 17:30 zapraszamy na nabo\u017ce\u0144stwa majowe ku czci Matki Naj\u015bwi\u0119tszej. 3. W tym tygodniu wspominamy: \u2013 w \u015brod\u0119 \u015bw. Macieja \u2013 aposto\u0142a, [&hellip;]<\/p>\n","protected":false},"author":3,"featured_media":1446,"comment_status":"closed","ping_status":"closed","sticky":false,"template":"","format":"standard","meta":[],"categories":[35],"tags":[],"_links":{"self":[{"href":"http:\/\/www.elzbieta.archidiecezja.wroc.pl\/index.php?rest_route=\/wp\/v2\/posts\/3658"}],"collection":[{"href":"http:\/\/www.elzbieta.archidiecezja.wroc.pl\/index.php?rest_route=\/wp\/v2\/posts"}],"about":[{"href":"http:\/\/www.elzbieta.archidiecezja.wroc.pl\/index.php?rest_route=\/wp\/v2\/types\/post"}],"author":[{"embeddable":true,"href":"http:\/\/www.elzbieta.archidiecezja.wroc.pl\/index.php?rest_route=\/wp\/v2\/users\/3"}],"replies":[{"embeddable":true,"href":"http:\/\/www.elzbieta.archidiecezja.wroc.pl\/index.php?rest_route=%2Fwp%2Fv2%2Fcomments&post=3658"}],"version-history":[{"count":1,"href":"http:\/\/www.elzbieta.archidiecezja.wroc.pl\/index.php?rest_route=\/wp\/v2\/posts\/3658\/revisions"}],"predecessor-version":[{"id":3659,"href":"http:\/\/www.elzbieta.archidiecezja.wroc.pl\/index.php?rest_route=\/wp\/v2\/posts\/3658\/revisions\/3659"}],"wp:featuredmedia":[{"embeddable":true,"href":"http:\/\/www.elzbieta.archidiecezja.wroc.pl\/index.php?rest_route=\/wp\/v2\/media\/1446"}],"wp:attachment":[{"href":"http:\/\/www.elzbieta.archidiecezja.wroc.pl\/index.php?rest_route=%2Fwp%2Fv2%2Fmedia&parent=3658"}],"wp:term":[{"taxonomy":"category","embeddable":true,"href":"http:\/\/www.elzbieta.archidiecezja.wroc.pl\/index.php?rest_route=%2Fwp%2Fv2%2Fcategories&post=3658"},{"taxonomy":"post_tag","embeddable":true,"href":"http:\/\/www.elzbieta.archidiecezja.wroc.pl\/index.php?rest_route=%2Fwp%2Fv2%2Ftags&post=3658"}],"curies":[{"name":"wp","href":"https:\/\/api.w.org\/{rel}","templated":true}]}}