{"id":3653,"date":"2025-05-03T12:00:52","date_gmt":"2025-05-03T10:00:52","guid":{"rendered":"http:\/\/www.elzbieta.archidiecezja.wroc.pl\/?p=3653"},"modified":"2025-05-04T09:57:51","modified_gmt":"2025-05-04T07:57:51","slug":"iii-niedziela-wielkanocna-niedziela-biblijna-4-maja-2025","status":"publish","type":"post","link":"http:\/\/www.elzbieta.archidiecezja.wroc.pl\/?p=3653","title":{"rendered":"III NIEDZIELA WIELKANOCNA Niedziela Biblijna &#8211; 4 maja 2025"},"content":{"rendered":"<p style=\"text-align: justify;\">1. Dzisiaj prze\u017cywamy <strong>trzeci\u0105 niedziel\u0119 wielkanocn\u0105<\/strong>, kt\u00f3ra jest r\u00f3wnie\u017c <span style=\"color: #993300;\"><strong>Niedziel\u0105 Biblijn\u0105<\/strong><\/span> rozpoczynaj\u0105c\u0105 <span style=\"color: #993300;\"><strong>Tydzie\u0144 Biblijny <\/strong><\/span>pod has\u0142em: <strong><em>Zmartwychwsta\u0142y Chrystus \u2013 nasza Nadzieja chwa\u0142y\u201d<\/em><\/strong>. Zach\u0119camy do\u00a0indywidualnej i rodzinnej <strong>lektury S\u0142owa Bo\u017cego<\/strong> oraz przypominamy, \u017ce za p\u00f3\u0142godzinn\u0105 lektur\u0119 Pisma \u015aw. mo\u017cna uzyska\u0107 <strong>odpust<\/strong> zupe\u0142ny, a za kr\u00f3tsz\u0105 cz\u0105stkowy.<\/p>\n<p style=\"text-align: justify;\">2. Z okazji trwaj\u0105cego <span style=\"color: #339966;\"><strong>Roku Jubileuszowego 2025 <u>w pierwsze niedziele miesi\u0105ca<\/u> go\u015bcimy ksi\u0119\u017cy kanonik\u00f3w<\/strong><\/span><strong><span style=\"color: #339966;\">,<\/span> <\/strong>cz\u0142onk\u00f3w kapitu\u0142y przy naszej bazylice, kt\u00f3rzy<strong> g\u0142osz\u0105 S\u0142owo Bo\u017ce <\/strong><strong>na ka\u017cdej Mszy \u015bw. oraz pos\u0142uguj\u0105 w konfesjonale.<\/strong><\/p>\n<p style=\"text-align: justify;\"><strong>Dzi\u015b serdecznie witamy <\/strong><span style=\"color: #339966;\"><strong>ksi\u0119dza<\/strong> <\/span><strong><span style=\"color: #339966;\">kan. Piotra JAKUBUSIA<\/span>\u00a0<\/strong><strong>\u2013 proboszcza parafii \u015awi\u0119tej Rodziny we Wroc\u0142awiu<\/strong><em><strong>.<\/strong><\/em><\/p>\n<p style=\"text-align: justify;\"><strong>Ksi\u0119\u017ca kanonicy <\/strong>posiadaj\u0105 uprawnienia <strong>penitencjarza diecezjalnego, <\/strong>upowa\u017cniaj\u0105ce do udzielania rozgrzeszenia najci\u0119\u017cszych grzech\u00f3w. <strong>Wierni mog\u0105 uzyska\u0107 <\/strong><span style=\"color: #339966;\"><strong>odpust zupe\u0142ny <\/strong><\/span>m.in. za udzia\u0142 w organizowanych w naszej \u015bwi\u0105tyni <strong><span style=\"color: #339966;\">katechezach<\/span> <\/strong>po\u015bwi\u0119conym tekstom Soboru Watyka\u0144skiego II lub Katechizmu Ko\u015bcio\u0142a Katolickiego.<strong> Najbli\u017csza katecheza odb\u0119dzie si\u0119 <\/strong><strong><span style=\"color: #339966;\">dzi\u015b<\/span> <\/strong>(w niedziel\u0119 4 maja) <span style=\"color: #339966;\"><strong>po Mszy \u015bw.\u00a0 o godz. 10:00<\/strong><\/span><strong><span style=\"color: #339966;\">.<\/span> <\/strong>Serdecznie zapraszamy.<\/p>\n<p style=\"text-align: justify;\">3. <strong><span style=\"color: #3366ff;\">Codziennie<\/span><\/strong><span style=\"color: #3366ff;\"> <strong>o godz.<\/strong><strong> 17:30<\/strong><\/span> zapraszamy na <strong><span style=\"color: #3366ff;\">nabo\u017ce\u0144stwa majowe<\/span> ku czci Matki Naj\u015bwi\u0119tszej.<\/strong><\/p>\n<p style=\"text-align: justify;\">4. <strong>W tym tygodniu wspominamy:<\/strong><\/p>\n<p style=\"text-align: justify;\">\u2013 we wtorek <strong><em>\u015bw. Aposto\u0142\u00f3w Filipa i Jakuba,<\/em><\/strong><\/p>\n<p style=\"text-align: justify;\">\u2013 w czwartek <strong>uroczysto\u015b\u0107<\/strong> <strong><em>\u015bw. Stanis\u0142awa <\/em><\/strong><em>Bpa i M\u0119czennika \u2013 g\u0142\u00f3wnego patrona Polski.<\/em><\/p>\n<p>5. <strong>Serdecznie zapraszamy<\/strong> do naszej bazyliki na <strong><span style=\"color: #00ccff;\">koncert \u00a0w przysz\u0142\u0105 niedziel\u0119 11 maja o godzinie 19:00<\/span>.<\/strong> Wydarzenie to odbywa si\u0119 w ramach festiwalu SAKURA &#8211; wroc\u0142awskie dni japo\u0144skich inspiracji, kt\u00f3rego tegoroczna edycja jest dedykowana idei i pro\u015bbie o pok\u00f3j na \u015bwiecie. W\u015br\u00f3d artyst\u00f3w wyst\u0105pi m.in. Anna Maria Jopek. Wst\u0119p na koncert jest<strong> bezp\u0142atny<\/strong>.<\/p>\n<p style=\"text-align: justify;\">6. Dzi\u015b wolontariusze parafialnego <span style=\"color: #ff0000;\"><strong>Caritas<\/strong> <\/span>zbieraj\u0105 do puszek <strong>ofiary na pomoc dla rodzin w trudnej sytuacji materialnej<\/strong>. Wszystkim ofiarodawcom dzi\u0119kujemy za\u00a0okazane wsparcie.<\/p>\n<p style=\"text-align: justify;\">7. Solenizantom i jubilatom rozpoczynaj\u0105cego si\u0119 tygodnia \u017cyczymy zdrowia, potrzebnych \u0142ask oraz Bo\u017cego b\u0142ogos\u0142awie\u0144stwa.<\/p>\n<p style=\"text-align: justify;\">\n","protected":false},"excerpt":{"rendered":"<p>1. Dzisiaj prze\u017cywamy trzeci\u0105 niedziel\u0119 wielkanocn\u0105, kt\u00f3ra jest r\u00f3wnie\u017c Niedziel\u0105 Biblijn\u0105 rozpoczynaj\u0105c\u0105 Tydzie\u0144 Biblijny pod has\u0142em: Zmartwychwsta\u0142y Chrystus \u2013 nasza Nadzieja chwa\u0142y\u201d. Zach\u0119camy do\u00a0indywidualnej i rodzinnej lektury S\u0142owa Bo\u017cego oraz przypominamy, \u017ce za p\u00f3\u0142godzinn\u0105 lektur\u0119 Pisma \u015aw. mo\u017cna uzyska\u0107 odpust zupe\u0142ny, a za kr\u00f3tsz\u0105 cz\u0105stkowy. 2. Z okazji trwaj\u0105cego Roku Jubileuszowego 2025 w pierwsze niedziele [&hellip;]<\/p>\n","protected":false},"author":3,"featured_media":3212,"comment_status":"closed","ping_status":"closed","sticky":false,"template":"","format":"standard","meta":[],"categories":[35],"tags":[],"_links":{"self":[{"href":"http:\/\/www.elzbieta.archidiecezja.wroc.pl\/index.php?rest_route=\/wp\/v2\/posts\/3653"}],"collection":[{"href":"http:\/\/www.elzbieta.archidiecezja.wroc.pl\/index.php?rest_route=\/wp\/v2\/posts"}],"about":[{"href":"http:\/\/www.elzbieta.archidiecezja.wroc.pl\/index.php?rest_route=\/wp\/v2\/types\/post"}],"author":[{"embeddable":true,"href":"http:\/\/www.elzbieta.archidiecezja.wroc.pl\/index.php?rest_route=\/wp\/v2\/users\/3"}],"replies":[{"embeddable":true,"href":"http:\/\/www.elzbieta.archidiecezja.wroc.pl\/index.php?rest_route=%2Fwp%2Fv2%2Fcomments&post=3653"}],"version-history":[{"count":3,"href":"http:\/\/www.elzbieta.archidiecezja.wroc.pl\/index.php?rest_route=\/wp\/v2\/posts\/3653\/revisions"}],"predecessor-version":[{"id":3656,"href":"http:\/\/www.elzbieta.archidiecezja.wroc.pl\/index.php?rest_route=\/wp\/v2\/posts\/3653\/revisions\/3656"}],"wp:featuredmedia":[{"embeddable":true,"href":"http:\/\/www.elzbieta.archidiecezja.wroc.pl\/index.php?rest_route=\/wp\/v2\/media\/3212"}],"wp:attachment":[{"href":"http:\/\/www.elzbieta.archidiecezja.wroc.pl\/index.php?rest_route=%2Fwp%2Fv2%2Fmedia&parent=3653"}],"wp:term":[{"taxonomy":"category","embeddable":true,"href":"http:\/\/www.elzbieta.archidiecezja.wroc.pl\/index.php?rest_route=%2Fwp%2Fv2%2Fcategories&post=3653"},{"taxonomy":"post_tag","embeddable":true,"href":"http:\/\/www.elzbieta.archidiecezja.wroc.pl\/index.php?rest_route=%2Fwp%2Fv2%2Ftags&post=3653"}],"curies":[{"name":"wp","href":"https:\/\/api.w.org\/{rel}","templated":true}]}}