{"id":3649,"date":"2025-04-26T09:59:43","date_gmt":"2025-04-26T07:59:43","guid":{"rendered":"http:\/\/www.elzbieta.archidiecezja.wroc.pl\/?p=3649"},"modified":"2025-04-25T17:05:21","modified_gmt":"2025-04-25T15:05:21","slug":"niedziela-milosierdzia-bozego-27-kwietnia-2025","status":"publish","type":"post","link":"http:\/\/www.elzbieta.archidiecezja.wroc.pl\/?p=3649","title":{"rendered":"NIEDZIELA  MI\u0141OSIERDZIA BO\u017bEGO &#8211; 27 kwietnia 2025"},"content":{"rendered":"<p style=\"text-align: justify;\">1. Obchodzimy dzisiaj<span style=\"color: #ff0000;\"> <strong>uroczysto\u015b\u0107 Mi\u0142osierdzia Bo\u017cego<\/strong>,<\/span> kt\u00f3ra ko\u0144czy oktaw\u0119 Wielkiej Nocy, a rozpoczyna Tydzie\u0144 Mi\u0142osierdzia.<br \/>\nZ tej okazji zapraszamy do wsp\u00f3lnej modlitwy <span style=\"color: #ff0000;\"><strong>Koronk\u0105 do Mi\u0142osierdzia Bo\u017cego<\/strong>,<\/span> kt\u00f3ra b\u0119dzie mia\u0142a miejsce w naszej Bazylice <span style=\"color: #ff0000;\"><strong>dzisiaj o godz. 15:00.<\/strong><\/span><\/p>\n<p style=\"text-align: justify;\">2. W czwartek rozpoczynamy miesi\u0105c maj \u2013 w szczeg\u00f3lny spos\u00f3b po\u015bwi\u0119cony Maryi. <span style=\"color: #3366ff;\"><strong>Nabo\u017ce\u0144stwa majowe<\/strong> <\/span>w\u00a0naszej bazylice b\u0119d\u0105 <span style=\"color: #3366ff;\"><strong>codziennie o<\/strong><\/span>\u00a0<span style=\"color: #3366ff;\"><strong>godz. 17:30<\/strong>.<\/span><\/p>\n<p style=\"text-align: justify;\">3. W <strong>pi\u0105tek 2 maja<\/strong> b\u0119dziemy obchodzi\u0107 <strong>\u015awi\u0119to Flagi<\/strong>. Pami\u0119tajmy o naszej polskiej to\u017csamo\u015bci oraz o szacunku wobec symboli narodowych. Na ten dzie\u0144 biskup polowy <strong>udzieli\u0142<\/strong> <strong>dyspensy od pokarm\u00f3w mi\u0119snych<\/strong>.<\/p>\n<p style=\"text-align: justify;\">4. W <span style=\"color: #0000ff;\"><strong>sobot\u0119 3 maja<\/strong> <\/span>b\u0119dziemy prze\u017cywa\u0107 uroczysto\u015b\u0107 <span style=\"color: #0000ff;\"><strong>Naj\u015bwi\u0119tszej Maryi Panny<\/strong>, <strong>Kr\u00f3lowej Polski<\/strong><\/span>, g\u0142\u00f3wnej patronki naszej Ojczyzny. To r\u00f3wnie\u017c <strong>234. rocznica uchwalenia Konstytucji 3 \u2013 go Maja<\/strong>.<\/p>\n<p style=\"text-align: justify;\"><span style=\"color: #0000ff;\"><strong><u>Msze \u015bw. b\u0119d\u0105 sprawowane w porz\u0105dku niedzielnym: <\/u><\/strong><strong>8:00, 10:00, 12:00 i 18:00<\/strong><strong>.<\/strong><\/span><\/p>\n<p style=\"text-align: justify;\"><strong>Szczeg\u00f3lnie zapraszamy na Msz\u0119 \u015bw. o godzinie <span style=\"color: #ff0000;\">10:00 Sprawowan\u0105 w intencji Naszej Ojczyzny.<\/span><\/strong><\/p>\n<p style=\"text-align: justify;\">5. W tym tygodniu przypada <strong>pierwszy czwartek, pierwszy pi\u0105tek i pierwsza sobota<\/strong> <strong>miesi\u0105ca<\/strong>:<\/p>\n<p style=\"text-align: justify;\">&#8211; <u>w pierwszy <\/u><span style=\"color: #008000;\"><strong><u>czwartek<\/u><\/strong> <\/span>zapraszamy na ca\u0142odzienn\u0105 <strong>adoracj\u0119 Naj\u015bwi\u0119tszego Sakramentu<\/strong>,<\/p>\n<p style=\"text-align: justify;\">&#8211; <u>w pierwszy <\/u><span style=\"color: #800080;\"><strong><u>pi\u0105tek<\/u><\/strong> <\/span>zach\u0119camy do skorzystania z <strong>sakramentu pokuty i\u00a0pojednania<\/strong>, wyj\u0105tkowo tego dnia w\u00a0godzinach porannych udamy si\u0119 z <span style=\"color: #800080;\"><strong>pos\u0142ug\u0105 sakramentaln\u0105<br \/>\ndo chorych<\/strong><\/span> z\u00a0naszej parafii.<\/p>\n<p style=\"text-align: justify;\">&#8211;\u00a0<u>w pierwsz\u0105 <\/u><span style=\"color: #3366ff;\"><strong><u>sobot\u0119<\/u><\/strong> <\/span><strong><u>wyj\u0105tkowo<\/u><\/strong> <strong>z racji Uroczysto\u015bci<\/strong> po Mszy \u015bw. porannej <span style=\"color: #ff0000;\"><strong><u>nie b\u0119dzie<\/u><\/strong> <strong>nabo\u017ce\u0144stwa<\/strong><\/span><strong> wynagradzaj\u0105cego Niepokalanemu Sercu Maryi<\/strong>.<\/p>\n<p style=\"text-align: justify;\">6.<strong> W tym tygodniu wspominamy:<\/strong><\/p>\n<p style=\"text-align: justify;\">\u2013 w poniedzia\u0142ek uroczysto\u015b\u0107 <em>\u015bw. Wojciecha Biskupa i M\u0119czennika, g\u0142\u00f3wnego patrona Polski,<\/em><\/p>\n<p style=\"text-align: justify;\">\u2013 we wtorek <em>\u015bw. Katarzyn\u0119 Siene\u0144sk\u0105,<\/em><\/p>\n<p style=\"text-align: justify;\"><em>\u00ad<\/em>\u2013 w czwartek <em>\u015bw. J\u00f3zefa Rzemie\u015blnika,<\/em><\/p>\n<p style=\"text-align: justify;\">\u2013 w pi\u0105tek <em>\u015bw. Atanazego.<\/em><\/p>\n<p style=\"text-align: justify;\"><strong>7. <\/strong>Za tydzie\u0144 b\u0119dziemy prze\u017cywa\u0107 <span style=\"color: #993300;\"><strong>Niedziel\u0119 Biblijn\u0105<\/strong>.<\/span><\/p>\n<p style=\"text-align: justify;\">8.<strong> Solenizantom i jubilatom <\/strong>rozpoczynaj\u0105cego si\u0119 tygodnia \u017cyczymy zdrowia, potrzebnych \u0142ask oraz Bo\u017cego b\u0142ogos\u0142awie\u0144stwa.<\/p>\n","protected":false},"excerpt":{"rendered":"<p>1. Obchodzimy dzisiaj uroczysto\u015b\u0107 Mi\u0142osierdzia Bo\u017cego, kt\u00f3ra ko\u0144czy oktaw\u0119 Wielkiej Nocy, a rozpoczyna Tydzie\u0144 Mi\u0142osierdzia. Z tej okazji zapraszamy do wsp\u00f3lnej modlitwy Koronk\u0105 do Mi\u0142osierdzia Bo\u017cego, kt\u00f3ra b\u0119dzie mia\u0142a miejsce w naszej Bazylice dzisiaj o godz. 15:00. 2. W czwartek rozpoczynamy miesi\u0105c maj \u2013 w szczeg\u00f3lny spos\u00f3b po\u015bwi\u0119cony Maryi. Nabo\u017ce\u0144stwa majowe w\u00a0naszej bazylice b\u0119d\u0105 codziennie [&hellip;]<\/p>\n","protected":false},"author":3,"featured_media":1351,"comment_status":"closed","ping_status":"closed","sticky":false,"template":"","format":"standard","meta":[],"categories":[35],"tags":[],"_links":{"self":[{"href":"http:\/\/www.elzbieta.archidiecezja.wroc.pl\/index.php?rest_route=\/wp\/v2\/posts\/3649"}],"collection":[{"href":"http:\/\/www.elzbieta.archidiecezja.wroc.pl\/index.php?rest_route=\/wp\/v2\/posts"}],"about":[{"href":"http:\/\/www.elzbieta.archidiecezja.wroc.pl\/index.php?rest_route=\/wp\/v2\/types\/post"}],"author":[{"embeddable":true,"href":"http:\/\/www.elzbieta.archidiecezja.wroc.pl\/index.php?rest_route=\/wp\/v2\/users\/3"}],"replies":[{"embeddable":true,"href":"http:\/\/www.elzbieta.archidiecezja.wroc.pl\/index.php?rest_route=%2Fwp%2Fv2%2Fcomments&post=3649"}],"version-history":[{"count":2,"href":"http:\/\/www.elzbieta.archidiecezja.wroc.pl\/index.php?rest_route=\/wp\/v2\/posts\/3649\/revisions"}],"predecessor-version":[{"id":3651,"href":"http:\/\/www.elzbieta.archidiecezja.wroc.pl\/index.php?rest_route=\/wp\/v2\/posts\/3649\/revisions\/3651"}],"wp:featuredmedia":[{"embeddable":true,"href":"http:\/\/www.elzbieta.archidiecezja.wroc.pl\/index.php?rest_route=\/wp\/v2\/media\/1351"}],"wp:attachment":[{"href":"http:\/\/www.elzbieta.archidiecezja.wroc.pl\/index.php?rest_route=%2Fwp%2Fv2%2Fmedia&parent=3649"}],"wp:term":[{"taxonomy":"category","embeddable":true,"href":"http:\/\/www.elzbieta.archidiecezja.wroc.pl\/index.php?rest_route=%2Fwp%2Fv2%2Fcategories&post=3649"},{"taxonomy":"post_tag","embeddable":true,"href":"http:\/\/www.elzbieta.archidiecezja.wroc.pl\/index.php?rest_route=%2Fwp%2Fv2%2Ftags&post=3649"}],"curies":[{"name":"wp","href":"https:\/\/api.w.org\/{rel}","templated":true}]}}