{"id":3642,"date":"2025-04-12T10:00:56","date_gmt":"2025-04-12T08:00:56","guid":{"rendered":"http:\/\/www.elzbieta.archidiecezja.wroc.pl\/?p=3642"},"modified":"2025-04-11T17:26:07","modified_gmt":"2025-04-11T15:26:07","slug":"niedziela-palmowa-meki-panskiej-13-kwietnia-2025","status":"publish","type":"post","link":"http:\/\/www.elzbieta.archidiecezja.wroc.pl\/?p=3642","title":{"rendered":"NIEDZIELA PALMOWA M\u0118KI PA\u0143SKIEJ &#8211; 13 kwietnia 2025"},"content":{"rendered":"<p style=\"text-align: justify;\">1. Dzisiaj prze\u017cywamy<span style=\"color: #ff0000;\"><strong> Niedziel\u0119 Palmow\u0105 M\u0119ki Pa\u0144skiej<\/strong>,<\/span> rozpoczynaj\u0105c\u0105 <span style=\"color: #ff0000;\"><strong>Wieki\u00a0Tydzie\u0144<\/strong>.<\/span> Na\u00a0pocz\u0105tku ka\u017cdej Mszy \u015bw. odb\u0119dzie si\u0119 obrz\u0119d b\u0142ogos\u0142awie\u0144stwa <strong>palm<\/strong>. Zach\u0119camy r\u00f3wnie\u017c do\u00a0uczestniczenia w ostatnich<span style=\"color: #993366;\"> <strong>Gorzkich \u017balach o\u00a0godz.\u00a017:40.<\/strong><\/span><\/p>\n<p style=\"text-align: justify;\">2. W poniedzia\u0142ek <strong>12 kwietnia podczas Mszy \u015bw. o godz. 10:00 <\/strong>b\u0119dziemy si\u0119 modlili z okazji <span style=\"color: #ff0000;\"><strong>Dnia Pami\u0119ci Zbrodni Katy\u0144skiej.<\/strong><\/span><\/p>\n<p style=\"text-align: justify;\">3. W zwi\u0105zku z uroczyst\u0105 liturgi\u0105 <strong><span style=\"color: #339966;\">kancelaria parafialna<\/span> <\/strong>w tym tygodniu<strong> b\u0119dzie czynna tylko <\/strong><strong>w poniedzia\u0142ek, wtorek i \u015brod\u0119.<\/strong><\/p>\n<p style=\"text-align: justify;\">4.W<span style=\"color: #ff9900;\"><strong> Wielki Czwartek<\/strong><\/span> <strong><u>nie b\u0119dzie porannej Mszy \u015bw<\/u><\/strong>., natomiast<strong><span style=\"color: #ff9900;\"> Msza \u015awi\u0119ta Wieczerzy Pa\u0144skiej,<\/span> rozpoczynaj\u0105ca \u015awi\u0119te Triduum Paschalne b\u0119dzie mia\u0142a miejsce w\u00a0naszej bazylice <span style=\"color: #ff9900;\">o\u00a0godz. 18:00<\/span><\/strong><span style=\"color: #ff9900;\">.<\/span><\/p>\n<p style=\"text-align: justify;\">Po Mszy \u015awi\u0119tej \u2013 przeniesienie Naj\u015bwi\u0119tszego Sakramentu do kaplicy adoracji i\u00a0<span style=\"color: #3366ff;\"><strong>adoracja Naj\u015bwi\u0119tszego Sakramentu do godz. 22:00.<\/strong>\u00a0<\/span> Tego dnia za publiczne od\u015bpiewanie hymnu \u201ePrzed\u00a0tak wielkim Sakramentem\u201d mo\u017cna zyska\u0107 odpust zupe\u0142ny pod zwyk\u0142ymi warunkami.<\/p>\n<p style=\"text-align: justify;\">5. W<span style=\"color: #993366;\"><strong> Wielki Pi\u0105tek<\/strong> <\/span>wspominamy <strong>M\u0119k\u0119 i \u015amier\u0107 Jezusa \u2013<\/strong> <strong>na znak smutku i \u017ca\u0142oby nie\u00a0sprawuje si\u0119 Eucharystii<\/strong>. Tego dnia obowi\u0105zuje <span style=\"color: #993366;\"><strong>post \u015bcis\u0142y<\/strong><\/span>, polegaj\u0105cy na\u00a0powstrzymaniu si\u0119 od potraw mi\u0119snych oraz na ograniczeniu jedzenia do trzech posi\u0142k\u00f3w, w tym jednego do syta<strong>. <\/strong><\/p>\n<p style=\"text-align: justify;\"><span style=\"color: #993366;\"><strong>Liturgia M\u0119ki Pa\u0144skiej<\/strong><\/span><strong><span style=\"color: #993366;\">,<\/span> kt\u00f3ra w naszej bazylice rozpocznie si\u0119 <span style=\"color: #993366;\">o godz. 18:00<\/span><\/strong> zostanie poprzedzona <span style=\"color: #ff0000;\"><strong>nabo\u017ce\u0144stwem Drogi Krzy\u017cowej o godz. 17:30<\/strong>.<\/span> Na zako\u0144czenie liturgii Naj\u015bwi\u0119tszy Sakrament zostanie przeniesiony do Grobu Pa\u0144skiego, gdzie rozpoczniemy <span style=\"color: #3366ff;\"><strong>Nowenn\u0119<br \/>\nprzed uroczysto\u015bci\u0105 Mi\u0142osierdzia Bo\u017cego<\/strong>.<\/span> W kolejne dni <strong>nowenna<\/strong> b\u0119dzie odmawiana po Mszy \u015bw. wieczornej. <strong>Tego dnia mo\u017cliwo\u015b\u0107 adoracji do\u00a0godz. 22:00.<\/strong><\/p>\n<p style=\"text-align: justify;\">6. <span style=\"color: #ff0000;\"><strong>Wielka Sobota<\/strong><\/span> jest dniem<strong> adoracji Naj\u015bwi\u0119tszego Sakramentu w Grobie Pa\u0144skim<\/strong>. Pami\u0119tajmy o tym, gdy przyjdziemy pob\u0142ogos\u0142awi\u0107 pokarmy. Jest to czas upami\u0119tniaj\u0105cy zst\u0105pienie Chrystusa do otch\u0142ani, nadal obowi\u0105zuje cisza i zaduma nad \u015bmierci\u0105 Chrystusa. Warto i w tym dniu zachowa\u0107 post, powstrzymuj\u0105c si\u0119 od pokarm\u00f3w mi\u0119snych.<\/p>\n<p style=\"text-align: justify;\"><span style=\"color: #ff0000;\"><strong>B\u0142ogos\u0142awie\u0144stwo pokarm\u00f3w na st\u00f3\u0142 wielkanocny odb\u0119dzie si\u0119 o godz. 9:00, 10:00, 11:00, 12:00, 13:00 i 14:00.<\/strong><\/span><\/p>\n<p style=\"text-align: justify;\"><strong><span style=\"color: #ff9900;\">W sobotni wiecz\u00f3r o godz. 20:00<\/span> <\/strong>obrz\u0119dem po\u015bwiecenia ognia na placu przed bazylik\u0105 rozpoczniemy obchody <span style=\"color: #ff9900;\"><strong>Wigilii Paschalnej<\/strong>.<\/span> Prosimy o <strong>przyniesienie \u015bwiec<\/strong>, kt\u00f3re b\u0119d\u0105 nam towarzyszy\u0142y przy odnowieniu przyrzecze\u0144 chrzcielnych. Warto doda\u0107, \u017ce tym uroczysto\u015bciom b\u0119dzie towarzyszy\u0142a oprawa z udzia\u0142em wojska oraz orkiestry wojskowej. <strong>Uroczyst\u0105 liturgi\u0119 zako\u0144czy <span style=\"color: #ff9900;\">Procesja Rezurekcyjna wok\u00f3\u0142 Bazyliki<\/span><\/strong><span style=\"color: #ff9900;\">.<\/span><\/p>\n<p style=\"text-align: justify;\">7. W<span style=\"color: #3366ff;\"><strong> Niedziel\u0119 Zmartwychwstania i w Poniedzia\u0142ek Wielkanocny<\/strong><\/span> Msze \u015bw. b\u0119d\u0105 sprawowane <strong>w\u00a0porz\u0105dku niedzielnym.<\/strong><\/p>\n<p style=\"text-align: justify;\">8.Podczas ostatniej kwesty wolontariusze Parafialnego <span style=\"color: #ff0000;\"><strong>Caritas<\/strong> <\/span>zebrali do\u00a0puszek <strong>1.484<\/strong> z\u0142. <strong>B\u00f3g zap\u0142a\u0107 za z\u0142o\u017cone ofiary.<\/strong><\/p>\n<p style=\"text-align: justify;\">9. <strong>Solenizantom i jubilatom <\/strong>rozpoczynaj\u0105cego si\u0119 tygodnia \u017cyczymy zdrowia, potrzebnych \u0142ask oraz Bo\u017cego b\u0142ogos\u0142awie\u0144stwa.<\/p>\n","protected":false},"excerpt":{"rendered":"<p>1. Dzisiaj prze\u017cywamy Niedziel\u0119 Palmow\u0105 M\u0119ki Pa\u0144skiej, rozpoczynaj\u0105c\u0105 Wieki\u00a0Tydzie\u0144. Na\u00a0pocz\u0105tku ka\u017cdej Mszy \u015bw. odb\u0119dzie si\u0119 obrz\u0119d b\u0142ogos\u0142awie\u0144stwa palm. Zach\u0119camy r\u00f3wnie\u017c do\u00a0uczestniczenia w ostatnich Gorzkich \u017balach o\u00a0godz.\u00a017:40. 2. W poniedzia\u0142ek 12 kwietnia podczas Mszy \u015bw. o godz. 10:00 b\u0119dziemy si\u0119 modlili z okazji Dnia Pami\u0119ci Zbrodni Katy\u0144skiej. 3. W zwi\u0105zku z uroczyst\u0105 liturgi\u0105 kancelaria parafialna w [&hellip;]<\/p>\n","protected":false},"author":3,"featured_media":3183,"comment_status":"closed","ping_status":"closed","sticky":false,"template":"","format":"standard","meta":[],"categories":[35],"tags":[],"_links":{"self":[{"href":"http:\/\/www.elzbieta.archidiecezja.wroc.pl\/index.php?rest_route=\/wp\/v2\/posts\/3642"}],"collection":[{"href":"http:\/\/www.elzbieta.archidiecezja.wroc.pl\/index.php?rest_route=\/wp\/v2\/posts"}],"about":[{"href":"http:\/\/www.elzbieta.archidiecezja.wroc.pl\/index.php?rest_route=\/wp\/v2\/types\/post"}],"author":[{"embeddable":true,"href":"http:\/\/www.elzbieta.archidiecezja.wroc.pl\/index.php?rest_route=\/wp\/v2\/users\/3"}],"replies":[{"embeddable":true,"href":"http:\/\/www.elzbieta.archidiecezja.wroc.pl\/index.php?rest_route=%2Fwp%2Fv2%2Fcomments&post=3642"}],"version-history":[{"count":1,"href":"http:\/\/www.elzbieta.archidiecezja.wroc.pl\/index.php?rest_route=\/wp\/v2\/posts\/3642\/revisions"}],"predecessor-version":[{"id":3643,"href":"http:\/\/www.elzbieta.archidiecezja.wroc.pl\/index.php?rest_route=\/wp\/v2\/posts\/3642\/revisions\/3643"}],"wp:featuredmedia":[{"embeddable":true,"href":"http:\/\/www.elzbieta.archidiecezja.wroc.pl\/index.php?rest_route=\/wp\/v2\/media\/3183"}],"wp:attachment":[{"href":"http:\/\/www.elzbieta.archidiecezja.wroc.pl\/index.php?rest_route=%2Fwp%2Fv2%2Fmedia&parent=3642"}],"wp:term":[{"taxonomy":"category","embeddable":true,"href":"http:\/\/www.elzbieta.archidiecezja.wroc.pl\/index.php?rest_route=%2Fwp%2Fv2%2Fcategories&post=3642"},{"taxonomy":"post_tag","embeddable":true,"href":"http:\/\/www.elzbieta.archidiecezja.wroc.pl\/index.php?rest_route=%2Fwp%2Fv2%2Ftags&post=3642"}],"curies":[{"name":"wp","href":"https:\/\/api.w.org\/{rel}","templated":true}]}}