{"id":3627,"date":"2025-04-05T13:21:27","date_gmt":"2025-04-05T11:21:27","guid":{"rendered":"http:\/\/www.elzbieta.archidiecezja.wroc.pl\/?p=3627"},"modified":"2025-04-05T13:21:27","modified_gmt":"2025-04-05T11:21:27","slug":"v-niedziela-wielkiego-postu-6-kwietnia-2025","status":"publish","type":"post","link":"http:\/\/www.elzbieta.archidiecezja.wroc.pl\/?p=3627","title":{"rendered":"V NIEDZIELA WIELKIEGO POSTU &#8211; 6 kwietnia 2025"},"content":{"rendered":"<p>1. Dzisiaj prze\u017cywamy <span style=\"color: #993366;\"><strong>V Niedziel\u0119 Wielkiego Postu<\/strong>.<\/span><\/p>\n<p>2. W dobrym prze\u017cywaniu <strong>Wielkiego Postu<\/strong> pomagaj\u0105 nabo\u017ce\u0144stwa pasyjne, na\u00a0kt\u00f3re serdecznie zapraszamy:<\/p>\n<p>&#8211; <span style=\"color: #993366;\"><strong>Droga Krzy\u017cowa<\/strong>\u00a0<\/span> w ka\u017cdy <span style=\"color: #993366;\"><strong>pi\u0105tek<\/strong> o\u00a0<strong>godz.\u00a017:30<\/strong><\/span><\/p>\n<p>&#8211; <span style=\"color: #ff0000;\"><strong>Gorzkie \u017bale<\/strong><\/span>\u00a0w ka\u017cd\u0105 <span style=\"color: #ff0000;\"><strong>niedziel\u0119<\/strong> o\u00a0<strong>godz. 17:40<\/strong>.<\/span><\/p>\n<p>3. Okazj\u0105 do modlitewnego skupienia s\u0105 r\u00f3wnie\u017c ko\u0144cz\u0105ce si\u0119 dzisiaj\u00a0<span style=\"color: #993366;\"> <strong>nauki rekolekcyjne<\/strong><\/span>, kt\u00f3re prowadzi <strong><span style=\"color: #993366;\">ks. kan. p\u0142k Stanis\u0142aw DENYS<\/span> <\/strong><strong>\u2013 proboszcz Parafii Wojskowo \u2013 Cywilnej pw. Ducha \u015awi\u0119tego Pocieszyciela w Gi\u017cycku.<\/strong><\/p>\n<p><span style=\"color: #993366;\"><strong><u>Mo\u017cliwo\u015b\u0107 spowiedzi przed oraz w trakcie Mszy \u015bwi\u0119tych.<\/u><\/strong><\/span><\/p>\n<p>4. Za tydzie\u0144 b\u0119dziemy obchodzi\u0107 <span style=\"color: #ff0000;\"><em><strong>Niedziel\u0119 Palmow\u0105, <\/strong><\/em><\/span><em>kt\u00f3r\u0105<\/em> rozpoczniemy szczeg\u00f3lny czas <span style=\"color: #ff0000;\"><em><strong>Wielkiego Tygodnia<\/strong><\/em><em>.<\/em><\/span> Na pocz\u0105tku ka\u017cdej Mszy \u015awi\u0119tej pob\u0142ogos\u0142awimy <span style=\"color: #ff0000;\"><strong>palmy<\/strong><\/span>, kt\u00f3re przypominaj\u0105 mesja\u0144ski wjazd Chrystusa do\u00a0Jerozolimy.<\/p>\n<p>5. Dzi\u015b wolontariusze parafialnego <span style=\"color: #ff0000;\"><strong>Caritas<\/strong> <\/span>zbieraj\u0105 do puszek <strong>ofiary na pomoc dla\u00a0rodzin w trudnej sytuacji materialnej. <\/strong><\/p>\n<p>6. <strong>Solenizantom i jubilatom <\/strong>rozpoczynaj\u0105cego si\u0119 tygodnia \u017cyczymy zdrowia, potrzebnych \u0142ask oraz Bo\u017cego b\u0142ogos\u0142awie\u0144stwa.<\/p>\n","protected":false},"excerpt":{"rendered":"<p>1. Dzisiaj prze\u017cywamy V Niedziel\u0119 Wielkiego Postu. 2. W dobrym prze\u017cywaniu Wielkiego Postu pomagaj\u0105 nabo\u017ce\u0144stwa pasyjne, na\u00a0kt\u00f3re serdecznie zapraszamy: &#8211; Droga Krzy\u017cowa\u00a0 w ka\u017cdy pi\u0105tek o\u00a0godz.\u00a017:30 &#8211; Gorzkie \u017bale\u00a0w ka\u017cd\u0105 niedziel\u0119 o\u00a0godz. 17:40. 3. Okazj\u0105 do modlitewnego skupienia s\u0105 r\u00f3wnie\u017c ko\u0144cz\u0105ce si\u0119 dzisiaj\u00a0 nauki rekolekcyjne, kt\u00f3re prowadzi ks. kan. p\u0142k Stanis\u0142aw DENYS \u2013 proboszcz Parafii [&hellip;]<\/p>\n","protected":false},"author":3,"featured_media":3628,"comment_status":"closed","ping_status":"closed","sticky":false,"template":"","format":"standard","meta":[],"categories":[35],"tags":[],"_links":{"self":[{"href":"http:\/\/www.elzbieta.archidiecezja.wroc.pl\/index.php?rest_route=\/wp\/v2\/posts\/3627"}],"collection":[{"href":"http:\/\/www.elzbieta.archidiecezja.wroc.pl\/index.php?rest_route=\/wp\/v2\/posts"}],"about":[{"href":"http:\/\/www.elzbieta.archidiecezja.wroc.pl\/index.php?rest_route=\/wp\/v2\/types\/post"}],"author":[{"embeddable":true,"href":"http:\/\/www.elzbieta.archidiecezja.wroc.pl\/index.php?rest_route=\/wp\/v2\/users\/3"}],"replies":[{"embeddable":true,"href":"http:\/\/www.elzbieta.archidiecezja.wroc.pl\/index.php?rest_route=%2Fwp%2Fv2%2Fcomments&post=3627"}],"version-history":[{"count":1,"href":"http:\/\/www.elzbieta.archidiecezja.wroc.pl\/index.php?rest_route=\/wp\/v2\/posts\/3627\/revisions"}],"predecessor-version":[{"id":3629,"href":"http:\/\/www.elzbieta.archidiecezja.wroc.pl\/index.php?rest_route=\/wp\/v2\/posts\/3627\/revisions\/3629"}],"wp:featuredmedia":[{"embeddable":true,"href":"http:\/\/www.elzbieta.archidiecezja.wroc.pl\/index.php?rest_route=\/wp\/v2\/media\/3628"}],"wp:attachment":[{"href":"http:\/\/www.elzbieta.archidiecezja.wroc.pl\/index.php?rest_route=%2Fwp%2Fv2%2Fmedia&parent=3627"}],"wp:term":[{"taxonomy":"category","embeddable":true,"href":"http:\/\/www.elzbieta.archidiecezja.wroc.pl\/index.php?rest_route=%2Fwp%2Fv2%2Fcategories&post=3627"},{"taxonomy":"post_tag","embeddable":true,"href":"http:\/\/www.elzbieta.archidiecezja.wroc.pl\/index.php?rest_route=%2Fwp%2Fv2%2Ftags&post=3627"}],"curies":[{"name":"wp","href":"https:\/\/api.w.org\/{rel}","templated":true}]}}