{"id":3624,"date":"2025-03-29T13:52:06","date_gmt":"2025-03-29T12:52:06","guid":{"rendered":"http:\/\/www.elzbieta.archidiecezja.wroc.pl\/?p=3624"},"modified":"2025-03-29T13:52:06","modified_gmt":"2025-03-29T12:52:06","slug":"iv-niedziela-wielkiego-postu-niedziela-laetare-30-marca-2025","status":"publish","type":"post","link":"http:\/\/www.elzbieta.archidiecezja.wroc.pl\/?p=3624","title":{"rendered":"IV NIEDZIELA WIELKIEGO POSTU &#8211; Niedziela Laetare &#8211; 30 marca 2025"},"content":{"rendered":"<p>1. Dzisiaj prze\u017cywamy <span style=\"color: #ff00ff;\"><strong>Niedziel\u0119 Rado\u015bci, nazywan\u0105 r\u00f3wnie\u017c niedziel\u0105 Laetare.<\/strong><\/span><\/p>\n<p>2. W dobrym prze\u017cywaniu <strong>Wielkiego Postu<\/strong> pomagaj\u0105 nabo\u017ce\u0144stwa pasyjne, na\u00a0kt\u00f3re serdecznie zapraszamy:<\/p>\n<p>&#8211; <span style=\"color: #993366;\"><strong>Droga Krzy\u017cowa<\/strong>\u00a0<\/span> w ka\u017cdy <span style=\"color: #993366;\"><strong>pi\u0105tek<\/strong> o\u00a0<strong>godz.\u00a017:30<\/strong><\/span><\/p>\n<p>&#8211; <strong>Gorzkie \u017bale<\/strong>\u00a0w ka\u017cd\u0105 <strong>niedziel\u0119<\/strong> o\u00a0<strong>godz. 17:40<\/strong>.<\/p>\n<p>3. W \u015brod\u0119 <strong>2 kwietnia<\/strong> obchodzi\u0107 b\u0119dziemy <strong>20. rocznic\u0119 \u015bmierci<\/strong> <strong><span style=\"color: #339966;\">\u015bw. Jana Paw\u0142a II<\/span>.<br \/>\n<\/strong>Niech jego or\u0119downictwo w niebie b\u0119dzie umocnieniem dla ca\u0142ej naszej wsp\u00f3lnoty.<\/p>\n<p>4. Okazj\u0105 do modlitewnego skupienia b\u0119d\u0105 r\u00f3wnie\u017c <span style=\"color: #ff9900;\"><em><strong><span style=\"color: #ff0000;\">Rekolekcje Wielkopostne<\/span> <\/strong><\/em><\/span><span style=\"color: #ff9900;\"><strong>od 4 kwietnia <\/strong><\/span>(najbli\u017cszego pi\u0105tku)<strong><span style=\"color: #ff9900;\"> do 6 kwietnia<\/span> <\/strong>(niedzieli)<strong>, <\/strong>na\u00a0kt\u00f3re serdecznie zapraszamy.<\/p>\n<p><strong>Nauki rekolekcyjne poprowadzi <\/strong><strong>ks. kan. p\u0142k Stanis\u0142aw DENYS \u2013 proboszcz Parafii Wojskowo \u2013 Cywilnej pw. Ducha \u015awi\u0119tego Pocieszyciela w Gi\u017cycku.<\/strong><\/p>\n<p>&nbsp;<\/p>\n<p><span style=\"color: #ff0000; font-size: 14pt;\"><strong><u>Msze \u015bw. z\u00a0nauk\u0105 rekolekcyjn\u0105:<\/u><\/strong><\/span><\/p>\n<p><span style=\"font-size: 14pt;\"><span style=\"color: #ff9900;\">&#8211; <strong>pi\u0105tek<\/strong><\/span><strong> 4 kwietnia o godz. <\/strong><span style=\"color: #ff9900;\"><strong>7:00 i 18:00,<\/strong><\/span><\/span><\/p>\n<p><span style=\"font-size: 14pt;\"><span style=\"color: #ff9900;\"><strong>&#8211;\u00a0sobota<\/strong><\/span><strong> 5 kwietnia o godz. <\/strong><span style=\"color: #ff9900;\"><strong>8:00 i 18:00<\/strong><strong>,<\/strong><\/span><\/span><\/p>\n<p><span style=\"font-size: 14pt;\"><span style=\"color: #ff9900;\">&#8211; <strong>niedziela<\/strong><\/span><strong> 6 kwietnia godz. <\/strong><span style=\"color: #ff9900;\"><strong>8:00, 10:00, 12:00 i\u00a018:00.<\/strong><\/span><\/span><\/p>\n<p><span style=\"color: #993366; font-size: 14pt;\"><strong><u>Mo\u017cliwo\u015b\u0107 spowiedzi przed oraz w trakcie Mszy \u015bwi\u0119tych.<\/u><\/strong><\/span><\/p>\n<p>&nbsp;<\/p>\n<p><u>5<\/u>. W pi\u0105tek <strong>4 kwietnia o godz. 19:30<\/strong> spod Ko\u015bcio\u0142a Uniwersyteckiego wyruszy <span style=\"color: #993366;\"><strong>Akademicka Droga Krzy\u017cowa<\/strong><\/span>, kt\u00f3ra zako\u0144czy si\u0119 Msz\u0105 \u015bw. w naszej bazylice.<\/p>\n<p>6. <strong>W tym tygodniu przypada pierwszy czwartek, pierwszy pi\u0105tek i pierwsza sobota<\/strong> <strong>miesi\u0105ca<\/strong>:<\/p>\n<p>&#8211; <u>w pierwszy <\/u><span style=\"color: #ff9900;\"><strong><u>czwartek<\/u><\/strong> <\/span>zapraszamy na ca\u0142odzienn\u0105 <strong>adoracj\u0119 Naj\u015bwi\u0119tszego Sakramentu<\/strong>,<\/p>\n<p>&#8211; <u>w pierwszy <\/u><span style=\"color: #993366;\"><strong><u>pi\u0105tek<\/u><\/strong> <\/span>zach\u0119camy do skorzystania z <strong>sakramentu pokuty i\u00a0pojednania<\/strong>, wyj\u0105tkowo tego dnia w\u00a0godzinach porannych udamy si\u0119 z <span style=\"color: #993366;\"><strong>pos\u0142ug\u0105 sakramentaln\u0105<br \/>\ndo chorych<\/strong><\/span> z\u00a0naszej parafii.<\/p>\n<p>&#8211;\u00a0<u>w pierwsz\u0105 <\/u><span style=\"color: #3366ff;\"><strong><u>sobot\u0119<\/u><\/strong> <\/span>po Mszy \u015bw. porannej zapraszamy do udzia\u0142u w <strong>nabo\u017ce\u0144stwie wynagradzaj\u0105cym Niepokalanemu Sercu Maryi<\/strong>.<\/p>\n<p><strong>7.\u00a0 Solenizantom i jubilatom <\/strong>rozpoczynaj\u0105cego si\u0119 tygodnia \u017cyczymy zdrowia, potrzebnych \u0142ask oraz Bo\u017cego b\u0142ogos\u0142awie\u0144stwa.<\/p>\n","protected":false},"excerpt":{"rendered":"<p>1. Dzisiaj prze\u017cywamy Niedziel\u0119 Rado\u015bci, nazywan\u0105 r\u00f3wnie\u017c niedziel\u0105 Laetare. 2. W dobrym prze\u017cywaniu Wielkiego Postu pomagaj\u0105 nabo\u017ce\u0144stwa pasyjne, na\u00a0kt\u00f3re serdecznie zapraszamy: &#8211; Droga Krzy\u017cowa\u00a0 w ka\u017cdy pi\u0105tek o\u00a0godz.\u00a017:30 &#8211; Gorzkie \u017bale\u00a0w ka\u017cd\u0105 niedziel\u0119 o\u00a0godz. 17:40. 3. W \u015brod\u0119 2 kwietnia obchodzi\u0107 b\u0119dziemy 20. rocznic\u0119 \u015bmierci \u015bw. Jana Paw\u0142a II. Niech jego or\u0119downictwo w niebie b\u0119dzie [&hellip;]<\/p>\n","protected":false},"author":3,"featured_media":3625,"comment_status":"closed","ping_status":"closed","sticky":false,"template":"","format":"standard","meta":[],"categories":[35],"tags":[],"_links":{"self":[{"href":"http:\/\/www.elzbieta.archidiecezja.wroc.pl\/index.php?rest_route=\/wp\/v2\/posts\/3624"}],"collection":[{"href":"http:\/\/www.elzbieta.archidiecezja.wroc.pl\/index.php?rest_route=\/wp\/v2\/posts"}],"about":[{"href":"http:\/\/www.elzbieta.archidiecezja.wroc.pl\/index.php?rest_route=\/wp\/v2\/types\/post"}],"author":[{"embeddable":true,"href":"http:\/\/www.elzbieta.archidiecezja.wroc.pl\/index.php?rest_route=\/wp\/v2\/users\/3"}],"replies":[{"embeddable":true,"href":"http:\/\/www.elzbieta.archidiecezja.wroc.pl\/index.php?rest_route=%2Fwp%2Fv2%2Fcomments&post=3624"}],"version-history":[{"count":1,"href":"http:\/\/www.elzbieta.archidiecezja.wroc.pl\/index.php?rest_route=\/wp\/v2\/posts\/3624\/revisions"}],"predecessor-version":[{"id":3626,"href":"http:\/\/www.elzbieta.archidiecezja.wroc.pl\/index.php?rest_route=\/wp\/v2\/posts\/3624\/revisions\/3626"}],"wp:featuredmedia":[{"embeddable":true,"href":"http:\/\/www.elzbieta.archidiecezja.wroc.pl\/index.php?rest_route=\/wp\/v2\/media\/3625"}],"wp:attachment":[{"href":"http:\/\/www.elzbieta.archidiecezja.wroc.pl\/index.php?rest_route=%2Fwp%2Fv2%2Fmedia&parent=3624"}],"wp:term":[{"taxonomy":"category","embeddable":true,"href":"http:\/\/www.elzbieta.archidiecezja.wroc.pl\/index.php?rest_route=%2Fwp%2Fv2%2Fcategories&post=3624"},{"taxonomy":"post_tag","embeddable":true,"href":"http:\/\/www.elzbieta.archidiecezja.wroc.pl\/index.php?rest_route=%2Fwp%2Fv2%2Ftags&post=3624"}],"curies":[{"name":"wp","href":"https:\/\/api.w.org\/{rel}","templated":true}]}}