{"id":3605,"date":"2025-03-08T13:13:42","date_gmt":"2025-03-08T12:13:42","guid":{"rendered":"http:\/\/www.elzbieta.archidiecezja.wroc.pl\/?p=3605"},"modified":"2025-03-08T13:13:42","modified_gmt":"2025-03-08T12:13:42","slug":"i-niedziela-wielkiego-postu-9-marca-2025","status":"publish","type":"post","link":"http:\/\/www.elzbieta.archidiecezja.wroc.pl\/?p=3605","title":{"rendered":"I NIEDZIELA WIELKIEGO POSTU &#8211; 9 marca 2025"},"content":{"rendered":"<p>1. Dzisiaj prze\u017cywamy <span style=\"color: #800080;\"><strong>pierwsz\u0105 niedziel\u0119 Wielkiego Postu<\/strong><strong>.<\/strong><\/span><\/p>\n<p>2. W dobrym prze\u017cywaniu <strong>Wielkiego Postu<\/strong> pomagaj\u0105 nabo\u017ce\u0144stwa pasyjne, na\u00a0kt\u00f3re serdecznie zapraszamy:<\/p>\n<p>&#8211; <span style=\"color: #800080;\"><strong>Droga Krzy\u017cowa<\/strong><\/span>\u00a0 w ka\u017cdy <span style=\"color: #800080;\"><strong>pi\u0105tek<\/strong> o\u00a0<strong>godz.\u00a017:30<\/strong><\/span><\/p>\n<p>&#8211; <span style=\"color: #ff0000;\"><strong>Gorzkie \u017bale<\/strong><\/span>\u00a0w ka\u017cd\u0105 <span style=\"color: #ff0000;\"><strong>niedziel\u0119<\/strong><\/span> <span style=\"color: #ff0000;\">o\u00a0<strong>godz. 17:40<\/strong>.<\/span><\/p>\n<p>Okazj\u0105 do modlitewnego skupienia b\u0119d\u0105 r\u00f3wnie\u017c\u00a0<span style=\"color: #ff9900;\"><em><strong>Rekolekcje Wielkopostne <\/strong><\/em><strong>od 4 do 6 kwietnia<\/strong><\/span><strong>, <\/strong>na\u00a0kt\u00f3re ju\u017c teraz serdecznie zapraszamy.<\/p>\n<p><strong>Nauki rekolekcyjne poprowadzi <\/strong><strong>ks. kan. p\u0142k Stanis\u0142aw DENYS \u2013 proboszcz Parafii Wojskowo \u2013 Cywilnej pw. Ducha \u015awi\u0119tego Pocieszyciela w Gi\u017cycku.<\/strong><\/p>\n<p>3. Dzi\u015b wolontariusze parafialnego <span style=\"color: #ff0000;\"><strong>Caritas<\/strong><\/span> zbieraj\u0105 do puszek <strong>ofiary na pomoc dla\u00a0rodzin w trudnej sytuacji materialnej. <\/strong><\/p>\n<p>4. <strong>W <\/strong><strong>czwartek<\/strong> <strong>13 marca<\/strong> przypada <strong>12. rocznica wyboru <\/strong><span style=\"color: #3366ff;\"><strong>papie\u017ca Franciszka<\/strong><\/span><strong>.<\/strong><\/p>\n<p>Otoczmy nasz\u0105 modlitw\u0105 Ojca \u015awi\u0119tego, szczeg\u00f3lnie prosz\u0105c o \u0142ask\u0119 powrotu do pe\u0142ni si\u0142.<\/p>\n<p>5. <strong> Za tydzie\u0144 16 marca\u00a0<\/strong>przypada <span style=\"color: #008000;\"><strong>niedziela\u00a0<em>Ad Gentes<\/em><\/strong><\/span>\u2013 <strong>Dzie\u0144 Modlitwy, Postu i Solidarno\u015bci z Misjonarzami.<\/strong><\/p>\n<p>Tego dnia <u>ofiarami do puszek<\/u> b\u0119dzie mo\u017cna wesprze\u0107 dzie\u0142a misyjne Ko\u015bcio\u0142a.<\/p>\n<p>6.<strong> Solenizantom i jubilatom <\/strong>rozpoczynaj\u0105cego si\u0119 tygodnia \u017cyczymy zdrowia, potrzebnych \u0142ask oraz Bo\u017cego b\u0142ogos\u0142awie\u0144stwa.<\/p>\n<p><strong><u>\u00a0<\/u><\/strong><\/p>\n","protected":false},"excerpt":{"rendered":"<p>1. Dzisiaj prze\u017cywamy pierwsz\u0105 niedziel\u0119 Wielkiego Postu. 2. W dobrym prze\u017cywaniu Wielkiego Postu pomagaj\u0105 nabo\u017ce\u0144stwa pasyjne, na\u00a0kt\u00f3re serdecznie zapraszamy: &#8211; Droga Krzy\u017cowa\u00a0 w ka\u017cdy pi\u0105tek o\u00a0godz.\u00a017:30 &#8211; Gorzkie \u017bale\u00a0w ka\u017cd\u0105 niedziel\u0119 o\u00a0godz. 17:40. Okazj\u0105 do modlitewnego skupienia b\u0119d\u0105 r\u00f3wnie\u017c\u00a0Rekolekcje Wielkopostne od 4 do 6 kwietnia, na\u00a0kt\u00f3re ju\u017c teraz serdecznie zapraszamy. Nauki rekolekcyjne poprowadzi ks. kan. [&hellip;]<\/p>\n","protected":false},"author":3,"featured_media":3606,"comment_status":"closed","ping_status":"closed","sticky":false,"template":"","format":"standard","meta":[],"categories":[35],"tags":[],"_links":{"self":[{"href":"http:\/\/www.elzbieta.archidiecezja.wroc.pl\/index.php?rest_route=\/wp\/v2\/posts\/3605"}],"collection":[{"href":"http:\/\/www.elzbieta.archidiecezja.wroc.pl\/index.php?rest_route=\/wp\/v2\/posts"}],"about":[{"href":"http:\/\/www.elzbieta.archidiecezja.wroc.pl\/index.php?rest_route=\/wp\/v2\/types\/post"}],"author":[{"embeddable":true,"href":"http:\/\/www.elzbieta.archidiecezja.wroc.pl\/index.php?rest_route=\/wp\/v2\/users\/3"}],"replies":[{"embeddable":true,"href":"http:\/\/www.elzbieta.archidiecezja.wroc.pl\/index.php?rest_route=%2Fwp%2Fv2%2Fcomments&post=3605"}],"version-history":[{"count":1,"href":"http:\/\/www.elzbieta.archidiecezja.wroc.pl\/index.php?rest_route=\/wp\/v2\/posts\/3605\/revisions"}],"predecessor-version":[{"id":3607,"href":"http:\/\/www.elzbieta.archidiecezja.wroc.pl\/index.php?rest_route=\/wp\/v2\/posts\/3605\/revisions\/3607"}],"wp:featuredmedia":[{"embeddable":true,"href":"http:\/\/www.elzbieta.archidiecezja.wroc.pl\/index.php?rest_route=\/wp\/v2\/media\/3606"}],"wp:attachment":[{"href":"http:\/\/www.elzbieta.archidiecezja.wroc.pl\/index.php?rest_route=%2Fwp%2Fv2%2Fmedia&parent=3605"}],"wp:term":[{"taxonomy":"category","embeddable":true,"href":"http:\/\/www.elzbieta.archidiecezja.wroc.pl\/index.php?rest_route=%2Fwp%2Fv2%2Fcategories&post=3605"},{"taxonomy":"post_tag","embeddable":true,"href":"http:\/\/www.elzbieta.archidiecezja.wroc.pl\/index.php?rest_route=%2Fwp%2Fv2%2Ftags&post=3605"}],"curies":[{"name":"wp","href":"https:\/\/api.w.org\/{rel}","templated":true}]}}