{"id":3600,"date":"2025-03-01T16:45:59","date_gmt":"2025-03-01T15:45:59","guid":{"rendered":"http:\/\/www.elzbieta.archidiecezja.wroc.pl\/?p=3600"},"modified":"2025-03-01T16:46:37","modified_gmt":"2025-03-01T15:46:37","slug":"osma-niedziela-zwykla-2-marca-2025","status":"publish","type":"post","link":"http:\/\/www.elzbieta.archidiecezja.wroc.pl\/?p=3600","title":{"rendered":"\u00d3SMA NIEDZIELA ZWYK\u0141A &#8211; 2 marca 2025"},"content":{"rendered":"<p style=\"text-align: justify;\">1. Dzisiaj prze\u017cywamy <span style=\"color: #008000;\"><strong>\u00f3sm\u0105 niedziel\u0119 zwyk\u0142\u0105<\/strong><\/span><strong>.<\/strong><\/p>\n<p style=\"text-align: justify;\">Z okazji trwaj\u0105cego <span style=\"color: #ff6600;\"><strong>Roku Jubileuszowego 2025 <u>w pierwsze niedziele miesi\u0105ca<\/u> go\u015bcimy ksi\u0119\u017cy kanonik\u00f3w<\/strong><\/span><strong>, <\/strong>cz\u0142onk\u00f3w kapitu\u0142y przy naszej bazylice, kt\u00f3rzy <strong>g\u0142osz\u0105 S\u0142owo Bo\u017ce <\/strong><strong>na ka\u017cdej Mszy \u015bw. oraz pos\u0142uguj\u0105 w konfesjonale.<\/strong><strong> Dzi\u015b ser<\/strong><strong>decznie witamy <\/strong><span style=\"color: #ff6600;\"><strong>ksi\u0119dza<\/strong> <strong>kan. p\u0142k. dr. Tomasza SKUPNIA\u00a0<\/strong><\/span><strong>\u2013 proboszcza parafii wojskowej w Rembertowie, <\/strong><strong>Dziekana Dekanatu \u017bandarmerii Wojskowej.<\/strong><\/p>\n<p style=\"text-align: justify;\"><strong>K<\/strong><strong>si\u0119\u017ca kanonicy <\/strong>posiadaj\u0105 uprawnienia <strong>penitencjarza diecezjalnego, u<\/strong>powa\u017cniaj\u0105ce do udzielania rozgrzeszenia najci\u0119\u017cszych grzech\u00f3w.<br \/>\n<strong>Wierni mog\u0105 uzyska\u0107 <\/strong><span style=\"color: #ff6600;\"><strong>odpust zupe\u0142ny <\/strong><\/span><strong>m.in. <\/strong>za udzia\u0142 w organizowanych w naszej \u015bwi\u0105tyni <strong><span style=\"color: #ff6600;\">katechezach<\/span> <\/strong>po\u015bwi\u0119conym tekstom Soboru Watyka\u0144skiego II lub Katechizmu Ko\u015bcio\u0142a Katolickiego.<br \/>\n<strong>Najbli\u017csza<\/strong><strong> katecheza odb\u0119dzie si\u0119 <\/strong><strong><span style=\"color: #ff6600;\">dzi\u015b<\/span> <\/strong>(w niedziel\u0119 2 marca) <span style=\"color: #ff6600;\"><strong>po Mszy \u015bw.\u00a0 o godz. 10:00<\/strong><strong>. <\/strong><\/span>Serdecznie zapraszamy.<\/p>\n<p style=\"text-align: justify;\">2. <strong>W najbli\u017csz\u0105 <\/strong><strong>\u015brod\u0119 przypada <\/strong><span style=\"color: #800080;\"><strong>Popielec<\/strong> <\/span><strong>rozpoczynaj\u0105cy okres Wielkiego Postu. Msze\u00a0\u015bw. z\u00a0obrz\u0119dem posypania g\u0142\u00f3w popio\u0142em w naszej bazylice o\u00a0godz.\u00a0<\/strong><span style=\"color: #800080;\"><strong>7:00, 16:00 i 18:00<\/strong><\/span><strong>.<br \/>\n<\/strong>Przypominamy, \u017ce\u00a0wszystkich katolik\u00f3w od\u00a014.\u00a0roku \u017cycia obowi\u0105zuje <u>wstrzemi\u0119\u017aliwo\u015b\u0107 od pokarm\u00f3w mi\u0119snych we wszystkie pi\u0105tki roku<\/u> (z\u00a0wyj\u0105tkiem uroczysto\u015bci liturgicznych) <u>oraz\u00a0\u00a0w\u00a0Popielec<\/u>. Ponadto katolicy pomi\u0119dzy 18. rokiem \u017cycia\u00a0a\u00a0rozpocz\u0119ciem 60. roku \u017cycia zobowi\u0105zani s\u0105\u00a0do\u00a0postu ograniczaj\u0105cego si\u0119 do\u00a0jednego posi\u0142ku do syta i dw\u00f3ch lekkich w\u00a0ci\u0105gu dnia w\u00a0Popielec i w Wielki Pi\u0105tek. Post jest wyrazem zjednoczenia z\u00a0cierpi\u0105cym Zbawicielem oraz \u015brodkiem do\u00a0wewn\u0119trznego oczyszczenia.<\/p>\n<p style=\"text-align: justify;\"><strong>W odpowiedzi na pro\u015bb\u0119 Arcybiskupa Wroc\u0142awskiego, tego dnia <\/strong><span style=\"color: #800080;\"><strong>ofiary z\u0142o\u017cone na tac\u0119 <\/strong><strong>jako <\/strong><\/span><strong><span style=\"color: #800080;\">ja\u0142mu\u017cna Wielkopostna<\/span> <\/strong><strong>zostan\u0105 przeznaczone na <\/strong><strong><span style=\"color: #800080;\">dzie\u0142a mi\u0142osierdzia<\/span> <\/strong><strong>prowadzone przez Caritas Archidiecezji Wroc\u0142awskiej.<\/strong><\/p>\n<p style=\"text-align: justify;\">3. W dobrym prze\u017cywaniu Wielkiego Postu pomagaj\u0105 <strong>nabo\u017ce\u0144stwa pasyjne<\/strong>, na kt\u00f3re serdecznie zapraszamy:<br \/>\n<span style=\"color: #800080;\"><strong>Droga Krzy\u017cowa<\/strong> <strong>w ka\u017cdy pi\u0105tek o<\/strong>\u00a0<strong> 17:30<br \/>\n<\/strong><\/span>oraz <span style=\"color: #ff0000;\"><strong>Gorzkie \u017bale<\/strong>\u00a0<strong>w\u00a0ka\u017cd\u0105 niedziel\u0119 o<\/strong>\u00a0<strong>godz. 17:40<\/strong>.<\/span><\/p>\n<p style=\"text-align: justify;\">4. We wtorek 4 marca wspominamy <strong><em>\u015bw. Kazimierza &#8211;<\/em><\/strong><em> kr\u00f3lewicza.<\/em><\/p>\n<p style=\"text-align: justify;\">5. W tym tygodniu przypada<span style=\"color: #3366ff;\"> <strong>pierwszy czwartek <\/strong><\/span><strong>i<\/strong> <span style=\"color: #800080;\"><strong>pierwszy pi\u0105tek <\/strong><strong>miesi\u0105ca:<\/strong><\/span><strong><br \/>\n<\/strong>&#8211; w <strong><span style=\"color: #3366ff;\">pierwszy czwartek<\/span> <\/strong>zapraszamy na ca\u0142odzienn\u0105 <strong>adoracj\u0119 Naj\u015bwi\u0119tszego Sakramentu,<br \/>\n<\/strong>&#8211; w <span style=\"color: #800080;\"><strong>pierwszy pi\u0105tek <\/strong><\/span>zach\u0119camy do skorzystania z <strong>sakramentu pokuty i pojednania.<br \/>\n<\/strong><strong>W pierwszy pi\u0105tek Wielkiego Postu <\/strong>po raz kolejny b\u0119dziemy obchodzi\u0107 <span style=\"color: #800080;\"><strong>Dzie\u0144 modlitwy i solidarno\u015bci z osobami skrzywdzonymi<\/strong>.<\/span><\/p>\n<p style=\"text-align: justify;\">6. W przysz\u0142\u0105 niedziel\u0119 <strong>9 marca po Mszy \u015bw. o godz. 10:00<\/strong> odb\u0119dzie si\u0119 <strong><span style=\"color: #008000;\">spotkanie<\/span> <\/strong>rodzic\u00f3w oraz <span style=\"color: #008000;\"><strong>dzieci<\/strong> <strong>przygotowuj\u0105cych si\u0119 do przyj\u0119cia I Komunii \u015awi\u0119tej<\/strong>.<\/span><\/p>\n<p style=\"text-align: justify;\"><strong>7. Solenizantom i jubilatom <\/strong>rozpoczynaj\u0105cego si\u0119 tygodnia \u017cyczymy zdrowia, potrzebnych \u0142ask oraz Bo\u017cego b\u0142ogos\u0142awie\u0144stwa.<\/p>\n<p style=\"text-align: justify;\"><strong><u>Komunikat Biskupa Polowego<\/u><\/strong><\/p>\n<p style=\"text-align: justify;\">W dniach od 8 do 9 lutego br. grupa oko\u0142o 500 \u017co\u0142nierzy i funkcjonariuszy s\u0142u\u017cb mundurowych z Polski wzi\u0119\u0142a udzia\u0142 w pielgrzymce do Rzymu na zaproszenie papie\u017ca Franciszka z okazji Roku Jubileuszowego. Mam jeszcze \u017cywo w pami\u0119ci Msz\u0119 \u015bw. celebrowan\u0105 przez Ojca \u015awi\u0119tego na placu \u015bw. Piotra w intencji pielgrzym\u00f3w, w tym za wszystkie formacje mundurowe i wiernych naszego Ordynariatu Polowego. Tym bardziej w tych dniach, w kt\u00f3rych papie\u017c zmaga si\u0119 z ci\u0119\u017ck\u0105 chorob\u0105, czuj\u0119 si\u0119 zobowi\u0105zany do poproszenia Was wszystkich o modlitw\u0119 w jego intencji. Proponuj\u0119, aby otacza\u0107 Ojca \u015awi\u0119tego modlitw\u0105 w godzinie Apelu Jasnog\u00f3rskiego. Ufam, \u017ce solidarne pro\u015bby zanoszone do Boga przez wstawiennictwo Matki Bo\u017cej umocni\u0105 nasz\u0105 wi\u0119\u017a z papie\u017cem Franciszkiem<br \/>\ni wyjednaj\u0105 mu \u0142ask\u0119 szybkiego powrotu do zdrowia.<\/p>\n<p style=\"text-align: justify;\"><em>\u00a0<\/em><em>bp Wies\u0142aw LECHOWICZ<\/em><\/p>\n<p style=\"text-align: justify;\">\n","protected":false},"excerpt":{"rendered":"<p>1. Dzisiaj prze\u017cywamy \u00f3sm\u0105 niedziel\u0119 zwyk\u0142\u0105. Z okazji trwaj\u0105cego Roku Jubileuszowego 2025 w pierwsze niedziele miesi\u0105ca go\u015bcimy ksi\u0119\u017cy kanonik\u00f3w, cz\u0142onk\u00f3w kapitu\u0142y przy naszej bazylice, kt\u00f3rzy g\u0142osz\u0105 S\u0142owo Bo\u017ce na ka\u017cdej Mszy \u015bw. oraz pos\u0142uguj\u0105 w konfesjonale. Dzi\u015b serdecznie witamy ksi\u0119dza kan. p\u0142k. dr. Tomasza SKUPNIA\u00a0\u2013 proboszcza parafii wojskowej w Rembertowie, Dziekana Dekanatu \u017bandarmerii Wojskowej. Ksi\u0119\u017ca [&hellip;]<\/p>\n","protected":false},"author":3,"featured_media":3601,"comment_status":"closed","ping_status":"closed","sticky":false,"template":"","format":"standard","meta":[],"categories":[35],"tags":[],"_links":{"self":[{"href":"http:\/\/www.elzbieta.archidiecezja.wroc.pl\/index.php?rest_route=\/wp\/v2\/posts\/3600"}],"collection":[{"href":"http:\/\/www.elzbieta.archidiecezja.wroc.pl\/index.php?rest_route=\/wp\/v2\/posts"}],"about":[{"href":"http:\/\/www.elzbieta.archidiecezja.wroc.pl\/index.php?rest_route=\/wp\/v2\/types\/post"}],"author":[{"embeddable":true,"href":"http:\/\/www.elzbieta.archidiecezja.wroc.pl\/index.php?rest_route=\/wp\/v2\/users\/3"}],"replies":[{"embeddable":true,"href":"http:\/\/www.elzbieta.archidiecezja.wroc.pl\/index.php?rest_route=%2Fwp%2Fv2%2Fcomments&post=3600"}],"version-history":[{"count":2,"href":"http:\/\/www.elzbieta.archidiecezja.wroc.pl\/index.php?rest_route=\/wp\/v2\/posts\/3600\/revisions"}],"predecessor-version":[{"id":3603,"href":"http:\/\/www.elzbieta.archidiecezja.wroc.pl\/index.php?rest_route=\/wp\/v2\/posts\/3600\/revisions\/3603"}],"wp:featuredmedia":[{"embeddable":true,"href":"http:\/\/www.elzbieta.archidiecezja.wroc.pl\/index.php?rest_route=\/wp\/v2\/media\/3601"}],"wp:attachment":[{"href":"http:\/\/www.elzbieta.archidiecezja.wroc.pl\/index.php?rest_route=%2Fwp%2Fv2%2Fmedia&parent=3600"}],"wp:term":[{"taxonomy":"category","embeddable":true,"href":"http:\/\/www.elzbieta.archidiecezja.wroc.pl\/index.php?rest_route=%2Fwp%2Fv2%2Fcategories&post=3600"},{"taxonomy":"post_tag","embeddable":true,"href":"http:\/\/www.elzbieta.archidiecezja.wroc.pl\/index.php?rest_route=%2Fwp%2Fv2%2Ftags&post=3600"}],"curies":[{"name":"wp","href":"https:\/\/api.w.org\/{rel}","templated":true}]}}