{"id":3585,"date":"2025-02-22T16:43:17","date_gmt":"2025-02-22T15:43:17","guid":{"rendered":"http:\/\/www.elzbieta.archidiecezja.wroc.pl\/?p=3585"},"modified":"2025-02-22T08:49:18","modified_gmt":"2025-02-22T07:49:18","slug":"siodma-niedziela-zwykla-23-lutego-2025","status":"publish","type":"post","link":"http:\/\/www.elzbieta.archidiecezja.wroc.pl\/?p=3585","title":{"rendered":"SI\u00d3DMA NIEDZIELA ZWYK\u0141A &#8211; 23 lutego 2025"},"content":{"rendered":"<p style=\"text-align: justify;\">1. Dzisiaj prze\u017cywamy <span style=\"color: #008000;\"><strong>si\u00f3dm\u0105 niedziel\u0119 zwyk\u0142\u0105.<\/strong><\/span><\/p>\n<p style=\"text-align: justify;\">2. Serdecznie zapraszamy do naszej bazyliki na <span style=\"color: #003366;\"><strong>koncert organowy w najbli\u017cszy pi\u0105tek 28 lutego o godz. 19:00.<\/strong> <\/span>Wst\u0119p wolny.<\/p>\n<p style=\"text-align: justify;\">3. W tym tygodniu przypada <span style=\"color: #3366ff;\"><strong>pierwsza sobota miesi\u0105ca:<\/strong><\/span><\/p>\n<p style=\"text-align: justify;\">&#8211; po Mszy \u015bw. porannej zapraszamy do udzia\u0142u w\u00a0<span style=\"color: #3366ff;\"><strong>nabo\u017ce\u0144stwie wynagradzaj\u0105cym Niepokalanemu Sercu Maryi.<\/strong><\/span><\/p>\n<p style=\"text-align: justify;\">Jest to r\u00f3wnie\u017c <span style=\"color: #ff0000;\"><strong>Narodowy Dzie\u0144 Pami\u0119ci \u201e\u017bo\u0142nierzy Wykl\u0119tych\u201d<\/strong><\/span> pami\u0119tajmy w modlitwie o Bohaterach Naszej Ojczyzny.<\/p>\n<p style=\"text-align: justify;\">4. Z okazji trwaj\u0105cego <strong><span style=\"color: #ff6600;\">Roku Jubileuszowego 2025 <u>w pierwsze niedziele miesi\u0105ca<\/u> go\u015bcimy ksi\u0119\u017cy kanonik\u00f3w<\/span><\/strong>, cz\u0142onk\u00f3w kapitu\u0142y przy naszej bazylice, kt\u00f3rzy <strong>g\u0142osz\u0105 S\u0142owo Bo\u017ce na ka\u017cdej Mszy \u015bw. oraz pos\u0142uguj\u0105 w konfesjonale.<\/strong><\/p>\n<p style=\"text-align: justify;\">\u00a0<strong> <u>Przypominamy, \u017ce zgodnie z dekretem biskupa polowego:<\/u><\/strong><\/p>\n<p style=\"text-align: justify;\">&#8211; <strong>ksi\u0119\u017ca kanonicy<\/strong> posiadaj\u0105 uprawnienia <strong>penitencjarza diecezjalnego<\/strong>, upowa\u017cniaj\u0105ce do udzielania rozgrzeszenia najci\u0119\u017cszych grzech\u00f3w;<\/p>\n<p style=\"text-align: justify;\">&#8211; <strong>wierni mog\u0105 uzyska\u0107 odpust zupe\u0142ny je\u015bli:<\/strong><\/p>\n<p>a) odb\u0119d\u0105 <strong>pielgrzymk\u0119<\/strong> do katedry polowej w Warszawie lub bazyliki mniejszej pw. \u015bw. El\u017cbiety we Wroc\u0142awiu, albo<\/p>\n<p>b) odprawi\u0105 w wy\u017cej wymienionych \u015bwi\u0105tyniach przez odpowiedni czas <strong>adoracj\u0119 eucharystyczn\u0105 i rozmy\u015blanie<\/strong> zako\u0144czone modlitw\u0105 \u201eOjcze Nasz\u201d, \u201eWierz\u0119 w Boga\u201d, \u201ePod Twoj\u0105 obron\u0119\u201d lub \u201eZdrowa\u015b Mario\u201d, albo<\/p>\n<p>c) wezm\u0105 udzia\u0142 w organizowanych w powy\u017cszych \u015bwi\u0105tyniach <span style=\"color: #ff6600;\"><strong>katechezach<\/strong> <\/span>po\u015bwi\u0119conym tekstom Soboru Watyka\u0144skiego II lub Katechizmu Ko\u015bcio\u0142a Katolickiego.<\/p>\n<p style=\"text-align: justify;\">W naszej bazylice <strong>najbli\u017csza<\/strong> <span style=\"color: #ff6600;\"><strong>katecheza<\/strong> <\/span><strong>odb\u0119dzie si\u0119 <span style=\"color: #ff6600;\">w przysz\u0142\u0105 niedziel\u0119 <\/span><\/strong><span style=\"color: #ff6600;\"><strong>2 marca po Mszy \u015bw.\u00a0 o godz. 10:00. <\/strong><\/span>Ju\u017c dzi\u015b serdecznie zapraszamy.<\/p>\n<p style=\"text-align: justify;\">5.\u00a0 <strong>Solenizantom i jubilatom<\/strong> rozpoczynaj\u0105cego si\u0119 tygodnia \u017cyczymy zdrowia, potrzebnych \u0142ask oraz Bo\u017cego b\u0142ogos\u0142awie\u0144stwa.<\/p>\n","protected":false},"excerpt":{"rendered":"<p>1. Dzisiaj prze\u017cywamy si\u00f3dm\u0105 niedziel\u0119 zwyk\u0142\u0105. 2. Serdecznie zapraszamy do naszej bazyliki na koncert organowy w najbli\u017cszy pi\u0105tek 28 lutego o godz. 19:00. Wst\u0119p wolny. 3. W tym tygodniu przypada pierwsza sobota miesi\u0105ca: &#8211; po Mszy \u015bw. porannej zapraszamy do udzia\u0142u w\u00a0nabo\u017ce\u0144stwie wynagradzaj\u0105cym Niepokalanemu Sercu Maryi. Jest to r\u00f3wnie\u017c Narodowy Dzie\u0144 Pami\u0119ci \u201e\u017bo\u0142nierzy Wykl\u0119tych\u201d pami\u0119tajmy [&hellip;]<\/p>\n","protected":false},"author":3,"featured_media":1369,"comment_status":"closed","ping_status":"closed","sticky":false,"template":"","format":"standard","meta":[],"categories":[35],"tags":[],"_links":{"self":[{"href":"http:\/\/www.elzbieta.archidiecezja.wroc.pl\/index.php?rest_route=\/wp\/v2\/posts\/3585"}],"collection":[{"href":"http:\/\/www.elzbieta.archidiecezja.wroc.pl\/index.php?rest_route=\/wp\/v2\/posts"}],"about":[{"href":"http:\/\/www.elzbieta.archidiecezja.wroc.pl\/index.php?rest_route=\/wp\/v2\/types\/post"}],"author":[{"embeddable":true,"href":"http:\/\/www.elzbieta.archidiecezja.wroc.pl\/index.php?rest_route=\/wp\/v2\/users\/3"}],"replies":[{"embeddable":true,"href":"http:\/\/www.elzbieta.archidiecezja.wroc.pl\/index.php?rest_route=%2Fwp%2Fv2%2Fcomments&post=3585"}],"version-history":[{"count":2,"href":"http:\/\/www.elzbieta.archidiecezja.wroc.pl\/index.php?rest_route=\/wp\/v2\/posts\/3585\/revisions"}],"predecessor-version":[{"id":3587,"href":"http:\/\/www.elzbieta.archidiecezja.wroc.pl\/index.php?rest_route=\/wp\/v2\/posts\/3585\/revisions\/3587"}],"wp:featuredmedia":[{"embeddable":true,"href":"http:\/\/www.elzbieta.archidiecezja.wroc.pl\/index.php?rest_route=\/wp\/v2\/media\/1369"}],"wp:attachment":[{"href":"http:\/\/www.elzbieta.archidiecezja.wroc.pl\/index.php?rest_route=%2Fwp%2Fv2%2Fmedia&parent=3585"}],"wp:term":[{"taxonomy":"category","embeddable":true,"href":"http:\/\/www.elzbieta.archidiecezja.wroc.pl\/index.php?rest_route=%2Fwp%2Fv2%2Fcategories&post=3585"},{"taxonomy":"post_tag","embeddable":true,"href":"http:\/\/www.elzbieta.archidiecezja.wroc.pl\/index.php?rest_route=%2Fwp%2Fv2%2Ftags&post=3585"}],"curies":[{"name":"wp","href":"https:\/\/api.w.org\/{rel}","templated":true}]}}