{"id":3583,"date":"2025-02-15T14:53:52","date_gmt":"2025-02-15T13:53:52","guid":{"rendered":"http:\/\/www.elzbieta.archidiecezja.wroc.pl\/?p=3583"},"modified":"2025-02-15T14:53:52","modified_gmt":"2025-02-15T13:53:52","slug":"szosta-niedziela-zwykla-16-lutego-2025","status":"publish","type":"post","link":"http:\/\/www.elzbieta.archidiecezja.wroc.pl\/?p=3583","title":{"rendered":"SZ\u00d3STA NIEDZIELA ZWYK\u0141A &#8211; 16 lutego 2025"},"content":{"rendered":"<p style=\"text-align: justify;\">1. Dzisiaj prze\u017cywamy <span style=\"color: #008000;\"><strong>sz\u00f3st\u0105 niedziel\u0119 zwyk\u0142\u0105<\/strong><\/span>.<\/p>\n<p style=\"text-align: justify;\">2. W sobot\u0119 22 lutego obchodzimy \u015bwi\u0119to <strong>Katedry \u015awi\u0119tego Piotra<\/strong>.<\/p>\n<p style=\"text-align: justify;\">3. Z okazji trwaj\u0105cego <span style=\"color: #0000ff;\"><strong>Roku Jubileuszowego 2025 <u>w pierwsze niedziele miesi\u0105ca<\/u><\/strong> <strong>go\u015bcimy ksi\u0119\u017cy kanonik\u00f3w<\/strong><\/span>, cz\u0142onk\u00f3w kapitu\u0142y przy naszej bazylice, kt\u00f3rzy g\u0142osz\u0105 S\u0142owo Bo\u017ce na ka\u017cdej Mszy \u015bw. oraz pos\u0142uguj\u0105 w konfesjonale.<\/p>\n<p style=\"text-align: justify;\">\u00a0\u00a0<strong><u>Przypominamy, \u017ce zgodnie z dekretem biskupa polowego:<\/u><\/strong><\/p>\n<p style=\"text-align: justify;\">&#8211; <strong>ksi\u0119\u017ca kanonicy<\/strong> posiadaj\u0105 uprawnienia <strong>penitencjarza diecezjalnego<\/strong>, upowa\u017cniaj\u0105ce do udzielania rozgrzeszenia najci\u0119\u017cszych grzech\u00f3w;<\/p>\n<p style=\"text-align: justify;\">&#8211; <strong>wierni mog\u0105 uzyska\u0107 odpust zupe\u0142ny je\u015bli:<\/strong><\/p>\n<p style=\"text-align: justify;\">a) odb\u0119d\u0105 <strong>pielgrzymk\u0119<\/strong> do katedry polowej w Warszawie lub bazyliki mniejszej pw. \u015bw. El\u017cbiety we Wroc\u0142awiu, albo<\/p>\n<p style=\"text-align: justify;\">b) odprawi\u0105 w wy\u017cej wymienionych \u015bwi\u0105tyniach przez odpowiedni czas <strong>adoracj\u0119 eucharystyczn\u0105 i rozmy\u015blanie<\/strong> zako\u0144czone modlitw\u0105 \u201eOjcze Nasz\u201d, \u201eWierz\u0119 w Boga\u201d, \u201ePod Twoj\u0105 obron\u0119\u201d lub \u201eZdrowa\u015b Mario\u201d, albo<\/p>\n<p style=\"text-align: justify;\">c) wezm\u0105 udzia\u0142 w organizowanych w powy\u017cszych \u015bwi\u0105tyniach <span style=\"color: #0000ff;\"><strong>katechezach<\/strong><\/span> po\u015bwi\u0119conym tekstom Soboru Watyka\u0144skiego II lub Katechizmu Ko\u015bcio\u0142a Katolickiego.<\/p>\n<p style=\"text-align: justify;\">W naszej bazylice <strong>najbli\u017csza <span style=\"color: #0000ff;\">katecheza<\/span> odb\u0119dzie si\u0119 w niedziel\u0119 <span style=\"color: #0000ff;\">2 marca po Mszy \u015bw.\u00a0 o godz. 10:00<\/span>.<\/strong> Ju\u017c dzi\u015b serdecznie zapraszamy.<\/p>\n<p style=\"text-align: justify;\">4. Podczas ostatniej kwesty wolontariusze Parafialnego <span style=\"color: #ff0000;\"><strong>Caritas <\/strong><\/span>zebrali do\u00a0puszek <strong>1.385 <\/strong>z\u0142. <strong>B\u00f3g zap\u0142a\u0107 za z\u0142o\u017cone ofiary.<\/strong><\/p>\n<p style=\"text-align: justify;\">5. <strong>Solenizantom i jubilatom <\/strong>rozpoczynaj\u0105cego si\u0119 tygodnia \u017cyczymy zdrowia, potrzebnych \u0142ask oraz Bo\u017cego b\u0142ogos\u0142awie\u0144stwa.<\/p>\n","protected":false},"excerpt":{"rendered":"<p>1. Dzisiaj prze\u017cywamy sz\u00f3st\u0105 niedziel\u0119 zwyk\u0142\u0105. 2. W sobot\u0119 22 lutego obchodzimy \u015bwi\u0119to Katedry \u015awi\u0119tego Piotra. 3. Z okazji trwaj\u0105cego Roku Jubileuszowego 2025 w pierwsze niedziele miesi\u0105ca go\u015bcimy ksi\u0119\u017cy kanonik\u00f3w, cz\u0142onk\u00f3w kapitu\u0142y przy naszej bazylice, kt\u00f3rzy g\u0142osz\u0105 S\u0142owo Bo\u017ce na ka\u017cdej Mszy \u015bw. oraz pos\u0142uguj\u0105 w konfesjonale. \u00a0\u00a0Przypominamy, \u017ce zgodnie z dekretem biskupa polowego: &#8211; [&hellip;]<\/p>\n","protected":false},"author":3,"featured_media":1705,"comment_status":"closed","ping_status":"closed","sticky":false,"template":"","format":"standard","meta":[],"categories":[35],"tags":[],"_links":{"self":[{"href":"http:\/\/www.elzbieta.archidiecezja.wroc.pl\/index.php?rest_route=\/wp\/v2\/posts\/3583"}],"collection":[{"href":"http:\/\/www.elzbieta.archidiecezja.wroc.pl\/index.php?rest_route=\/wp\/v2\/posts"}],"about":[{"href":"http:\/\/www.elzbieta.archidiecezja.wroc.pl\/index.php?rest_route=\/wp\/v2\/types\/post"}],"author":[{"embeddable":true,"href":"http:\/\/www.elzbieta.archidiecezja.wroc.pl\/index.php?rest_route=\/wp\/v2\/users\/3"}],"replies":[{"embeddable":true,"href":"http:\/\/www.elzbieta.archidiecezja.wroc.pl\/index.php?rest_route=%2Fwp%2Fv2%2Fcomments&post=3583"}],"version-history":[{"count":1,"href":"http:\/\/www.elzbieta.archidiecezja.wroc.pl\/index.php?rest_route=\/wp\/v2\/posts\/3583\/revisions"}],"predecessor-version":[{"id":3584,"href":"http:\/\/www.elzbieta.archidiecezja.wroc.pl\/index.php?rest_route=\/wp\/v2\/posts\/3583\/revisions\/3584"}],"wp:featuredmedia":[{"embeddable":true,"href":"http:\/\/www.elzbieta.archidiecezja.wroc.pl\/index.php?rest_route=\/wp\/v2\/media\/1705"}],"wp:attachment":[{"href":"http:\/\/www.elzbieta.archidiecezja.wroc.pl\/index.php?rest_route=%2Fwp%2Fv2%2Fmedia&parent=3583"}],"wp:term":[{"taxonomy":"category","embeddable":true,"href":"http:\/\/www.elzbieta.archidiecezja.wroc.pl\/index.php?rest_route=%2Fwp%2Fv2%2Fcategories&post=3583"},{"taxonomy":"post_tag","embeddable":true,"href":"http:\/\/www.elzbieta.archidiecezja.wroc.pl\/index.php?rest_route=%2Fwp%2Fv2%2Ftags&post=3583"}],"curies":[{"name":"wp","href":"https:\/\/api.w.org\/{rel}","templated":true}]}}