{"id":3579,"date":"2025-02-08T13:25:39","date_gmt":"2025-02-08T12:25:39","guid":{"rendered":"http:\/\/www.elzbieta.archidiecezja.wroc.pl\/?p=3579"},"modified":"2025-02-08T13:25:39","modified_gmt":"2025-02-08T12:25:39","slug":"piata-niedziela-zwykla-9-lutego-2025","status":"publish","type":"post","link":"http:\/\/www.elzbieta.archidiecezja.wroc.pl\/?p=3579","title":{"rendered":"PI\u0104TA NIEDZIELA ZWYK\u0141A &#8211; 9 lutego 2025"},"content":{"rendered":"<p style=\"text-align: justify;\">1. Dzisiaj prze\u017cywamy <span style=\"color: #008000;\"><strong>pi\u0105t\u0105 niedziel\u0119 zwyk\u0142\u0105<\/strong><\/span> w ci\u0105gu roku.<\/p>\n<p style=\"text-align: justify;\">2. We <strong><span style=\"color: #0000ff;\">wtorek<\/span><\/strong><span style=\"color: #0000ff;\"> <strong>11 lutego<\/strong><\/span> przypada liturgiczne <strong>wspomnienie <\/strong><span style=\"color: #0000ff;\"><strong>Naj\u015bwi\u0119tszej Maryi Panny z\u00a0Lourdes<\/strong><\/span><strong>, <\/strong>obchodzone jako\u00a0<strong><span style=\"color: #0000ff;\">\u015awiatowy Dzie\u0144 Chorego<\/span>.<\/strong><\/p>\n<p style=\"text-align: justify;\"><strong>Zapraszamy na uroczyst\u0105 <span style=\"color: #ff6600;\">Msz\u0119 \u015bw. o\u00a0godz.<\/span><\/strong><span style=\"color: #ff6600;\">\u00a0<strong>18:00<\/strong><strong> z udzieleniem <\/strong><strong>sakramentu namaszczenia chorych<\/strong><\/span>. Sakrament ten mog\u0105 przyj\u0105\u0107 osoby chore i w podesz\u0142ym wieku, b\u0119d\u0105ce w stanie \u0142aski u\u015bwi\u0119caj\u0105cej. Prosimy rodziny oraz s\u0105siad\u00f3w, aby pomog\u0142y chorym i\u00a0starszym w dotarciu do \u015bwi\u0105tyni.<\/p>\n<p style=\"text-align: justify;\">3. W pi\u0105tek <strong>14 lutego<\/strong> obchodzi\u0107 b\u0119dziemy po raz pierwszy <span style=\"color: #ff0000;\"><strong>Narodowy Dzie\u0144 Pami\u0119ci \u017bo\u0142nierzy Armii Krajowej<\/strong><\/span><strong>. <\/strong>Pami\u0119tajmy w naszych modlitwach o bohaterach Naszej Ojczyzny.<\/p>\n<p style=\"text-align: justify;\">4. <strong>W tym tygodniu wspominamy:<\/strong><\/p>\n<p style=\"text-align: justify;\">\u2013 w poniedzia\u0142ek <em><strong>\u015bw. Scholastyk\u0119<\/strong><\/em><em>,<\/em><\/p>\n<p style=\"text-align: justify;\">\u2013 w pi\u0105tek <strong><em>\u015bw. Cyryla i Metodego <\/em><\/strong><em>&#8211; Patron\u00f3w Europy.<\/em><\/p>\n<p style=\"text-align: justify;\">5. Dzi\u015b wolontariusze parafialnego <span style=\"color: #ff0000;\"><strong>Caritas<\/strong> <\/span>zbieraj\u0105 do puszek <strong>ofiary na pomoc dla\u00a0rodzin w trudnej sytuacji materialnej.<\/strong><\/p>\n<p style=\"text-align: justify;\">6. <strong>Solenizantom i jubilatom <\/strong>rozpoczynaj\u0105cego si\u0119 tygodnia \u017cyczymy zdrowia, potrzebnych \u0142ask oraz Bo\u017cego b\u0142ogos\u0142awie\u0144stwa.<\/p>\n","protected":false},"excerpt":{"rendered":"<p>1. Dzisiaj prze\u017cywamy pi\u0105t\u0105 niedziel\u0119 zwyk\u0142\u0105 w ci\u0105gu roku. 2. We wtorek 11 lutego przypada liturgiczne wspomnienie Naj\u015bwi\u0119tszej Maryi Panny z\u00a0Lourdes, obchodzone jako\u00a0\u015awiatowy Dzie\u0144 Chorego. Zapraszamy na uroczyst\u0105 Msz\u0119 \u015bw. o\u00a0godz.\u00a018:00 z udzieleniem sakramentu namaszczenia chorych. Sakrament ten mog\u0105 przyj\u0105\u0107 osoby chore i w podesz\u0142ym wieku, b\u0119d\u0105ce w stanie \u0142aski u\u015bwi\u0119caj\u0105cej. Prosimy rodziny oraz s\u0105siad\u00f3w, [&hellip;]<\/p>\n","protected":false},"author":3,"featured_media":1276,"comment_status":"closed","ping_status":"closed","sticky":false,"template":"","format":"standard","meta":[],"categories":[35],"tags":[],"_links":{"self":[{"href":"http:\/\/www.elzbieta.archidiecezja.wroc.pl\/index.php?rest_route=\/wp\/v2\/posts\/3579"}],"collection":[{"href":"http:\/\/www.elzbieta.archidiecezja.wroc.pl\/index.php?rest_route=\/wp\/v2\/posts"}],"about":[{"href":"http:\/\/www.elzbieta.archidiecezja.wroc.pl\/index.php?rest_route=\/wp\/v2\/types\/post"}],"author":[{"embeddable":true,"href":"http:\/\/www.elzbieta.archidiecezja.wroc.pl\/index.php?rest_route=\/wp\/v2\/users\/3"}],"replies":[{"embeddable":true,"href":"http:\/\/www.elzbieta.archidiecezja.wroc.pl\/index.php?rest_route=%2Fwp%2Fv2%2Fcomments&post=3579"}],"version-history":[{"count":1,"href":"http:\/\/www.elzbieta.archidiecezja.wroc.pl\/index.php?rest_route=\/wp\/v2\/posts\/3579\/revisions"}],"predecessor-version":[{"id":3580,"href":"http:\/\/www.elzbieta.archidiecezja.wroc.pl\/index.php?rest_route=\/wp\/v2\/posts\/3579\/revisions\/3580"}],"wp:featuredmedia":[{"embeddable":true,"href":"http:\/\/www.elzbieta.archidiecezja.wroc.pl\/index.php?rest_route=\/wp\/v2\/media\/1276"}],"wp:attachment":[{"href":"http:\/\/www.elzbieta.archidiecezja.wroc.pl\/index.php?rest_route=%2Fwp%2Fv2%2Fmedia&parent=3579"}],"wp:term":[{"taxonomy":"category","embeddable":true,"href":"http:\/\/www.elzbieta.archidiecezja.wroc.pl\/index.php?rest_route=%2Fwp%2Fv2%2Fcategories&post=3579"},{"taxonomy":"post_tag","embeddable":true,"href":"http:\/\/www.elzbieta.archidiecezja.wroc.pl\/index.php?rest_route=%2Fwp%2Fv2%2Ftags&post=3579"}],"curies":[{"name":"wp","href":"https:\/\/api.w.org\/{rel}","templated":true}]}}