{"id":3575,"date":"2025-02-01T17:16:34","date_gmt":"2025-02-01T16:16:34","guid":{"rendered":"http:\/\/www.elzbieta.archidiecezja.wroc.pl\/?p=3575"},"modified":"2025-02-01T17:17:39","modified_gmt":"2025-02-01T16:17:39","slug":"ogloszenia-duszpasterskie-2-lutego-2025","status":"publish","type":"post","link":"http:\/\/www.elzbieta.archidiecezja.wroc.pl\/?p=3575","title":{"rendered":"Og\u0142oszenia Duszpasterskie &#8211; 2 lutego 2025"},"content":{"rendered":"<p style=\"text-align: justify;\">1. Dzisiaj prze\u017cywamy\u00a0<span style=\"color: #3366ff;\"><strong>Ofiarowanie Pa\u0144skie<\/strong><\/span>, nazywane r\u00f3wnie\u017c \u015bwi\u0119tem <strong>Matki Bo\u017cej Gromnicznej<\/strong>. Na rozpocz\u0119cie ka\u017cdej Mszy \u015awi\u0119tej <span style=\"color: #ff0000;\"><strong>pob\u0142ogos\u0142awimy \u015bwiece<\/strong><\/span>.<\/p>\n<p style=\"text-align: justify;\">W naszej parafii go\u015bcimy Ks. kan. p\u0142k. Mariusza Stolarczyka, kt\u00f3ry dzisiaj S\u0142owo Bo\u017ce w ramach trwaj\u0105cego Nadzwyczajnego Roku Jubileuszowego.<\/p>\n<p style=\"text-align: justify;\"><strong>Dzi\u015b<\/strong> obchodzimy\u00a0<strong>\u015awiatowy Dzie\u0144 \u017bycia Konsekrowanego, ofiary z\u0142o\u017cone na tac\u0119 zostanie przeznaczona na wparcie zakon\u00f3w kontemplacyjnych<\/strong>. Dzi\u0119kujemy Panu Bogu za powo\u0142ania do \u017cycia zakonnego w\u00a0Ko\u015bciele, za siostry i braci zakonnych i\u00a0inne osoby konsekrowane. <span style=\"color: #0000ff;\"><strong>Po ka\u017cdej Mszy \u015bw. zapraszamy na kr\u00f3tk\u0105 prelekcj\u0119 po\u015bwi\u0119con\u0105 historii Obrazu Matki Bo\u017cej \u0141askawej.<\/strong><\/span><\/p>\n<p style=\"text-align: justify;\">2. W ramach obchod\u00f3w <strong>Roku Jubileuszowego 2025<\/strong> w dniach <span style=\"color: #ff6600;\"><strong>31 stycznia \u2013 8 lutego<\/strong><\/span> go\u015bcimy <strong>w naszej Parafii<\/strong> <span style=\"color: #0000ff;\"><strong>Obraz<\/strong> <strong>Matki Bo\u017cej \u0141askawej<\/strong><\/span><strong> Patronki Warszawy i Stra\u017cniczki Polski, <\/strong>peregrynuj\u0105cy po parafiach Ordynariatu Polowego.<\/p>\n<p style=\"text-align: justify;\">W tym okresie zapraszamy codziennie na <strong>koronk\u0119 do Mi\u0142osierdzia Bo\u017cego o godzinie 15:00<\/strong>. Po koronce Adoracja Naj\u015bwi\u0119tszego Sakramentu. <strong>O 17:30 r\u00f3\u017caniec<\/strong>.<\/p>\n<p style=\"text-align: justify;\"><span style=\"color: #ff0000;\"><strong>W sobot\u0119 8 lutego<\/strong> <\/span>podczas porannej Mszy \u015bw. o <span style=\"color: #ff0000;\"><strong>8:00 po\u017cegnamy<\/strong><\/span> <span style=\"color: #0000ff;\"><strong>Obraz<\/strong> <\/span><strong><span style=\"color: #0000ff;\">Matki Bo\u017cej \u0141askawej<\/span>.<\/strong><\/p>\n<p style=\"text-align: justify;\">3. W tym tygodniu przypada<strong> pierwszy czwartek <\/strong>oraz<strong> pierwszy pi\u0105tek <\/strong>miesi\u0105ca<\/p>\n<p style=\"text-align: justify;\">&#8211; <span style=\"color: #ff6600;\"><strong><u>w pierwszy czwartek<\/u><\/strong><\/span> zapraszamy na ca\u0142odzienn\u0105 <strong>adoracj\u0119 Naj\u015bwi\u0119tszego Sakramentu<\/strong>,<br \/>\n&#8211; <span style=\"color: #800080;\"><strong><u>w pierwszy pi\u0105tek<\/u><\/strong><\/span> zach\u0119camy do skorzystania z <strong>sakramentu pokuty i pojednania.<\/strong><\/p>\n<p style=\"text-align: justify;\">4. <strong>W tym tygodniu wspominamy:<\/strong><\/p>\n<p style=\"text-align: justify;\">\u2013 w \u015brod\u0119 <strong><em>\u015bw. Agat\u0119<\/em><\/strong><em>,<\/em><\/p>\n<p style=\"text-align: justify;\">\u2013 w czwartek \u00a0<strong><em>\u015bw. m\u0119czennik\u00f3w: Paw\u0142a Mik\u0119 i Towarzyszy<\/em><\/strong><em>.<\/em><\/p>\n<p style=\"text-align: justify;\">5. <strong>Solenizantom i jubilatom <\/strong>rozpoczynaj\u0105cego si\u0119 tygodnia \u017cyczymy zdrowia, potrzebnych \u0142ask oraz Bo\u017cego b\u0142ogos\u0142awie\u0144stwa.<\/p>\n<p><a href=\"http:\/\/www.elzbieta.archidiecezja.wroc.pl\/wp-content\/uploads\/2025\/01\/perygrynacja.png\"><img decoding=\"async\" loading=\"lazy\" class=\"alignnone size-full wp-image-3571\" src=\"http:\/\/www.elzbieta.archidiecezja.wroc.pl\/wp-content\/uploads\/2025\/01\/perygrynacja.png\" alt=\"\" srcset=\"http:\/\/www.elzbieta.archidiecezja.wroc.pl\/wp-content\/uploads\/2025\/01\/perygrynacja.png 1426w, http:\/\/www.elzbieta.archidiecezja.wroc.pl\/wp-content\/uploads\/2025\/01\/perygrynacja-300x212.png 300w, http:\/\/www.elzbieta.archidiecezja.wroc.pl\/wp-content\/uploads\/2025\/01\/perygrynacja-1024x725.png 1024w, http:\/\/www.elzbieta.archidiecezja.wroc.pl\/wp-content\/uploads\/2025\/01\/perygrynacja-768x543.png 768w\" sizes=\"(max-width: 1426px) 100vw, 1426px\" \/><\/a><\/p>\n","protected":false},"excerpt":{"rendered":"<p>1. Dzisiaj prze\u017cywamy\u00a0Ofiarowanie Pa\u0144skie, nazywane r\u00f3wnie\u017c \u015bwi\u0119tem Matki Bo\u017cej Gromnicznej. Na rozpocz\u0119cie ka\u017cdej Mszy \u015awi\u0119tej pob\u0142ogos\u0142awimy \u015bwiece. W naszej parafii go\u015bcimy Ks. kan. p\u0142k. Mariusza Stolarczyka, kt\u00f3ry dzisiaj S\u0142owo Bo\u017ce w ramach trwaj\u0105cego Nadzwyczajnego Roku Jubileuszowego. Dzi\u015b obchodzimy\u00a0\u015awiatowy Dzie\u0144 \u017bycia Konsekrowanego, ofiary z\u0142o\u017cone na tac\u0119 zostanie przeznaczona na wparcie zakon\u00f3w kontemplacyjnych. Dzi\u0119kujemy Panu Bogu za [&hellip;]<\/p>\n","protected":false},"author":3,"featured_media":1807,"comment_status":"closed","ping_status":"closed","sticky":false,"template":"","format":"standard","meta":[],"categories":[35],"tags":[],"_links":{"self":[{"href":"http:\/\/www.elzbieta.archidiecezja.wroc.pl\/index.php?rest_route=\/wp\/v2\/posts\/3575"}],"collection":[{"href":"http:\/\/www.elzbieta.archidiecezja.wroc.pl\/index.php?rest_route=\/wp\/v2\/posts"}],"about":[{"href":"http:\/\/www.elzbieta.archidiecezja.wroc.pl\/index.php?rest_route=\/wp\/v2\/types\/post"}],"author":[{"embeddable":true,"href":"http:\/\/www.elzbieta.archidiecezja.wroc.pl\/index.php?rest_route=\/wp\/v2\/users\/3"}],"replies":[{"embeddable":true,"href":"http:\/\/www.elzbieta.archidiecezja.wroc.pl\/index.php?rest_route=%2Fwp%2Fv2%2Fcomments&post=3575"}],"version-history":[{"count":3,"href":"http:\/\/www.elzbieta.archidiecezja.wroc.pl\/index.php?rest_route=\/wp\/v2\/posts\/3575\/revisions"}],"predecessor-version":[{"id":3578,"href":"http:\/\/www.elzbieta.archidiecezja.wroc.pl\/index.php?rest_route=\/wp\/v2\/posts\/3575\/revisions\/3578"}],"wp:featuredmedia":[{"embeddable":true,"href":"http:\/\/www.elzbieta.archidiecezja.wroc.pl\/index.php?rest_route=\/wp\/v2\/media\/1807"}],"wp:attachment":[{"href":"http:\/\/www.elzbieta.archidiecezja.wroc.pl\/index.php?rest_route=%2Fwp%2Fv2%2Fmedia&parent=3575"}],"wp:term":[{"taxonomy":"category","embeddable":true,"href":"http:\/\/www.elzbieta.archidiecezja.wroc.pl\/index.php?rest_route=%2Fwp%2Fv2%2Fcategories&post=3575"},{"taxonomy":"post_tag","embeddable":true,"href":"http:\/\/www.elzbieta.archidiecezja.wroc.pl\/index.php?rest_route=%2Fwp%2Fv2%2Ftags&post=3575"}],"curies":[{"name":"wp","href":"https:\/\/api.w.org\/{rel}","templated":true}]}}