{"id":3568,"date":"2025-01-25T17:16:57","date_gmt":"2025-01-25T16:16:57","guid":{"rendered":"http:\/\/www.elzbieta.archidiecezja.wroc.pl\/?p=3568"},"modified":"2025-01-25T17:18:40","modified_gmt":"2025-01-25T16:18:40","slug":"iii-niedziela-zwykla-26-stycznia-2025","status":"publish","type":"post","link":"http:\/\/www.elzbieta.archidiecezja.wroc.pl\/?p=3568","title":{"rendered":"III NIEDZIELA ZWYK\u0141A &#8211; 26 stycznia 2025"},"content":{"rendered":"<p style=\"text-align: justify;\">1. Dzisiaj prze\u017cywamy\u00a0<span style=\"color: #ff6600;\"><strong>Niedziel\u0119 S\u0142owa Bo\u017cego<\/strong><\/span>. Przypominamy, \u017ce ka\u017cdego dnia p\u00f3\u0142godzinna lektura Pisma \u015awi\u0119tego pozwala uzyska\u0107 odpust zupe\u0142ny pod zwyk\u0142ymi warunkami, a kr\u00f3tsza odpust cz\u0105stkowy.<\/p>\n<p style=\"text-align: justify;\">Serdecznie zapraszamy <strong>do naszej Bazyliki<\/strong> dzi\u015b na godzin\u0119 <span style=\"color: #008000;\"><strong>19:00 <\/strong><\/span>na <strong><span style=\"color: #008000;\">koncert ch\u00f3r\u00f3w<\/span> <\/strong><strong>w ramach XXII Ekumenicznego Spotkania Noworocznego.<\/strong><\/p>\n<p style=\"text-align: justify;\">2. W ramach obchod\u00f3w <strong>Roku Jubileuszowego 2025<\/strong> w dniach <span style=\"color: #ff6600;\"><strong>31 stycznia <\/strong><strong>\u2013 8 lutego<\/strong> <\/span>go\u015bci\u0107 b\u0119dziemy <strong>w naszej Parafii<\/strong> <span style=\"color: #0000ff;\"><strong>Obraz<\/strong> <strong>Matki Bo\u017cej \u0141askawej<\/strong><\/span><strong> Patronki Warszawy i Stra\u017cniczki Polski, <\/strong>peregrynuj\u0105cy po parafiach Ordynariatu Polowego.<\/p>\n<p style=\"text-align: justify;\">W zwi\u0105zku z tym w najbli\u017cszy <strong>pi\u0105tek<\/strong> <span style=\"color: #ff6600;\"><strong>31 stycznia o godz. 17:45<\/strong> <\/span><strong>w\u00a0naszej Bazylice odb\u0119dzie si\u0119 <\/strong><strong><span style=\"color: #ff6600;\">uroczyste powitanie<\/span> <span style=\"color: #0000ff;\">O<\/span><\/strong><span style=\"color: #0000ff;\"><strong>brazu Matki Bo\u017cej \u0141askawej.<\/strong><\/span><\/p>\n<p style=\"text-align: justify;\"><strong>\u00a0<\/strong>R\u00f3wnie\u017c<strong> tego dnia <\/strong><span style=\"color: #339966;\"><strong>o godz. 19:00 <\/strong><\/span><strong>odb\u0119dzie si\u0119 <\/strong><strong>u<span style=\"color: #339966;\">roczysty koncert organowy <\/span><\/strong><strong>z okazji <\/strong><strong><span style=\"color: #339966;\">3. rocznicy<\/span> <\/strong><strong>po\u015bwi\u0119cenia i\u00a0inauguracji odbudowanych organ\u00f3w Michaela Englera. <\/strong>Serdecznie zapraszamy na te wydarzenia.<\/p>\n<p style=\"text-align: justify;\">3. W <strong>sobot\u0119 1 lutego<\/strong> <strong>po Mszy \u015bw. o 8:00<\/strong> zapraszamy do udzia\u0142u w\u00a0<strong>nabo\u017ce\u0144stwie wynagradzaj\u0105cym Niepokalanemu Sercu Maryi<\/strong> z racji pierwszej soboty miesi\u0105ca. Modli\u0107 b\u0119dziemy si\u0119 przed <span style=\"color: #0000ff;\"><strong>Obrazem<\/strong> <strong>Matki Bo\u017cej \u0141askawej<\/strong><\/span>. Tego dnia w\u00a0godzinach porannych udamy si\u0119 z <strong>pos\u0142ug\u0105 sakramentaln\u0105 do chorych<\/strong> z\u00a0naszej parafii.<\/p>\n<p style=\"text-align: justify;\">4. <span style=\"color: #008080;\"><strong>W przysz\u0142\u0105 niedziel\u0119 2 lutego <\/strong><\/span>b\u0119dziemy prze\u017cywa\u0107\u00a0<span style=\"color: #008080;\"><strong>Ofiarowanie Pa\u0144skie<\/strong><\/span>, nazywane r\u00f3wnie\u017c \u015bwi\u0119tem <strong>Matki Bo\u017cej Gromnicznej<\/strong>. Na rozpocz\u0119cie ka\u017cdej Mszy \u015awi\u0119tej pob\u0142ogos\u0142awimy \u015bwiece, kt\u00f3rych blask ma wskazywa\u0107 na Pana Jezusa.\u00a0<strong>Tego dnia\u00a0<\/strong>obchodzimy\u00a0<strong>\u015awiatowy Dzie\u0144 \u017bycia Konsekrowanego, <\/strong>ofiary z\u0142o\u017cone na tac\u0119 zostanie przeznaczona na wparcie zakon\u00f3w kontemplacyjnych. Dzi\u0119kujemy Panu Bogu za powo\u0142ania do \u017cycia zakonnego w\u00a0Ko\u015bciele, za siostry i braci zakonnych i\u00a0inne osoby konsekrowane. <span style=\"color: #0000ff;\"><strong>Po ka\u017cdej Mszy \u015bw. zapraszamy na kr\u00f3tk\u0105 prelekcj\u0119 po\u015bwi\u0119con\u0105 historii Obrazu Matki Bo\u017cej \u0141askawej.<\/strong><\/span><\/p>\n<p style=\"text-align: justify;\">5. <strong>W tym tygodniu wspominamy:<\/strong><\/p>\n<p style=\"text-align: justify;\">\u2013 we wtorek <strong><em>\u015bw. Tomasza z Akwinu<\/em><\/strong><em>,<\/em><\/p>\n<p style=\"text-align: justify;\">\u2013 w pi\u0105tek <strong><em>\u015bw. Jana Bosko<\/em><\/strong><em>.<\/em><\/p>\n<p style=\"text-align: justify;\"><em>6. <\/em><strong>Solenizantom i jubilatom <\/strong>rozpoczynaj\u0105cego si\u0119 tygodnia \u017cyczymy zdrowia, potrzebnych \u0142ask oraz Bo\u017cego b\u0142ogos\u0142awie\u0144stwa.<\/p>\n<p><a href=\"http:\/\/www.elzbieta.archidiecezja.wroc.pl\/wp-content\/uploads\/2025\/01\/perygrynacja.png\"><img decoding=\"async\" loading=\"lazy\" class=\"alignnone size-full wp-image-3571\" src=\"http:\/\/www.elzbieta.archidiecezja.wroc.pl\/wp-content\/uploads\/2025\/01\/perygrynacja.png\" alt=\"\" srcset=\"http:\/\/www.elzbieta.archidiecezja.wroc.pl\/wp-content\/uploads\/2025\/01\/perygrynacja.png 1426w, http:\/\/www.elzbieta.archidiecezja.wroc.pl\/wp-content\/uploads\/2025\/01\/perygrynacja-300x212.png 300w, http:\/\/www.elzbieta.archidiecezja.wroc.pl\/wp-content\/uploads\/2025\/01\/perygrynacja-1024x725.png 1024w, http:\/\/www.elzbieta.archidiecezja.wroc.pl\/wp-content\/uploads\/2025\/01\/perygrynacja-768x543.png 768w\" sizes=\"(max-width: 1426px) 100vw, 1426px\" \/><\/a><\/p>\n","protected":false},"excerpt":{"rendered":"<p>1. Dzisiaj prze\u017cywamy\u00a0Niedziel\u0119 S\u0142owa Bo\u017cego. Przypominamy, \u017ce ka\u017cdego dnia p\u00f3\u0142godzinna lektura Pisma \u015awi\u0119tego pozwala uzyska\u0107 odpust zupe\u0142ny pod zwyk\u0142ymi warunkami, a kr\u00f3tsza odpust cz\u0105stkowy. Serdecznie zapraszamy do naszej Bazyliki dzi\u015b na godzin\u0119 19:00 na koncert ch\u00f3r\u00f3w w ramach XXII Ekumenicznego Spotkania Noworocznego. 2. W ramach obchod\u00f3w Roku Jubileuszowego 2025 w dniach 31 stycznia \u2013 8 [&hellip;]<\/p>\n","protected":false},"author":3,"featured_media":3212,"comment_status":"closed","ping_status":"closed","sticky":false,"template":"","format":"standard","meta":[],"categories":[35],"tags":[],"_links":{"self":[{"href":"http:\/\/www.elzbieta.archidiecezja.wroc.pl\/index.php?rest_route=\/wp\/v2\/posts\/3568"}],"collection":[{"href":"http:\/\/www.elzbieta.archidiecezja.wroc.pl\/index.php?rest_route=\/wp\/v2\/posts"}],"about":[{"href":"http:\/\/www.elzbieta.archidiecezja.wroc.pl\/index.php?rest_route=\/wp\/v2\/types\/post"}],"author":[{"embeddable":true,"href":"http:\/\/www.elzbieta.archidiecezja.wroc.pl\/index.php?rest_route=\/wp\/v2\/users\/3"}],"replies":[{"embeddable":true,"href":"http:\/\/www.elzbieta.archidiecezja.wroc.pl\/index.php?rest_route=%2Fwp%2Fv2%2Fcomments&post=3568"}],"version-history":[{"count":3,"href":"http:\/\/www.elzbieta.archidiecezja.wroc.pl\/index.php?rest_route=\/wp\/v2\/posts\/3568\/revisions"}],"predecessor-version":[{"id":3572,"href":"http:\/\/www.elzbieta.archidiecezja.wroc.pl\/index.php?rest_route=\/wp\/v2\/posts\/3568\/revisions\/3572"}],"wp:featuredmedia":[{"embeddable":true,"href":"http:\/\/www.elzbieta.archidiecezja.wroc.pl\/index.php?rest_route=\/wp\/v2\/media\/3212"}],"wp:attachment":[{"href":"http:\/\/www.elzbieta.archidiecezja.wroc.pl\/index.php?rest_route=%2Fwp%2Fv2%2Fmedia&parent=3568"}],"wp:term":[{"taxonomy":"category","embeddable":true,"href":"http:\/\/www.elzbieta.archidiecezja.wroc.pl\/index.php?rest_route=%2Fwp%2Fv2%2Fcategories&post=3568"},{"taxonomy":"post_tag","embeddable":true,"href":"http:\/\/www.elzbieta.archidiecezja.wroc.pl\/index.php?rest_route=%2Fwp%2Fv2%2Ftags&post=3568"}],"curies":[{"name":"wp","href":"https:\/\/api.w.org\/{rel}","templated":true}]}}