{"id":3562,"date":"2025-01-18T14:49:18","date_gmt":"2025-01-18T13:49:18","guid":{"rendered":"http:\/\/www.elzbieta.archidiecezja.wroc.pl\/?p=3562"},"modified":"2025-01-18T14:50:35","modified_gmt":"2025-01-18T13:50:35","slug":"druga-niedziela-zwykla-19-stycznia-2025","status":"publish","type":"post","link":"http:\/\/www.elzbieta.archidiecezja.wroc.pl\/?p=3562","title":{"rendered":"DRUGA NIEDZIELA ZWYK\u0141A &#8211; 19 stycznia 2025"},"content":{"rendered":"<p style=\"text-align: justify;\">1. Dzisiaj obchodzimy <span style=\"color: #339966;\"><strong>drug\u0105 niedziel\u0119 zwyk\u0142\u0105<\/strong><\/span>.<\/p>\n<p style=\"text-align: justify;\">O godz. <span style=\"color: #ff6600;\"><strong>12:00<\/strong> <\/span>w naszej Bazylice odb\u0119dzie si\u0119\u00a0<span style=\"color: #ff6600;\"><em><strong>Msza\u00a0\u015bw. w intencji Ojczyzny<br \/>\nz okazji 162. Rocznicy Powstania Styczniowego<\/strong><\/em>.<\/span><\/p>\n<p style=\"text-align: justify;\">Na godz. <span style=\"color: #0000ff;\"><strong>13:00<\/strong> <\/span>zapraszamy na <span style=\"color: #0000ff;\"><strong>koncert kol\u0119d i pastora\u0142ek<\/strong> <\/span>w wykonaniu <strong>ch\u00f3ru \u201eOstinato\u201d<\/strong> z Wroc\u0142awia.<\/p>\n<p style=\"text-align: justify;\">2. <strong>We wtorek 21 stycznia <\/strong>obchodzimy\u00a0<span style=\"color: #993300;\"><em><strong>Dzie\u0144 Babci<\/strong><\/em><\/span>, a w \u015brod\u0119 <strong>22 stycznia<\/strong> <span style=\"color: #993300;\"><em><strong>Dzie\u0144 Dziadka<\/strong><\/em><\/span>. Z\u00a0tej\u00a0okazji wszystkim Babciom i Dziadkom sk\u0142adamy serdeczne \u017cyczenia i\u00a0zapewniamy o\u00a0modlitwie. Zmar\u0142ych polecamy Bo\u017cemu Mi\u0142osierdziu.<\/p>\n<p style=\"text-align: justify;\">3. <strong>W tym tygodniu wspominamy:<\/strong><\/p>\n<p style=\"text-align: justify;\">\u2013 we wtorek <strong><em>\u015bw. Agnieszk\u0119<\/em><\/strong><em>,<\/em><\/p>\n<p style=\"text-align: justify;\">\u2013 w pi\u0105tek <strong><em>\u015bw. Franciszka Salezego<\/em><\/strong><em>,<\/em><\/p>\n<p style=\"text-align: justify;\">\u2013 w sobot\u0119 <strong><em>\u015bwi\u0119to Nawr\u00f3cenia \u015bw. Paw\u0142a Aposto\u0142a<\/em><\/strong><em>,<\/em><\/p>\n<p style=\"text-align: justify;\">4. <span style=\"color: #008000;\"><strong>W przysz\u0142\u0105 niedziel\u0119<\/strong> <strong>26 stycznia<\/strong> <\/span>b\u0119dziemy prze\u017cywa\u0107 <strong>Niedziel\u0119 S\u0142owa Bo\u017cego<\/strong>. Przypominamy, \u017ce ka\u017cdego dnia p\u00f3\u0142godzinna lektura Pisma \u015awi\u0119tego pozwala uzyska\u0107 odpust zupe\u0142ny pod zwyk\u0142ymi warunkami, a kr\u00f3tsza odpust cz\u0105stkowy.<\/p>\n<p style=\"text-align: justify;\"><strong>Tego dnia w ca\u0142ej Archidiecezji Wroc\u0142awskiej<\/strong> <strong>b\u0119d\u0105 zbierane do puszek ofiary przeznaczone na rzecz remontu zabytkowych katedralnych organ\u00f3w.<\/strong><\/p>\n<p style=\"text-align: justify;\">R\u00f3wnie\u017c <strong>za tydzie\u0144<\/strong> serdecznie zapraszamy <strong>do naszej Bazyliki<\/strong> na godzin\u0119 <strong><span style=\"color: #008000;\">19:00 <\/span><\/strong><strong>na <\/strong><strong><span style=\"color: #008000;\">koncert ch\u00f3r\u00f3w<\/span> <\/strong><strong>w ramach XXII Ekumenicznego Spotkania Noworocznego.<\/strong><\/p>\n<p style=\"text-align: justify;\">5. W ramach obchod\u00f3w <strong>Roku Jubileuszowego 2025<\/strong> w dniach <span style=\"color: #ff6600;\"><strong>31 stycznia \u2013 8 lutego<\/strong><\/span> go\u015bci\u0107 b\u0119dziemy <strong>w naszej Parafii<\/strong> <strong>o<span style=\"color: #0000ff;\">braz<\/span><\/strong><span style=\"color: #0000ff;\"> <strong>Matki Bo\u017cej \u0141askawej<\/strong><\/span><strong> Patronki Warszawy i Stra\u017cniczki Polski, <\/strong>peregrynuj\u0105cy po parafiach Ordynariatu Polowego.<\/p>\n<p style=\"text-align: justify;\">W zwi\u0105zku z tym w <strong>pi\u0105tek<\/strong> <span style=\"color: #ff6600;\"><strong>31 stycznia o godz. 18:00<\/strong><\/span> <strong>w\u00a0naszej Bazylice <\/strong>odb\u0119dzie si\u0119 <strong>Msza \u015bw<\/strong>. z <span style=\"color: #ff6600;\"><strong>uroczystym powitaniem <\/strong><\/span><span style=\"color: #0000ff;\"><strong>obrazu <\/strong><strong>Matki Bo\u017cej \u0141askawej<\/strong><\/span><strong>.<\/strong><\/p>\n<p style=\"text-align: justify;\">R\u00f3wnie\u017c<strong> tego dnia <\/strong><span style=\"color: #808000;\"><strong>o godz. 19:00 <\/strong><\/span><strong>odb\u0119dzie si\u0119 <\/strong><strong><span style=\"color: #808000;\">uroczysty koncert organowy <\/span><\/strong><strong>z okazji <\/strong><strong><span style=\"color: #808000;\">3. rocznicy<\/span> <\/strong><strong>po\u015bwi\u0119cenia i\u00a0inauguracji odbudowanych organ\u00f3w Michaela Englera. <\/strong>Ju\u017c teraz serdecznie zapraszamy na te wydarzenia.<\/p>\n<p style=\"text-align: justify;\">6. <strong>Solenizantom i jubilatom <\/strong>rozpoczynaj\u0105cego si\u0119 tygodnia \u017cyczymy zdrowia, potrzebnych \u0142ask oraz Bo\u017cego b\u0142ogos\u0142awie\u0144stwa.<\/p>\n","protected":false},"excerpt":{"rendered":"<p>1. Dzisiaj obchodzimy drug\u0105 niedziel\u0119 zwyk\u0142\u0105. O godz. 12:00 w naszej Bazylice odb\u0119dzie si\u0119\u00a0Msza\u00a0\u015bw. w intencji Ojczyzny z okazji 162. Rocznicy Powstania Styczniowego. Na godz. 13:00 zapraszamy na koncert kol\u0119d i pastora\u0142ek w wykonaniu ch\u00f3ru \u201eOstinato\u201d z Wroc\u0142awia. 2. We wtorek 21 stycznia obchodzimy\u00a0Dzie\u0144 Babci, a w \u015brod\u0119 22 stycznia Dzie\u0144 Dziadka. Z\u00a0tej\u00a0okazji wszystkim Babciom [&hellip;]<\/p>\n","protected":false},"author":3,"featured_media":1577,"comment_status":"closed","ping_status":"closed","sticky":false,"template":"","format":"standard","meta":[],"categories":[35],"tags":[],"_links":{"self":[{"href":"http:\/\/www.elzbieta.archidiecezja.wroc.pl\/index.php?rest_route=\/wp\/v2\/posts\/3562"}],"collection":[{"href":"http:\/\/www.elzbieta.archidiecezja.wroc.pl\/index.php?rest_route=\/wp\/v2\/posts"}],"about":[{"href":"http:\/\/www.elzbieta.archidiecezja.wroc.pl\/index.php?rest_route=\/wp\/v2\/types\/post"}],"author":[{"embeddable":true,"href":"http:\/\/www.elzbieta.archidiecezja.wroc.pl\/index.php?rest_route=\/wp\/v2\/users\/3"}],"replies":[{"embeddable":true,"href":"http:\/\/www.elzbieta.archidiecezja.wroc.pl\/index.php?rest_route=%2Fwp%2Fv2%2Fcomments&post=3562"}],"version-history":[{"count":5,"href":"http:\/\/www.elzbieta.archidiecezja.wroc.pl\/index.php?rest_route=\/wp\/v2\/posts\/3562\/revisions"}],"predecessor-version":[{"id":3567,"href":"http:\/\/www.elzbieta.archidiecezja.wroc.pl\/index.php?rest_route=\/wp\/v2\/posts\/3562\/revisions\/3567"}],"wp:featuredmedia":[{"embeddable":true,"href":"http:\/\/www.elzbieta.archidiecezja.wroc.pl\/index.php?rest_route=\/wp\/v2\/media\/1577"}],"wp:attachment":[{"href":"http:\/\/www.elzbieta.archidiecezja.wroc.pl\/index.php?rest_route=%2Fwp%2Fv2%2Fmedia&parent=3562"}],"wp:term":[{"taxonomy":"category","embeddable":true,"href":"http:\/\/www.elzbieta.archidiecezja.wroc.pl\/index.php?rest_route=%2Fwp%2Fv2%2Fcategories&post=3562"},{"taxonomy":"post_tag","embeddable":true,"href":"http:\/\/www.elzbieta.archidiecezja.wroc.pl\/index.php?rest_route=%2Fwp%2Fv2%2Ftags&post=3562"}],"curies":[{"name":"wp","href":"https:\/\/api.w.org\/{rel}","templated":true}]}}