{"id":3557,"date":"2025-01-12T09:30:12","date_gmt":"2025-01-12T08:30:12","guid":{"rendered":"http:\/\/www.elzbieta.archidiecezja.wroc.pl\/?p=3557"},"modified":"2025-01-12T09:30:45","modified_gmt":"2025-01-12T08:30:45","slug":"niedziela-chrztu-panskiego-12-stycznia-2025","status":"publish","type":"post","link":"http:\/\/www.elzbieta.archidiecezja.wroc.pl\/?p=3557","title":{"rendered":"NIEDZIELA CHRZTU PA\u0143SKIEGO &#8211; 12 stycznia 2025"},"content":{"rendered":"<p style=\"text-align: justify;\">1. Dzisiaj obchodzimy <span style=\"color: #ff0000;\"><strong>Niedziel\u0119 Chrztu Pa\u0144skiego<\/strong><\/span>, kt\u00f3ra ko\u0144czy okres Narodzenia Pa\u0144skiego. Jednak zgodnie z polsk\u0105 tradycj\u0105, przed\u0142u\u017camy \u015bpiewanie kol\u0119d oraz\u00a0bo\u017conarodzeniowy wystr\u00f3j naszej \u015bwi\u0105tyni do 2 lutego, czyli do\u00a0<strong>\u015awi\u0119ta <em>Ofiarowania Pa\u0144skiego<\/em><\/strong>.<\/p>\n<p style=\"text-align: justify;\">2. W dniach <strong>od 18 do 25 stycznia b\u0119dziemy prze\u017cywa\u0107 <\/strong><span style=\"color: #0000ff;\"><strong>Tydzie\u0144 Powszechnej Modlitwy o\u00a0Jedno\u015b\u0107 Chrze\u015bcijan<\/strong><\/span> pod has\u0142em: <em>\u201eCzy wierzysz w to?\u201d <\/em><em>(J 11, 26)<\/em><em>.<\/em> W\u0142\u0105czmy si\u0119 w to dzie\u0142o poprzez wsp\u00f3lnotow\u0105 i\u00a0osobist\u0105 modlitw\u0119.<\/p>\n<p style=\"text-align: justify;\">3.W pi\u0105tek wspominamy <strong><em>\u015bw. Antoniego<\/em><\/strong><em> \u2013 opata.<\/em><\/p>\n<p style=\"text-align: justify;\">4. <strong>Do wtorku 14 stycznia trwa <\/strong><strong><span style=\"color: #339966;\">wizyta duszpasterska<\/span> <\/strong><strong>w naszej Parafii.<\/strong> Serdecznie dzi\u0119kujemy za otwarto\u015b\u0107, wsp\u00f3ln\u0105 modlitw\u0119 oraz mi\u0142e spotkanie.<\/p>\n<p style=\"text-align: justify;\">Osoby, kt\u00f3re chcia\u0142yby jeszcze zaprosi\u0107 na \u201ekol\u0119d\u0119\u201d, prosimy o zg\u0142oszenie si\u0119 do zakrystii lub kancelarii parafialnej.<\/p>\n<p style=\"text-align: justify;\">5. W ramach obchod\u00f3w <strong>Roku Jubileuszowego 2025<\/strong> w dniach <span style=\"color: #ff9900;\"><strong>31 stycznia <\/strong><strong>\u2013 8 lutego<\/strong><\/span> go\u015bci\u0107 b\u0119dziemy <strong>w naszej Parafii<\/strong> <span style=\"color: #3366ff;\"><strong>obraz<\/strong> <strong>Matki Bo\u017cej \u0141askawej<\/strong><\/span><strong> Patronki Warszawy i Stra\u017cniczki Polski, <\/strong>peregrynuj\u0105cy po parafiach Ordynariatu Polowego.<\/p>\n<p style=\"text-align: justify;\">W zwi\u0105zku z tym w <strong>pi\u0105tek<\/strong> <span style=\"color: #ff9900;\"><strong>31 stycznia o godz. 18:00<\/strong><\/span> <strong>w\u00a0naszej Bazylice <\/strong>odb\u0119dzie si\u0119 <strong>Msza \u015bw<\/strong>. z <span style=\"color: #ff9900;\"><strong>uroczystym powitaniem <\/strong><\/span><span style=\"color: #3366ff;\"><strong>obrazu <\/strong><strong>Matki Bo\u017cej \u0141askawej<\/strong><strong>.<\/strong><\/span><\/p>\n<p style=\"text-align: justify;\">R\u00f3wnie\u017c<strong> tego dnia <\/strong><strong><span style=\"color: #339966;\">o godz. 19:00<\/span> <\/strong><strong>odb\u0119dzie si\u0119 <\/strong><span style=\"color: #339966;\"><strong>uroczysty koncert organowy <\/strong><\/span><strong>z okazji <\/strong><span style=\"color: #339966;\"><strong>3. rocznicy <\/strong><\/span><strong>po\u015bwi\u0119cenia i inauguracji odbudowanych organ\u00f3w Michaela Englera.<br \/>\n<\/strong>Ju\u017c teraz serdecznie zapraszamy na te wydarzenia.<\/p>\n<p style=\"text-align: justify;\">6. Podczas ostatniej kwesty wolontariusze parafialnego <span style=\"color: #ff0000;\"><strong>Caritas<\/strong><\/span> zebrali do\u00a0puszek ofiary na kwot\u0119 <strong>759 z\u0142<\/strong>. <strong>B\u00f3g zap\u0142a\u0107 za z\u0142o\u017cone ofiary<\/strong>.<\/p>\n<p style=\"text-align: justify;\">7.<strong> Solenizantom i jubilatom <\/strong>rozpoczynaj\u0105cego si\u0119 tygodnia \u017cyczymy zdrowia, potrzebnych \u0142ask oraz Bo\u017cego b\u0142ogos\u0142awie\u0144stwa.<\/p>\n","protected":false},"excerpt":{"rendered":"<p>1. Dzisiaj obchodzimy Niedziel\u0119 Chrztu Pa\u0144skiego, kt\u00f3ra ko\u0144czy okres Narodzenia Pa\u0144skiego. Jednak zgodnie z polsk\u0105 tradycj\u0105, przed\u0142u\u017camy \u015bpiewanie kol\u0119d oraz\u00a0bo\u017conarodzeniowy wystr\u00f3j naszej \u015bwi\u0105tyni do 2 lutego, czyli do\u00a0\u015awi\u0119ta Ofiarowania Pa\u0144skiego. 2. W dniach od 18 do 25 stycznia b\u0119dziemy prze\u017cywa\u0107 Tydzie\u0144 Powszechnej Modlitwy o\u00a0Jedno\u015b\u0107 Chrze\u015bcijan pod has\u0142em: \u201eCzy wierzysz w to?\u201d (J 11, 26). W\u0142\u0105czmy [&hellip;]<\/p>\n","protected":false},"author":3,"featured_media":1270,"comment_status":"closed","ping_status":"closed","sticky":false,"template":"","format":"standard","meta":[],"categories":[35],"tags":[],"_links":{"self":[{"href":"http:\/\/www.elzbieta.archidiecezja.wroc.pl\/index.php?rest_route=\/wp\/v2\/posts\/3557"}],"collection":[{"href":"http:\/\/www.elzbieta.archidiecezja.wroc.pl\/index.php?rest_route=\/wp\/v2\/posts"}],"about":[{"href":"http:\/\/www.elzbieta.archidiecezja.wroc.pl\/index.php?rest_route=\/wp\/v2\/types\/post"}],"author":[{"embeddable":true,"href":"http:\/\/www.elzbieta.archidiecezja.wroc.pl\/index.php?rest_route=\/wp\/v2\/users\/3"}],"replies":[{"embeddable":true,"href":"http:\/\/www.elzbieta.archidiecezja.wroc.pl\/index.php?rest_route=%2Fwp%2Fv2%2Fcomments&post=3557"}],"version-history":[{"count":2,"href":"http:\/\/www.elzbieta.archidiecezja.wroc.pl\/index.php?rest_route=\/wp\/v2\/posts\/3557\/revisions"}],"predecessor-version":[{"id":3559,"href":"http:\/\/www.elzbieta.archidiecezja.wroc.pl\/index.php?rest_route=\/wp\/v2\/posts\/3557\/revisions\/3559"}],"wp:featuredmedia":[{"embeddable":true,"href":"http:\/\/www.elzbieta.archidiecezja.wroc.pl\/index.php?rest_route=\/wp\/v2\/media\/1270"}],"wp:attachment":[{"href":"http:\/\/www.elzbieta.archidiecezja.wroc.pl\/index.php?rest_route=%2Fwp%2Fv2%2Fmedia&parent=3557"}],"wp:term":[{"taxonomy":"category","embeddable":true,"href":"http:\/\/www.elzbieta.archidiecezja.wroc.pl\/index.php?rest_route=%2Fwp%2Fv2%2Fcategories&post=3557"},{"taxonomy":"post_tag","embeddable":true,"href":"http:\/\/www.elzbieta.archidiecezja.wroc.pl\/index.php?rest_route=%2Fwp%2Fv2%2Ftags&post=3557"}],"curies":[{"name":"wp","href":"https:\/\/api.w.org\/{rel}","templated":true}]}}