{"id":3542,"date":"2025-01-04T13:21:55","date_gmt":"2025-01-04T12:21:55","guid":{"rendered":"http:\/\/www.elzbieta.archidiecezja.wroc.pl\/?p=3542"},"modified":"2025-01-08T20:31:33","modified_gmt":"2025-01-08T19:31:33","slug":"ii-niedziela-po-narodzeniu-panskim-5-stycznia-2025","status":"publish","type":"post","link":"http:\/\/www.elzbieta.archidiecezja.wroc.pl\/?p=3542","title":{"rendered":"II Niedziela po Narodzeniu Pa\u0144skim &#8211; 5 stycznia 2025"},"content":{"rendered":"<p><span style=\"font-size: 12pt; font-family: georgia, palatino, serif;\">1. Dzisiaj obchodzimy <strong><span style=\"color: #ff0000;\">II NIEDZIEL\u0118 PO NARODZENIU PA\u0143SKIM.<\/span><\/strong><br \/>\n<strong>W naszej parafii go\u015bcimy dzisiaj Ks. kan. p\u0142k. Zenona Surm\u0119, kt\u00f3ry g\u0142osi dzisiaj S\u0142owo Bo\u017ce w ramach trwaj\u0105cego Nadzwyczajnego Roku Jubileuszowego.<\/strong><\/span><\/p>\n<p><span style=\"font-size: 12pt; font-family: georgia, palatino, serif;\">2. W poniedzia\u0142ek<span style=\"color: #ff6600;\"> <strong>6 stycznia<\/strong><\/span> b\u0119dziemy prze\u017cywa\u0107<span style=\"color: #ff6600;\"><strong> Uroczysto\u015b\u0107 Objawienia Pa\u0144skiego (Trzech Kr\u00f3li). <\/strong><\/span>Msz\u0119 \u015bw. w tym dniu b\u0119d\u0105 sprawowane <strong>w porz\u0105dku niedzielnym<\/strong>. Podczas ka\u017cdej Mszy \u015bw. po\u015bwi\u0119cenie\u00a0<strong>kredy <\/strong>i\u00a0<strong>kadzid\u0142a<\/strong>.\u00a0 <strong>Serdecznie zapraszamy tego dnia do naszej bazyliki na <span style=\"color: #339966;\">koncert noworoczny<\/span>\u00a0 o godz. 19:00<\/strong>. Podczas koncertu, kt\u00f3rego dyrygentem b\u0119dzie Alan Urbanek wraz z Ch\u00f3rem Gaudium Uniwersytetu Wroc\u0142awskiego oraz Ch\u00f3rem Uniwersytetu Przyrodniczego we Wroc\u0142awiu zagrane i\u00a0za\u015bpiewane zostan\u0105 znane kol\u0119dy i pastora\u0142ki.\u00a0 Koncert jest bezp\u0142atny dla publiczno\u015bci. Wst\u0119p wolny.<\/span><\/p>\n<p><span style=\"font-family: georgia, palatino, serif; font-size: 12pt;\">3<strong>. W przysz\u0142\u0105 niedziel\u0119<\/strong> przypada <strong>\u015bwi\u0119to<\/strong> <strong>Chrztu Pa\u0144skiego<\/strong> ko\u0144cz\u0105ce liturgiczny okres Narodzenia Pa\u0144skiego.<\/span><\/p>\n<p><span style=\"font-family: georgia, palatino, serif; font-size: 12pt;\">4<strong>. <\/strong><strong>W dniach <\/strong><span style=\"color: #3366ff;\"><strong>od 7 do 14 stycznia <\/strong><\/span>udamy si\u0119 z <span style=\"color: #3366ff;\"><strong>wizyt\u0105 duszpastersk\u0105 <\/strong><\/span>do\u00a0wiernych naszej parafii<strong>, kt\u00f3rzy <u>zadeklaruj\u0105 tak\u0105 ch\u0119\u0107.<\/u> \u00a0<\/strong><strong>Ch\u0119tnych prosimy o zg\u0142aszanie si\u0119 do zakrystii lub kancelarii parafialnej do\u00a0dnia 6\u00a0stycznia w celu ustalenia dogodnego terminu <\/strong><span style=\"color: #3366ff;\"><strong>\u201ekol\u0119dy\u201d<\/strong><\/span><strong>.<\/strong><\/span><\/p>\n<p><span style=\"font-family: georgia, palatino, serif; font-size: 12pt;\">5. Dzi\u015b wolontariusze parafialnego <span style=\"color: #ff0000;\"><strong>Caritas<\/strong> <\/span>zbieraj\u0105 do puszek <strong>ofiary na pomoc dla\u00a0rodzin w trudnej sytuacji materialnej<\/strong>. Wszystkim ofiarodawcom dzi\u0119kujemy za okazane wsparcie.<\/span><\/p>\n<p><span style=\"font-family: georgia, palatino, serif; font-size: 12pt;\">6<strong>. Solenizantom i jubilatom <\/strong>rozpoczynaj\u0105cego si\u0119 tygodnia \u017cyczymy zdrowia, potrzebnych \u0142ask oraz Bo\u017cego b\u0142ogos\u0142awie\u0144stwa.<\/span><\/p>\n<p>&nbsp;<\/p>\n","protected":false},"excerpt":{"rendered":"<p>1. Dzisiaj obchodzimy II NIEDZIEL\u0118 PO NARODZENIU PA\u0143SKIM. W naszej parafii go\u015bcimy dzisiaj Ks. kan. p\u0142k. Zenona Surm\u0119, kt\u00f3ry g\u0142osi dzisiaj S\u0142owo Bo\u017ce w ramach trwaj\u0105cego Nadzwyczajnego Roku Jubileuszowego. 2. W poniedzia\u0142ek 6 stycznia b\u0119dziemy prze\u017cywa\u0107 Uroczysto\u015b\u0107 Objawienia Pa\u0144skiego (Trzech Kr\u00f3li). Msz\u0119 \u015bw. w tym dniu b\u0119d\u0105 sprawowane w porz\u0105dku niedzielnym. Podczas ka\u017cdej Mszy \u015bw. [&hellip;]<\/p>\n","protected":false},"author":3,"featured_media":3053,"comment_status":"closed","ping_status":"closed","sticky":false,"template":"","format":"standard","meta":[],"categories":[35],"tags":[],"_links":{"self":[{"href":"http:\/\/www.elzbieta.archidiecezja.wroc.pl\/index.php?rest_route=\/wp\/v2\/posts\/3542"}],"collection":[{"href":"http:\/\/www.elzbieta.archidiecezja.wroc.pl\/index.php?rest_route=\/wp\/v2\/posts"}],"about":[{"href":"http:\/\/www.elzbieta.archidiecezja.wroc.pl\/index.php?rest_route=\/wp\/v2\/types\/post"}],"author":[{"embeddable":true,"href":"http:\/\/www.elzbieta.archidiecezja.wroc.pl\/index.php?rest_route=\/wp\/v2\/users\/3"}],"replies":[{"embeddable":true,"href":"http:\/\/www.elzbieta.archidiecezja.wroc.pl\/index.php?rest_route=%2Fwp%2Fv2%2Fcomments&post=3542"}],"version-history":[{"count":12,"href":"http:\/\/www.elzbieta.archidiecezja.wroc.pl\/index.php?rest_route=\/wp\/v2\/posts\/3542\/revisions"}],"predecessor-version":[{"id":3555,"href":"http:\/\/www.elzbieta.archidiecezja.wroc.pl\/index.php?rest_route=\/wp\/v2\/posts\/3542\/revisions\/3555"}],"wp:featuredmedia":[{"embeddable":true,"href":"http:\/\/www.elzbieta.archidiecezja.wroc.pl\/index.php?rest_route=\/wp\/v2\/media\/3053"}],"wp:attachment":[{"href":"http:\/\/www.elzbieta.archidiecezja.wroc.pl\/index.php?rest_route=%2Fwp%2Fv2%2Fmedia&parent=3542"}],"wp:term":[{"taxonomy":"category","embeddable":true,"href":"http:\/\/www.elzbieta.archidiecezja.wroc.pl\/index.php?rest_route=%2Fwp%2Fv2%2Fcategories&post=3542"},{"taxonomy":"post_tag","embeddable":true,"href":"http:\/\/www.elzbieta.archidiecezja.wroc.pl\/index.php?rest_route=%2Fwp%2Fv2%2Ftags&post=3542"}],"curies":[{"name":"wp","href":"https:\/\/api.w.org\/{rel}","templated":true}]}}